{"id":139782,"date":"2025-09-26T09:36:09","date_gmt":"2025-09-26T09:36:09","guid":{"rendered":"https:\/\/www.europesays.com\/es\/139782\/"},"modified":"2025-09-26T09:36:09","modified_gmt":"2025-09-26T09:36:09","slug":"unicaja-i-menos-de-600-abonos-a-la-venta-para-la-supercopa-endesa-de-malaga-2025","status":"publish","type":"post","link":"https:\/\/www.europesays.com\/es\/139782\/","title":{"rendered":"UNICAJA I Menos de 600 abonos a la venta para la Supercopa Endesa de M\u00e1laga 2025"},"content":{"rendered":"<p class=\"ft-text\">Este fin de semana,<strong> la Supercopa Endesa cobrar\u00e1 todo el protagonismo del <\/strong><a class=\"ft-link ft-link--decoration\" href=\"https:\/\/www.laopiniondemalaga.es\/tags\/baloncesto\/\" target=\"_blank\" rel=\"nofollow noopener\"><strong>baloncesto<\/strong><\/a><strong> nacional.<\/strong> El Mart\u00edn Carpena acoger\u00e1 una cita en la que cuatro equipos buscar\u00e1n el primer t\u00edtulo de la temporada <a class=\"ft-link ft-link--decoration\" href=\"https:\/\/www.laopiniondemalaga.es\/deportes\/baloncesto\/acb\/clasificacion-liga.html\" rel=\"nofollow noopener\" target=\"_blank\">ACB<\/a>. <a class=\"ft-link ft-link--decoration\" href=\"https:\/\/www.laopiniondemalaga.es\/unicaja\/2025\/09\/24\/supercopa-endesa-malaga-2025-favorito-real-madrid-tenerife-valencia-unicaja-121918842.html\" rel=\"nofollow noopener\" target=\"_blank\">El s\u00e1bado 27, llegar\u00e1n las semifinales: Unicaja-Valencia (18 horas) y Real Madrid-La Laguna Tenerife (21 horas)<\/a>. El domingo jugar\u00e1n la final los dos equipos ganadores del s\u00e1bado, a partir de las 19 horas.<\/p>\n<p>\u00bfLleno total?<\/p>\n<p class=\"ft-text\">En las \u00faltimas horas, se ha acelerado la venta de abonos, que estaba algo estancada en las \u00faltimas semanas. A falta de menos de 48 horas para que arranque la primera semifinal en el Palacio<strong>, quedan menos de 600 abonos a la venta. <\/strong><\/p>\n<p>Precios<\/p>\n<p class=\"ft-text\">Los precios de los abonos para los tres partidos van desde los<strong> 50 euros del m\u00e1s barato hasta los 140 del m\u00e1s caro<\/strong>. Tambi\u00e9n hay precios intermedios, de 55, 63, 70, 85, 100, 120 y 140 euros. Es probable que con el tir\u00f3n de \u00faltima hora, los abonos pr\u00e1cticamente se agoten. En el caso de que no sea as\u00ed, <strong>la organizaci\u00f3n pondr\u00e1 a la venta entradas sueltas para cada d\u00eda.<\/strong><\/p>\n<p>Cuarta vez en M\u00e1laga<\/p>\n<p class=\"ft-text\"><a class=\"ft-link ft-link--decoration\" href=\"https:\/\/www.laopiniondemalaga.es\/unicaja\/2025\/09\/25\/unicaja-afronta-cuarta-supercopa-endesa-malaga-carpena-121939100.html\" rel=\"nofollow noopener\" target=\"_blank\">El Mart\u00edn Carpena acoger\u00e1 la Supercopa Endesa por cuarta vez en su historia.<\/a> M\u00e1laga ha sido sede de esta competici\u00f3n en 2004, 2006 y 2015. Los ganadores en esas tres citas fueron el<strong> FC Barcelona, el Tau Cer\u00e1mica y de nuevo el FC Barcelona,<\/strong> respectivamente.<\/p>\n","protected":false},"excerpt":{"rendered":"Este fin de semana, la Supercopa Endesa cobrar\u00e1 todo el protagonismo del baloncesto nacional. El Mart\u00edn Carpena acoger\u00e1&hellip;\n","protected":false},"author":2,"featured_media":139783,"comment_status":"","ping_status":"","sticky":false,"template":"","format":"standard","meta":{"footnotes":""},"categories":[269],"tags":[45,38579,2914,299,298,6841,168,2917,4401,25,24,881,17305,8038,23,167,4611,6840,2246,2913],"class_list":{"0":"post-139782","1":"post","2":"type-post","3":"status-publish","4":"format-standard","5":"has-post-thumbnail","7":"category-baloncesto","8":"tag-45","9":"tag-38579","10":"tag-abonos","11":"tag-baloncesto","12":"tag-basketball","13":"tag-carpena","14":"tag-deportes","15":"tag-endesa","16":"tag-entradas","17":"tag-es","18":"tag-espana","19":"tag-fc-barcelona","20":"tag-martin-carpena","21":"tag-precios","22":"tag-spain","23":"tag-sports","24":"tag-supercopa","25":"tag-supercopa-endesa","26":"tag-unicaja","27":"tag-venta"},"share_on_mastodon":{"url":"","error":""},"_links":{"self":[{"href":"https:\/\/www.europesays.com\/es\/wp-json\/wp\/v2\/posts\/139782","targetHints":{"allow":["GET"]}}],"collection":[{"href":"https:\/\/www.europesays.com\/es\/wp-json\/wp\/v2\/posts"}],"about":[{"href":"https:\/\/www.europesays.com\/es\/wp-json\/wp\/v2\/types\/post"}],"author":[{"embeddable":true,"href":"https:\/\/www.europesays.com\/es\/wp-json\/wp\/v2\/users\/2"}],"replies":[{"embeddable":true,"href":"https:\/\/www.europesays.com\/es\/wp-json\/wp\/v2\/comments?post=139782"}],"version-history":[{"count":0,"href":"https:\/\/www.europesays.com\/es\/wp-json\/wp\/v2\/posts\/139782\/revisions"}],"wp:featuredmedia":[{"embeddable":true,"href":"https:\/\/www.europesays.com\/es\/wp-json\/wp\/v2\/media\/139783"}],"wp:attachment":[{"href":"https:\/\/www.europesays.com\/es\/wp-json\/wp\/v2\/media?parent=139782"}],"wp:term":[{"taxonomy":"category","embeddable":true,"href":"https:\/\/www.europesays.com\/es\/wp-json\/wp\/v2\/categories?post=139782"},{"taxonomy":"post_tag","embeddable":true,"href":"https:\/\/www.europesays.com\/es\/wp-json\/wp\/v2\/tags?post=139782"}],"curies":[{"name":"wp","href":"https:\/\/api.w.org\/{rel}","templated":true}]}}