{"id":139790,"date":"2025-09-26T09:40:35","date_gmt":"2025-09-26T09:40:35","guid":{"rendered":"https:\/\/www.europesays.com\/es\/139790\/"},"modified":"2025-09-26T09:40:35","modified_gmt":"2025-09-26T09:40:35","slug":"casa-en-flames-ahora-en-un-libro-que-anade-la-novela","status":"publish","type":"post","link":"https:\/\/www.europesays.com\/es\/139790\/","title":{"rendered":"&#8216;Casa en flames&#8217;, ahora en un libro: \u00bfqu\u00e9 a\u00f1ade la novela?"},"content":{"rendered":"<p><strong><a rel=\"noreferrer noopener nofollow\" href=\"https:\/\/elmon.cat\/es\/comunicacion\/tv3-cierra-el-ciclo-de-cine-catalan-de-junio-con-el-exito-de-casa-en-flames-1024732\/\" data-type=\"post\" data-id=\"1024698\" target=\"_blank\">Casa en flames<\/a>, la pel\u00edcula de gran \u00e9xito de <a rel=\"noreferrer noopener nofollow\" href=\"https:\/\/elmon.cat\/es\/comunicacion\/dani-de-la-orden-dirigira-la-casa-nostra-la-nueva-sitcom-de-3cat-953893\/\" data-type=\"post\" data-id=\"953548\" target=\"_blank\">Dani de la Orden<\/a>, ampl\u00eda su universo en una novela que acaba de salir a la venta<\/strong>. Este mediod\u00eda, se han dado detalles en una presentaci\u00f3n que tuvo como protagonista al escritor elegido para dar nueva vida a la historia. <strong>Albert Monreal<\/strong> ha creado \u201c<strong>cap\u00edtulos in\u00e9ditos<\/strong>\u201d que transforman en literatura la experiencia cinematogr\u00e1fica que tanta gente ha disfrutado desde su estreno en el verano de 2024. En todo momento, ha dejado claro que ha sido \u201c<strong>muy respetuoso<\/strong>\u201d con todos los aciertos del film: \u201c<strong>No quer\u00eda arruinar todo lo que he visto en pantalla<\/strong>\u201d, ha dicho el autor. <\/p>\n<p>Grup 62 tiene grandes expectativas puestas en este lanzamiento; una novela sobre la cual<strong> el director del film ha dicho que le da \u201crabia\u201d que el libro sea \u201cmejor\u201d que la pel\u00edcula: \u201cRabia u orgullo, ya no s\u00e9 qu\u00e9 sentir\u201d.<\/strong> Este ha sido un trabajo acumulativo, un encargo que lleg\u00f3 a Albert Monreal cuando la ficci\u00f3n a\u00fan no hab\u00eda recibido todos los premios y el reconocimiento como una de las m\u00e1s vistas en la historia del cine en catal\u00e1n. Ciertamente, ha sido todo un fen\u00f3meno sociol\u00f3gico de primer orden en el cual han cre\u00eddo que val\u00eda la pena profundizar.<\/p>\n<p><img decoding=\"async\" class=\"imgresponsive\" src=\"https:\/\/www.europesays.com\/es\/wp-content\/uploads\/2025\/09\/lescriptor-es-lalbert-monreal-guionista-i-excompany-de-feina-de-leduard-sola-j.-n.jpg\" alt=\"L'escriptor e\u0301s l'Albert Monreal, guionista i excompany de feina de l'Eduard Sola - J. N\" style=\"width: 100%;\" loading=\"lazy\"\/>El escritor es Albert Monreal, guionista y excompa\u00f1ero de trabajo de Eduard Sola | J. N<\/p>\n<p>Lo han pasado al formato literario porque cre\u00edan que dar\u00eda mucho de s\u00ed y ahora se muestran \u201c<strong>encantados<\/strong>\u201d con el resultado. \u00bfQu\u00e9 quer\u00edan? B\u00e1sicamente, \u201c<strong>profundizar en los personajes<\/strong>\u201d y \u201c<strong>revelar cosas de los vac\u00edos en el pasado que en la pel\u00edcula no se hab\u00edan tratado<\/strong>\u201d. Muchas cosas del libro le servir\u00e1n al guionista para la segunda pel\u00edcula, la que ahora estar\u00e1 condicionada porque este libro ha enriquecido sus personajes.<\/p>\n<p>El libro de Casa en flames respeta el argumento de la pel\u00edcula<\/p>\n<p><strong>En la novela se respeta 100% el argumento original de la pel\u00edcula, no hacen ning\u00fan experimento<\/strong>. A las personas que la hayan visto en el cine, se les desplegar\u00e1 un universo desconocido y un producto mucho m\u00e1s enriquecedor. Y todos aquellos que no la hayan visto, podr\u00e1n encontrar en ella \u00abuna gran novela\u00bb que hace un retrato \u00edntimo y contradictorio de una familia y sus desastres emocionales.<\/p>\n<p><img decoding=\"async\" class=\"imgresponsive\" src=\"https:\/\/www.europesays.com\/es\/wp-content\/uploads\/2025\/09\/lautor-ha-donat-detalls-sobre-el-proces-de-passar-de-la-pellicula-al-llibre-j.-n.jpg\" alt=\"L'autor ha donat detalls sobre el proce\u0301s de passar de la pel\u00b7li\u0301cula al llibre - J. N\" style=\"width: 100%;\" loading=\"lazy\"\/>El autor ha dado detalles sobre el proceso de pasar de la pel\u00edcula al libro | J. N<\/p>\n<p>El escritor ha explicado c\u00f3mo ha sido el proceso de hacer el salto del cine a la literatura, una propuesta que no suele verse porque normalmente se hace en el orden inverso. Desde un principio se sinti\u00f3 \u00ab<strong>totalmente seducido<\/strong>\u00bb por esta oferta, ya que la pel\u00edcula le hab\u00eda gustado mucho y cre\u00eda que podr\u00eda suponerle un reto literario muy interesante: \u00ab\u00bfC\u00f3mo pasamos al narrador de un libro este ojo que lo ve todo en una historia coral en la que cada personaje tiene su propia voz y su manera de leer los mismos hechos? <strong>\u00bfQui\u00e9n ten\u00eda que contar la historia? \u00bfQui\u00e9n la narra?<\/strong> Porque en la pel\u00edcula Montse destaca por encima de los dem\u00e1s, pero me parec\u00eda interesante que el lector pudiera entrar dentro de la cabeza de varios personajes\u00bb.<\/p>\n<p>Albert confiesa que le cost\u00f3 encontrar el enfoque y, sobre todo, el hecho de decidir qu\u00e9 personaje era mejor para narrar cada escena. Se ha apropiado de la historia, pero siempre dentro de sus posibilidades porque \u00abno quer\u00eda traicionar el esp\u00edritu ni las l\u00edneas maestras\u00bb de la historia de Casa en flames: \u00ab<strong>Respeto el argumento en su totalidad y en su esencia<\/strong>\u00ab.<\/p>\n<p><img decoding=\"async\" class=\"imgresponsive\" src=\"https:\/\/www.europesays.com\/es\/wp-content\/uploads\/2025\/09\/aixi-ha-estat-la-presentacio-del-llibre-de-casa-en-flames-j.-n.jpg\" alt=\"Aixi\u0301 ha estat la presentacio\u0301 del llibre de Casa en flames - J. N\" style=\"width: 100%;\" loading=\"lazy\"\/>As\u00ed ha sido la presentaci\u00f3n del libro de Casa en flames | J. N<\/p>\n<p>\u00bfQu\u00e9 a\u00f1ade el libro a la historia de la pel\u00edcula?<\/p>\n<p>\u00bfY c\u00f3mo lo ha enriquecido? Con una aproximaci\u00f3n al pasado de los personajes, algo que no se explica en la pel\u00edcula: \u00abPor ejemplo, dibujo c\u00f3mo se conocieron David y Carlos cuando ten\u00edan veintitantos a\u00f1os, c\u00f3mo fue la despedida de soltera de J\u00falia\u2026 episodios del pasado que contribuyen a entender c\u00f3mo se comporta en la actualidad cada personaje\u00bb. En este libro, pues, acaba de dibujar los personajes que aparecen \u00abpara poder entenderlos mejor en su complejidad\u00bb.<\/p>\n<p>Tambi\u00e9n ha a\u00f1adido alguna escena del presente, pero en ning\u00fan caso altera la estructura \u00abredonda\u00bb de la pel\u00edcula. Excompa\u00f1ero de trabajo de Eduard Sola, el guionista de la pel\u00edcula, han estado en contacto pero esta ha sido una tarea bastante individual del escritor: \u00abLe he ido preguntando si ver\u00eda coherente que un personaje hiciera algo, por ejemplo, pero me lo ha puesto todo muy f\u00e1cil a la hora de crear porque \u00e9l no se hab\u00eda detenido a pensar en c\u00f3mo hab\u00eda sido el pasado, cosa que me ha venido bien porque me hubiera condicionado mucho que lo hubiera hecho\u00bb.<\/p>\n<p><img decoding=\"async\" class=\"imgresponsive\" src=\"https:\/\/www.europesays.com\/es\/wp-content\/uploads\/2025\/09\/aquesta-es-la-portada-del-llibre-j.-n.jpg\" alt=\"Aquesta e\u0301s la portada del llibre - J. N\" style=\"width: auto; max-width: 100%\" loading=\"lazy\"\/>Esta es la portada del libro | J. N<\/p>\n<p>Otro tema relevante es el de la lengua. El libro est\u00e1 escrito en catal\u00e1n, pero ha mantenido partes en castellano y eso ha sido \u00abestimulante\u00bb: \u00ab<strong>Poder cambiar de lengua con ciertos personajes creo que es un buen gesto cultural, me gusta que se normalice y visualice el biling\u00fcismo<\/strong>. Que pueda sorprender en otro pa\u00eds que el libro est\u00e9 escrito en dos lenguas sin problema\u00bb.<\/p>\n","protected":false},"excerpt":{"rendered":"Casa en flames, la pel\u00edcula de gran \u00e9xito de Dani de la Orden, ampl\u00eda su universo en una&hellip;\n","protected":false},"author":2,"featured_media":139791,"comment_status":"","ping_status":"","sticky":false,"template":"","format":"standard","meta":{"footnotes":""},"categories":[172],"tags":[224,146,147,25,24,225,23],"class_list":{"0":"post-139790","1":"post","2":"type-post","3":"status-publish","4":"format-standard","5":"has-post-thumbnail","7":"category-libros","8":"tag-books","9":"tag-entertainment","10":"tag-entretenimiento","11":"tag-es","12":"tag-espana","13":"tag-libros","14":"tag-spain"},"share_on_mastodon":{"url":"","error":""},"_links":{"self":[{"href":"https:\/\/www.europesays.com\/es\/wp-json\/wp\/v2\/posts\/139790","targetHints":{"allow":["GET"]}}],"collection":[{"href":"https:\/\/www.europesays.com\/es\/wp-json\/wp\/v2\/posts"}],"about":[{"href":"https:\/\/www.europesays.com\/es\/wp-json\/wp\/v2\/types\/post"}],"author":[{"embeddable":true,"href":"https:\/\/www.europesays.com\/es\/wp-json\/wp\/v2\/users\/2"}],"replies":[{"embeddable":true,"href":"https:\/\/www.europesays.com\/es\/wp-json\/wp\/v2\/comments?post=139790"}],"version-history":[{"count":0,"href":"https:\/\/www.europesays.com\/es\/wp-json\/wp\/v2\/posts\/139790\/revisions"}],"wp:featuredmedia":[{"embeddable":true,"href":"https:\/\/www.europesays.com\/es\/wp-json\/wp\/v2\/media\/139791"}],"wp:attachment":[{"href":"https:\/\/www.europesays.com\/es\/wp-json\/wp\/v2\/media?parent=139790"}],"wp:term":[{"taxonomy":"category","embeddable":true,"href":"https:\/\/www.europesays.com\/es\/wp-json\/wp\/v2\/categories?post=139790"},{"taxonomy":"post_tag","embeddable":true,"href":"https:\/\/www.europesays.com\/es\/wp-json\/wp\/v2\/tags?post=139790"}],"curies":[{"name":"wp","href":"https:\/\/api.w.org\/{rel}","templated":true}]}}