{"id":139812,"date":"2025-09-26T09:52:10","date_gmt":"2025-09-26T09:52:10","guid":{"rendered":"https:\/\/www.europesays.com\/es\/139812\/"},"modified":"2025-09-26T09:52:10","modified_gmt":"2025-09-26T09:52:10","slug":"cita-clave-para-el-bm-morvedre-en-la-cuarta-jornada-liguera","status":"publish","type":"post","link":"https:\/\/www.europesays.com\/es\/139812\/","title":{"rendered":"Cita clave para el BM Morvedre en la cuarta jornada liguera"},"content":{"rendered":"<p class=\"ft-text ft-helper-closenews\">La <a class=\"ft-link ft-link--decoration\" href=\"https:\/\/resultadosbalonmano.isquad.es\/clasificacion.php?seleccion=0&amp;id=1031130&amp;id_ambito=0&amp;id_territorial=9999&amp;id_superficie=1&amp;iframe=0&amp;id_categoria=2523&amp;id_competicion=209262\" target=\"_blank\" rel=\"nofollow noopener\">Liga Guerreras Iberdrola<\/a> apenas alcanza la cuarta jornada, pero el <strong>BM Morvedre ya se enfrenta a un partido clave para ganar cierta ventaja en la encarnizada lucha por la <\/strong><a class=\"ft-link ft-link--decoration\" href=\"https:\/\/www.levante-emv.com\/morvedre\/2025\/05\/26\/bm-morvedre-etayo-ahora-toca-celebrarlo-aficion-sagunt-117826355.html\" target=\"_blank\" rel=\"nofollow noopener\"><strong>salvaci\u00f3n<\/strong><\/a>. Y es que despu\u00e9s de sumar dos puntos en su partido como local y sufrir <a class=\"ft-link ft-link--decoration\" href=\"https:\/\/www.levante-emv.com\/morvedre\/2025\/09\/12\/bm-morvedre-prepara-duelo-altura-balonmano-morvedre-sagunto-121502347.html\" target=\"_blank\" rel=\"nofollow noopener\">sendas ajustadas derrotas<\/a> en sus <a class=\"ft-link ft-link--decoration\" href=\"https:\/\/www.levante-emv.com\/morvedre\/2025\/09\/01\/bm-morvedre-estrena-casa-pinchar-debut-balonmano-femenino-121124415.html\" target=\"_blank\" rel=\"nofollow noopener\">dos desplazamientos<\/a>, las saguntinas reciben este s\u00e1bado desde las 19.30 horas a un rival directo por la permanencia como es el Grafometal Sporting La Rioja, que mantiene a cero su casillero de puntos.<\/p>\n<p><img decoding=\"async\" src=\"https:\/\/www.europesays.com\/es\/wp-content\/uploads\/2025\/09\/c4487a86-3c72-4351-97d2-c56b65f5f48e_alta-libre-aspect-ratio_default_0.jpg\" width=\"1200\" height=\"1200\" alt=\"Cartel anunciador del encuentro.\" class=\"ft-helper-img-rd\" loading=\"lazy\" hasdataaida=\"true\"\/><\/p>\n<p class=\"ft-helper-fontColor-quaternary ft-helper-fontSize-body-S ft-helper-spacer-t-xxs\">Cartel anunciador del encuentro.  \/ BM Morvedre<\/p>\n<p class=\"ft-text\">\u00abLa igualdad entre ambos equipos ha sido m\u00e1xima en los \u00faltimos enfrentamientos\u00bb, apunta el t\u00e9cnico de las valencianas, Manu Etayo, quien lleg\u00f3 desde Logro\u00f1o para iniciar su segunda etapa en el Ren\u00e9 Marigil. Muestra de ese equilibrio es que, de <strong>los cuatro enfrentamientos oficiales de la pasada temporada, dos se saldaron con empate<\/strong>, ambos en Sagunt a <a class=\"ft-link ft-link--decoration\" href=\"https:\/\/www.levante-emv.com\/morvedre\/2025\/04\/01\/etayo-bm-morvedre-punto-decisivo-liga-guerreras-iberdrola-115875688.html\" target=\"_blank\" rel=\"nofollow noopener\">21<\/a> y 22, uno con triunfo riojano (20-18) y otro con victoria visitante (28-29).<\/p>\n<p>Aliento de la afici\u00f3n<\/p>\n<p class=\"ft-text\">As\u00ed, Etayo tiene claro que \u00abser\u00e1 un partido duro, pero jugamos en casa\u00bb, en referencia al <strong>apoyo de la afici\u00f3n que puede resultar clave en un encuentro que se presume que se decidir\u00e1 en los compases finales<\/strong>. \u00abNecesitamos que el Ren\u00e9 Marigil se llene para que las jugadoras sientan el aliento de la grada\u00bb, a\u00f1ade el t\u00e9cnico navarro.<\/p>\n<p class=\"ft-text\">Otro detalle que puede jugar a favor del BM Morvedre es que \u00ab<strong>ya <\/strong><a class=\"ft-link ft-link--decoration\" href=\"https:\/\/www.levante-emv.com\/morvedre\/2025\/09\/04\/victoria-principio-fin-bm-morvedre-balonmano-121223781.html\" target=\"_blank\" rel=\"nofollow noopener\"><strong>hemos puntuado<\/strong><\/a><strong>, lo que nos da tranquilidad y confianza<\/strong>\u00bb frente a un rival que ocupa la \u00faltima posici\u00f3n de la clasificaci\u00f3n, ya que, adem\u00e1s de haber perdido sus tres partidos, apenas ha anotado un promedio de 16,3 goles por encuentro, 10 menos que las saguntinas.<\/p>\n<p class=\"ft-text\">Con la<strong> previsi\u00f3n de que la angole\u00f1a Bea Masseu al fin pueda debutar,<\/strong> despu\u00e9s de su <a class=\"ft-link ft-link--decoration\" href=\"https:\/\/www.levante-emv.com\/morvedre\/2025\/08\/29\/bm-morvedre-asume-desventaja-arranque-liguero-121013892.html\" target=\"_blank\" rel=\"nofollow noopener\">tard\u00eda incorporaci\u00f3n<\/a> por problemas con el visado, el entrenador local reconoce que \u00abeste partido puede marcar la tendencia del resto de la temporada, aunque todav\u00eda estemos en los inicios\u00bb.<\/p>\n<p>Acuerdo con las fallas<\/p>\n<p class=\"ft-text\">Uno de los aspectos que la afici\u00f3n deber\u00e1 tener en cuenta a la hora de acudir al Ren\u00e9 Marigil es que el aparcamiento del pabell\u00f3n estar\u00e1 cerrado por el montaje de los <a class=\"ft-link ft-link--decoration\" href=\"https:\/\/www.levante-emv.com\/morvedre\/2024\/09\/28\/3-000-personas-daran-cita-108653490.html\" target=\"_blank\" rel=\"nofollow noopener\">playbacks falleros<\/a> que tendr\u00e1n lugar por la noche. Desde el BM Morvedre han querido destacar la buena sinton\u00eda entre el club y la federaci\u00f3n festiva, ya que <strong>ambos han cedido para que los dos acontecimientos pudieran convivir<\/strong>.<\/p>\n<p class=\"ft-text\">Por un parte, el <strong>estacionamiento para los servicios de emergencia obligatorios en el partido de balonmano se ha habilitado en la calle Bru i Vidal<\/strong>, adem\u00e1s de otros ajustes con la sala antidpong, mientras que las fallas consintieron en retrasar una hora el inicio de los espect\u00e1culos. \u00abEl club, las fallas, Deportes y Fiestas nos hemos puesto de acuerdo para dar cabida a todos\u00bb, destacan desde el BM Morvedre.<\/p>\n<p data-close=\"closedContent\" class=\"subscribeHideForDisplay\">Suscr\u00edbete para seguir leyendo<\/p>\n","protected":false},"excerpt":{"rendered":"La Liga Guerreras Iberdrola apenas alcanza la cuarta jornada, pero el BM Morvedre ya se enfrenta a un&hellip;\n","protected":false},"author":2,"featured_media":139813,"comment_status":"","ping_status":"","sticky":false,"template":"","format":"standard","meta":{"footnotes":""},"categories":[278],"tags":[376,33582,168,10382,25,24,29947,5815,375,7131,7565,23979,3403,1045,10342,10380,23,167,1152],"class_list":{"0":"post-139812","1":"post","2":"type-post","3":"status-publish","4":"format-standard","5":"has-post-thumbnail","7":"category-balonmano","8":"tag-balonmano","9":"tag-bm-morvedre","10":"tag-deportes","11":"tag-el-camp-de-morvedre","12":"tag-es","13":"tag-espana","14":"tag-etayo","15":"tag-goles","16":"tag-handball","17":"tag-iberdrola","18":"tag-manu","19":"tag-marcar","20":"tag-navarro","21":"tag-partido","22":"tag-resto","23":"tag-sagunt","24":"tag-spain","25":"tag-sports","26":"tag-temporada"},"share_on_mastodon":{"url":"","error":""},"_links":{"self":[{"href":"https:\/\/www.europesays.com\/es\/wp-json\/wp\/v2\/posts\/139812","targetHints":{"allow":["GET"]}}],"collection":[{"href":"https:\/\/www.europesays.com\/es\/wp-json\/wp\/v2\/posts"}],"about":[{"href":"https:\/\/www.europesays.com\/es\/wp-json\/wp\/v2\/types\/post"}],"author":[{"embeddable":true,"href":"https:\/\/www.europesays.com\/es\/wp-json\/wp\/v2\/users\/2"}],"replies":[{"embeddable":true,"href":"https:\/\/www.europesays.com\/es\/wp-json\/wp\/v2\/comments?post=139812"}],"version-history":[{"count":0,"href":"https:\/\/www.europesays.com\/es\/wp-json\/wp\/v2\/posts\/139812\/revisions"}],"wp:featuredmedia":[{"embeddable":true,"href":"https:\/\/www.europesays.com\/es\/wp-json\/wp\/v2\/media\/139813"}],"wp:attachment":[{"href":"https:\/\/www.europesays.com\/es\/wp-json\/wp\/v2\/media?parent=139812"}],"wp:term":[{"taxonomy":"category","embeddable":true,"href":"https:\/\/www.europesays.com\/es\/wp-json\/wp\/v2\/categories?post=139812"},{"taxonomy":"post_tag","embeddable":true,"href":"https:\/\/www.europesays.com\/es\/wp-json\/wp\/v2\/tags?post=139812"}],"curies":[{"name":"wp","href":"https:\/\/api.w.org\/{rel}","templated":true}]}}