{"id":139820,"date":"2025-09-26T09:57:07","date_gmt":"2025-09-26T09:57:07","guid":{"rendered":"https:\/\/www.europesays.com\/es\/139820\/"},"modified":"2025-09-26T09:57:07","modified_gmt":"2025-09-26T09:57:07","slug":"mundial-de-ciclismo-harry-hudson-sorprende-y-se-proclama-campeon-junior-en-kigali-ciclismo","status":"publish","type":"post","link":"https:\/\/www.europesays.com\/es\/139820\/","title":{"rendered":"Mundial de ciclismo: Harry Hudson sorprende y se proclama campe\u00f3n j\u00fanior en Kigali &#8211; Ciclismo"},"content":{"rendered":"<ol>\n<li><a href=\"https:\/\/news.google.com\/rss\/articles\/CBMiakFVX3lxTE5zTU9mZndPT29iZVNPT0swVTdzM0s3NjV5YlhFaDVCQkRPQXE4b3oxYUp5ckcwQ3ltSk1yOEc3WHoxbEU3VElfRGlPTG1hSXpWNWVsLWZuekh1MlFxdzFScC1hdTFtMUMxRnc?oc=5\" target=\"_blank\" rel=\"nofollow noopener\">Mundial de ciclismo: Harry Hudson sorprende y se proclama campe\u00f3n j\u00fanior en Kigali<\/a>&nbsp;&nbsp;Ciclismo<\/li>\n<li><a href=\"https:\/\/news.google.com\/rss\/articles\/CBMiakFVX3lxTE92NEI0RWVhbzhsOW1mbFJPOUR2Zm00dkJnb1ZEWUEwSE1ESVJQTXU0NjJzMjFwWTdidGwyMEwxY2dhNlBSbktVNGJ6VDN3bkNKMkRudFRDUEhXZF9YTlBZaFFHY1RQNkF3S2c?oc=5\" target=\"_blank\" rel=\"nofollow noopener\">Clasificaciones completas de la prueba j\u00fanior masculina en l\u00ednea del Mundial de ciclismo 2025<\/a>&nbsp;&nbsp;Ciclismo<\/li>\n<li><a href=\"https:\/\/news.google.com\/rss\/articles\/CBMiakFVX3lxTE9EWTNDNE9FNUNDNU5fT0k2R2RqbXJwZXVVLVpKRFZCRW9XXy1uLXkyQXg2cHVEQUVUMWV2aGNhUktmZjUtVVZ4OW5xQkRzbjJXSDFnaHpDMWdPQ2lDRkczaXB6Q2hXWTFTZHc?oc=5\" target=\"_blank\" rel=\"nofollow noopener\">Mundial Kigali j\u00fanior: Hudson, el oro; Espa\u00f1a, el infortunio<\/a>&nbsp;&nbsp;Ciclo21<\/li>\n<li><a href=\"https:\/\/news.google.com\/rss\/articles\/CBMi1AFBVV95cUxNYjRLT25DMTVxQ0NCeEt4WTg1MWd0WlIySTh4Q2M3WFhLcGd3R3czNFl4dF9QT0VpVlRWWDVUMEYwS1RVaGhkRjRLVHIyZkVsX1pfcFk5UnpBdTlUbzdpNno4UktaR1c2eFI5bFdGcXlONHFGcFRKbVJyUkhXQlB1SHluckQwMzFuUFl0NEdVNFNfRDAzQ20yZzNiS2FEbG5YU0tTUkozeERtRTJJRUp1ZjJCY29JdURHdkdsdGtIeXl1Rm1SVXJzdTBFS3UzY1VaTUFKQg?oc=5\" target=\"_blank\" rel=\"nofollow noopener\">Resultados | Mundial de Kigali 2025 Junior: Exhibici\u00f3n de Harry Hudson y drama para Benjam\u00edn Noval y Espa\u00f1a<\/a>&nbsp;&nbsp;Ciclismoaldia.es<\/li>\n<li><a href=\"https:\/\/news.google.com\/rss\/articles\/CBMisgFBVV95cUxQOFpxcGtQNXc0X3dXTTNfOFFnZUpfbHpUZ0VVc3VoTG5GcXRCQ094djFfX1JGZzEycXE0M3FMYS1LTVYwN3BaY0xtZnlSUFNPLUg5QmxwOEdRSGRFOWJJYzFkcWdRUEFNZ2p4LWdwc3BNUS1UR3hJY0FrTlJkMk9vQUo0LWpseExsT01NZmM1c0EyRFJaWmxVOXZPa3dvaWRWc1NfUDV1WVhvM0lTWnYwM0RB?oc=5\" target=\"_blank\" rel=\"nofollow noopener\">Una ca\u00edda deja a Benjam\u00edn Noval sin medalla en el mundial en ruta<\/a>&nbsp;&nbsp;El Comercio<\/li>\n<\/ol>\n","protected":false},"excerpt":{"rendered":"Mundial de ciclismo: Harry Hudson sorprende y se proclama campe\u00f3n j\u00fanior en Kigali&nbsp;&nbsp;Ciclismo Clasificaciones completas de la prueba&hellip;\n","protected":false},"author":2,"featured_media":139821,"comment_status":"","ping_status":"","sticky":false,"template":"","format":"standard","meta":{"footnotes":""},"categories":[273],"tags":[5830,313,1757,312,168,158,25,24,12144,43692,23,167],"class_list":{"0":"post-139820","1":"post","2":"type-post","3":"status-publish","4":"format-standard","5":"has-post-thumbnail","7":"category-ciclismo","8":"tag-britanico","9":"tag-ciclismo","10":"tag-ciclista","11":"tag-cycling","12":"tag-deportes","13":"tag-el","14":"tag-es","15":"tag-espana","16":"tag-harry","17":"tag-hudson","18":"tag-spain","19":"tag-sports"},"share_on_mastodon":{"url":"","error":""},"_links":{"self":[{"href":"https:\/\/www.europesays.com\/es\/wp-json\/wp\/v2\/posts\/139820","targetHints":{"allow":["GET"]}}],"collection":[{"href":"https:\/\/www.europesays.com\/es\/wp-json\/wp\/v2\/posts"}],"about":[{"href":"https:\/\/www.europesays.com\/es\/wp-json\/wp\/v2\/types\/post"}],"author":[{"embeddable":true,"href":"https:\/\/www.europesays.com\/es\/wp-json\/wp\/v2\/users\/2"}],"replies":[{"embeddable":true,"href":"https:\/\/www.europesays.com\/es\/wp-json\/wp\/v2\/comments?post=139820"}],"version-history":[{"count":0,"href":"https:\/\/www.europesays.com\/es\/wp-json\/wp\/v2\/posts\/139820\/revisions"}],"wp:featuredmedia":[{"embeddable":true,"href":"https:\/\/www.europesays.com\/es\/wp-json\/wp\/v2\/media\/139821"}],"wp:attachment":[{"href":"https:\/\/www.europesays.com\/es\/wp-json\/wp\/v2\/media?parent=139820"}],"wp:term":[{"taxonomy":"category","embeddable":true,"href":"https:\/\/www.europesays.com\/es\/wp-json\/wp\/v2\/categories?post=139820"},{"taxonomy":"post_tag","embeddable":true,"href":"https:\/\/www.europesays.com\/es\/wp-json\/wp\/v2\/tags?post=139820"}],"curies":[{"name":"wp","href":"https:\/\/api.w.org\/{rel}","templated":true}]}}