{"id":139824,"date":"2025-09-26T09:59:10","date_gmt":"2025-09-26T09:59:10","guid":{"rendered":"https:\/\/www.europesays.com\/es\/139824\/"},"modified":"2025-09-26T09:59:10","modified_gmt":"2025-09-26T09:59:10","slug":"jorge-garbajosa-si-los-clubes-deciden-que-debe-haber-un-cambio-estare-a-disposicion-del-baloncesto-espanol","status":"publish","type":"post","link":"https:\/\/www.europesays.com\/es\/139824\/","title":{"rendered":"Jorge Garbajosa \u00abSi los clubes deciden que debe haber un cambio, estar\u00e9 a disposici\u00f3n del baloncesto espa\u00f1ol\u00bb"},"content":{"rendered":"<p>El Unicaja celebra el t\u00edtulo de la Copa Intercontinental en Singapur y una de las primeras personas a quien saluda Alberto D\u00edaz es Jorge Garbajosa.  &#8230; El exjugador cajista y actual presidente de FIBA Europa ha sido, aunque no lo parezca, parte clave en los \u00e9xitos del Unicaja, pues en su d\u00eda intervino para posibilitar el salto del club a la Basketball Champions League. Garbajosa celebra la buena din\u00e1mica de la entidad malague\u00f1a, con la que mantiene un v\u00ednculo emocional grande, pues fue el l\u00edder de aquel equipo que logr\u00f3 el doblete de la Copa y la Liga. El madrile\u00f1o repasa para SUR la actualidad del baloncesto internacional y nacional, del desembarco de la NBA en Europa y de un hipot\u00e9tico regreso a Espa\u00f1a para dirigir la ACB, algo de lo que se habl\u00f3 mucho este verano. <\/p>\n<p class=\"v-p\"><strong>\u2013\u00bfSe ha acostumbrado a ver al Unicaja ganar tanto?<\/strong><\/p>\n<p class=\"v-p\">\u2013El Unicaja est\u00e1 en un ciclo ganador, tanto a nivel nacional como internacional. Me gusta decir, reconozco que de manera interesada, que al margen del enorme trabajo de su presidente y de toda la directiva y del equipo, hay un antes y un despu\u00e9s desde que el club apost\u00f3 por jugar la Basketball Champions League. A partir de ah\u00ed, todo junto, ha permitido que el equipo entre en un ciclo ganador da igual en la competici\u00f3n en la que participe. Se han hecho las cosas bien, esto se ve reflejado en la cancha. <\/p>\n<p class=\"v-p\"><strong>\u2013Hay siempre un enorme debate entre el aficionado del Unicaja sobre si este equipo es mejor que aquel del que usted form\u00f3 parte, el que gan\u00f3 la Copa y la Liga. \u00a1M\u00f3jese, por favor!<\/strong><\/p>\n<p class=\"v-p\">\u2013Voy a decirle una cosa muy maleducada. \u00a1Qu\u00e9 mas da! Lo importante, lo digo de coraz\u00f3n, y lo digo como aficionado del Unicaja. Lo que me gusta es ver el pabell\u00f3n lleno, que la gente disfrute del equipo y de un ambiente como casi s\u00f3lo se vive en M\u00e1laga. Esto es lo que me importa. \u00bfSi fuimos un poquito mejores o un poquito peores? La verdad es que aquel equipo hizo algo muy bonito por M\u00e1laga y este tambi\u00e9n lo est\u00e1 haciendo. <\/p>\n<p class=\"v-p\"><strong>\u2013Chus Mateo es el nuevo el nuevo seleccionador despu\u00e9s del ciclo fant\u00e1stico de Sergio Scariolo, pero Espa\u00f1a est\u00e1 ante un proceso de renovaci\u00f3n muy complicado&#8230;<\/strong><\/p>\n<p class=\"v-p\">\u2013Se ha cerrado un ciclo en cuanto al seleccionador, pero no en cuanto al proceso de renovaci\u00f3n del equipo. Este sigue abierto. Desde que yo estaba en la Federaci\u00f3n era algo que ten\u00edamos en mente, por eso hicimos aquel Mundial sub-17 en M\u00e1laga, que luego acab\u00f3 siendo un oro a\u00f1os m\u00e1s tarde&#8230; Es un proceso complicado. Venimos de tres competiciones (Mundial, Juegos y Eurobasket) en los que no se ha conseguido pasar a la siguiente fase y eso habla de la dificultad de esa transici\u00f3n, que ya era previsible. Desde el punto de vista de dirigente de la FIBA Europa, estamos viendo el gran nivel de pa\u00edses no tradicionales. Ese dominio y tiran\u00eda de pa\u00edses como Espa\u00f1a, Serbia o Francia ya no se da. Vemos que caen a las primeras de cambio y entran equipos inesperados como Finlandia, que ha tenido una gran progresi\u00f3n, pero tambi\u00e9n una Portugal competitiva, tambi\u00e9n Georgia o Grecia. Hay un gran trabajo de las Federaciones y del trabajo de la FIBA para construir una base. Est\u00e1 claro que el crecimiento del baloncesto europeo es clave.<\/p>\n<p>\nNBA EUROPEA\n<\/p>\n<p>\u00abNos gustar\u00eda un acuerdo, pero no es imprescindible. Nos gustar\u00eda contar con la Euroliga. Estuvimos con ellos en el Eurobasket y habr\u00e1 m\u00e1s reuniones en breve\u00bb<\/p>\n<p class=\"v-p\"><strong>\u2013Usted est\u00e1 participando en las gestiones para la creaci\u00f3n de esa NBA Europea. \u00bfEn qu\u00e9 estado se encuentra? Cada semana surgen nuevas informaciones y el aficionado est\u00e1 un poco perdido.<\/strong><\/p>\n<p class=\"v-p\">\u2013Mareo ninguno, lo que pasa es que la NBA es tan grande, la marca m\u00e1s grande en el mundo a nivel deportivo, que cuando agita el \u00e1rbol, todo se mueve. Es m\u00e1s sencillo que lo que parece, pero el proceso de crear una competici\u00f3n nueva no es f\u00e1cil. Queremos poner orden y a\u00f1adir valor a la pir\u00e1mide de competiciones en Europa. Estamos encantados de que la NBA nos haya elegido como socios y estamos trabajando para cerrar esa uni\u00f3n. En el camino trabajamos para que la Basketball Champions League sea m\u00e1s potente y tambi\u00e9n la FIBA Europe Cup, lo hemos visto con pabellones llenos. Estos torneos van creciendo y el baloncesto europeo es un ejemplo para otros pa\u00edses, me lo dicen mis colegas de otras regiones. El Eurobasket ha sido un buen ejemplo. <\/p>\n<p class=\"v-p\"><strong>\u2013Pero se escucha de todo sobre ese proyecto de NBA Europa. Que si ser\u00e1 despu\u00e9s de los Juegos de 2028, que si los clubes tendr\u00e1n que pagar&#8230; Hay mucho ruido.<\/strong><\/p>\n<p class=\"v-p\">\u2013El modelo de negocio es el de la NBA. Lo que est\u00e1 claro es que hay hambre por parte de muchos equipos y de muchas ciudades de ser parte del proyecto de esa NBA Europa, lo que hace que la rumorolog\u00eda se extienda. El c\u00f3mo se construir\u00e1 ser\u00e1 siguiendo el modelo de la NBA. Queremos ser su aliado y hacerles entender los condicionantes del baloncesto europeo para que la nueva competici\u00f3n sea viable en el menor espacio de tiempo posible. <\/p>\n<p class=\"v-p\"><strong>\u2013\u00bfEs imprescindible un acuerdo con la Euroliga?<\/strong><\/p>\n<p class=\"v-p\">\u2013Nos gustar\u00eda un acuerdo, pero no es imprescindible. Nos gustar\u00eda contar con la Euroliga. Estuvimos con ellos en el Eurobasket y habr\u00e1 m\u00e1s reuniones en breve, pero seguimos trabajando. Tenemos la obligaci\u00f3n de hablar con todos, pero queremos que se respete la meritocracia deportiva, el arbitraje, asuntos del doping&#8230;<\/p>\n<p class=\"v-p\"><strong>\u2013\u00bfC\u00f3mo ve desde fuera la situaci\u00f3n del baloncesto espa\u00f1ol a nivel de clubes?<\/strong><\/p>\n<p class=\"v-p\">\u2013La ACB sigue siendo la competici\u00f3n de clubes de referencia en Europa, pero creo que, y esto es una buena noticia, vemos otros torneos en claro crecimiento. La liga francesa, con un nuevo presidente, est\u00e1 tomando buenas decisiones. La italiana, con Maurizio Gherardini, est\u00e1 mejorando y la alemana, es una referencia. Se nos olvida la liga turca en categor\u00eda masculina y femenina, es de las mejores. Incluso Grecia, con sus grandes dominadores, est\u00e1 viendo el crecimiento de otros clubes. Necesitamos monetizar todo ese crecimiento para repartir dividendos. Hay que regar la base para que siga creciendo. Hay muchos retos y oportunidades.<\/p>\n<p class=\"v-p\"><strong>\u2013En los \u00faltimos meses se especul\u00f3 con que usted se iba a presentar como candidato a presidir la ACB. \u00bfFue una realidad en alg\u00fan momento?<\/strong><\/p>\n<p class=\"v-p\">\u2013Todo esto surge en un momento de un Eurobasket, que es el momento \u00e1lgido para nuestras federaciones y de la FIBA Europa, que presido. Despu\u00e9s de siete a\u00f1os como presidente de la Federaci\u00f3n Espa\u00f1ola, tengo una gran relaci\u00f3n con los clubes de la ACB. \u00bfHubo conversaciones y rumores? Mientras haya presidente no tiene sentido. Los clubes han elegido que siga Antonio Mart\u00edn y le felicito. Le doy la enhorabuena. Si alguna vez los clubes deciden que debe haber un cambio, siempre estar\u00e9 a disposici\u00f3n del baloncesto espa\u00f1ol, porque es mi baloncesto y le tengo un amor especial, pero ahora estoy en la FIBA Europa con mil proyectos que suponen un reto para m\u00ed. Ese reto me motiva.<\/p>\n","protected":false},"excerpt":{"rendered":"El Unicaja celebra el t\u00edtulo de la Copa Intercontinental en Singapur y una de las primeras personas a&hellip;\n","protected":false},"author":2,"featured_media":139825,"comment_status":"","ping_status":"","sticky":false,"template":"","format":"standard","meta":{"footnotes":""},"categories":[269],"tags":[299,298,7556,11651,907,26547,168,43694,25,24,1489,27615,6633,2224,23,167],"class_list":{"0":"post-139824","1":"post","2":"type-post","3":"status-publish","4":"format-standard","5":"has-post-thumbnail","7":"category-baloncesto","8":"tag-baloncesto","9":"tag-basketball","10":"tag-cambio","11":"tag-clubes","12":"tag-debe","13":"tag-deciden","14":"tag-deportes","15":"tag-disposicion","16":"tag-es","17":"tag-espana","18":"tag-espanol","19":"tag-garbajosa","20":"tag-haber","21":"tag-jorge","22":"tag-spain","23":"tag-sports"},"share_on_mastodon":{"url":"","error":""},"_links":{"self":[{"href":"https:\/\/www.europesays.com\/es\/wp-json\/wp\/v2\/posts\/139824","targetHints":{"allow":["GET"]}}],"collection":[{"href":"https:\/\/www.europesays.com\/es\/wp-json\/wp\/v2\/posts"}],"about":[{"href":"https:\/\/www.europesays.com\/es\/wp-json\/wp\/v2\/types\/post"}],"author":[{"embeddable":true,"href":"https:\/\/www.europesays.com\/es\/wp-json\/wp\/v2\/users\/2"}],"replies":[{"embeddable":true,"href":"https:\/\/www.europesays.com\/es\/wp-json\/wp\/v2\/comments?post=139824"}],"version-history":[{"count":0,"href":"https:\/\/www.europesays.com\/es\/wp-json\/wp\/v2\/posts\/139824\/revisions"}],"wp:featuredmedia":[{"embeddable":true,"href":"https:\/\/www.europesays.com\/es\/wp-json\/wp\/v2\/media\/139825"}],"wp:attachment":[{"href":"https:\/\/www.europesays.com\/es\/wp-json\/wp\/v2\/media?parent=139824"}],"wp:term":[{"taxonomy":"category","embeddable":true,"href":"https:\/\/www.europesays.com\/es\/wp-json\/wp\/v2\/categories?post=139824"},{"taxonomy":"post_tag","embeddable":true,"href":"https:\/\/www.europesays.com\/es\/wp-json\/wp\/v2\/tags?post=139824"}],"curies":[{"name":"wp","href":"https:\/\/api.w.org\/{rel}","templated":true}]}}