{"id":139838,"date":"2025-09-26T10:06:16","date_gmt":"2025-09-26T10:06:16","guid":{"rendered":"https:\/\/www.europesays.com\/es\/139838\/"},"modified":"2025-09-26T10:06:16","modified_gmt":"2025-09-26T10:06:16","slug":"nadie-tiene-las-llaves-del-sitio-en-el-que-nace-para-decidir-quien-entra-y-quien-no","status":"publish","type":"post","link":"https:\/\/www.europesays.com\/es\/139838\/","title":{"rendered":"Nadie tiene las llaves del sitio en el que nace para decidir qui\u00e9n entra y qui\u00e9n no"},"content":{"rendered":"<p class=\"c-paragraph\">No sabe ya ni cu\u00e1ntas veces ha tenido que deletrear su apellido a lo largo de su vida para que le entiendan. As\u00ed comienza <b>De todos lados un poco<\/b>, el <b>\u00faltimo documental del actor y director, \u00c1lex O&#8217;Doherthy<\/b>, basado en su propia vida: \u00abEsa es la idiosincrasia de tener un apellido extranjero en un pa\u00eds como Espa\u00f1a. En realidad, todos somos de todos lados un poco\u00bb.<\/p>\n<p class=\"c-paragraph\">Un trabajo en el que este gaditano, de origen irland\u00e9s, indaga en la historia de su familia, remont\u00e1ndose 300 a\u00f1os atr\u00e1s para intentar conocer m\u00e1s su pasado. \u00ab<b>Nuestro pasado es fundamental por muchas razones porque creo que nos hace a todos mucho m\u00e1s tolerantes<\/b> darnos cuenta de que no tiene sentido sentirte due\u00f1o de un sitio por haber nacido en \u00e9l\u2026 Es una casualidad, al fin y al cabo, que debemos agradecer o recriminar a nuestros padres\u00bb, a\u00f1ade.<\/p>\n<p class=\"c-paragraph\">\u00abNo podemos pretender que ese sitio sea nuestro, ni que nos den las llaves del sitio donde nacemos para determinar qui\u00e9n puede entrar o qui\u00e9n no, <b>si todos mir\u00e1ramos atr\u00e1s nos dar\u00edamos cuenta de que, en alg\u00fan punto, siempre hubo alguien que tuvo que salir de su casa<\/b>\u00ab, defiende.<\/p>\n<p class=\"c-paragraph\">Un proyecto en el que reflexiona sobre los or\u00edgenes, las fronteras y esa realidad, tan presente hoy en d\u00eda en el discurso pol\u00edtico, como es la inmigraci\u00f3n: \u00abEn realidad no supone un problema, pero lo disfrazan por sus propios intereses\u00bb.<\/p>\n<p class=\"c-paragraph\">Un espa\u00f1ol con apellido extranjero, que naci\u00f3 con una ventaja, <b>ser blanco, por eso, asegura que nunca ha sentido la discriminaci\u00f3n<\/b>. Una realidad muy distinta a la que han vivido algunos compa\u00f1eros de profesi\u00f3n como Emilio Buale, Vicenta N&#8217;Dongo o Alberto Jo Lee, y comparten en este documental: \u00abLes quise preguntar a ellos como les hab\u00eda ido y como se sent\u00edan y evidentemente la cosa cambi\u00f3 mucho. No todos los descendientes de emigrantes son tratados iguales, depende fundamentalmente de donde vengan, pero sobre todo del color de su piel. Y eso son cosas que est\u00e1 bien que las pongamos sobre la mesa para que nos demos cuenta de que realmente no tiene sentido y ojal\u00e1 podamos conseguir cambiarlo\u00bb.<\/p>\n<p class=\"c-paragraph\">Un trabajo que ha supuesto un viaje metaf\u00f3rico y tambi\u00e9n real, un viaje m\u00e1s para un viajero empedernido que acumula instrumentos y objetos de gran parte de los rincones del mundo: \u00abTengo todas estas cosas porque me gustan y porque las utilizo, algunas m\u00e1s que otras. Toco todo, pero mal\u2026, pero me hace feliz tocarlo, aunque sea as\u00ed\u00bb.<\/p>\n<p class=\"c-paragraph\">De hecho, sus inicios fueron en Londres tocando en el metro con su amigo Manolo, cuando apenas ten\u00eda 19 a\u00f1os, para ganarse la vida. \u00abTen\u00edamos una guitarra all\u00ed, aqu\u00ed la tengo (me se\u00f1ala), \u00edbamos al metro a cantar y no sabes qu\u00e9 felicidad\u00bb.<\/p>\n<p class=\"c-paragraph\">Un trabajador incansable y un aut\u00e9ntico superviviente que lleva a\u00f1os gan\u00e1ndose la vida como actor y humorista, <b>desde que su personaje de Arturo Ca\u00f1as en <a href=\"https:\/\/www.20minutos.es\/tags\/instituciones-empresas\/camera-cafe.html\" title=\"Camera Caf\u00e9\" rel=\"nofollow noopener\" target=\"_blank\">Camera Caf\u00e9<\/a>\u00a0le diera a conocer al gran p\u00fablico<\/b>. Desde entonces no ha parado de trabajar, en cine, televisi\u00f3n o con su mon\u00f3logo, Imb\u00e9cil, con el que se ha recorrido todas las provincias de Espa\u00f1a e incluso ha sacado un libro, Palabrer\u00edo Ib\u00e9rico, un diccionario de expresiones y palabras que le han ido descubriendo en su particular gira.<\/p>\n<p class=\"c-paragraph\">\u00abComo estuve cinco a\u00f1os, hice m\u00e1s de 300 funciones, y acab\u00e9 con m\u00e1s de 1.500 palabras. Y como ya me obsesion\u00e9 con ir a todas las provincias, pues fui a hacer el espect\u00e1culo a todas las provincias, incluido Ceuta y Melilla\u00bb. Un gaditano, un irland\u00e9s, un actor espa\u00f1ol, un humorista, un viajero, al final, como todos, <b>un ciudadano del mundo<\/b>.<\/p>\n","protected":false},"excerpt":{"rendered":"No sabe ya ni cu\u00e1ntas veces ha tenido que deletrear su apellido a lo largo de su vida&hellip;\n","protected":false},"author":2,"featured_media":139839,"comment_status":"","ping_status":"","sticky":false,"template":"","format":"standard","meta":{"footnotes":""},"categories":[169],"tags":[2865,177,27555,146,147,25,24,176,4207,175,5286,23,2076],"class_list":{"0":"post-139838","1":"post","2":"type-post","3":"status-publish","4":"format-standard","5":"has-post-thumbnail","7":"category-cine","8":"tag-alex","9":"tag-cine","10":"tag-dogherty","11":"tag-entertainment","12":"tag-entretenimiento","13":"tag-es","14":"tag-espana","15":"tag-film","16":"tag-las","17":"tag-movies","18":"tag-nadie","19":"tag-spain","20":"tag-tiene"},"share_on_mastodon":{"url":"","error":""},"_links":{"self":[{"href":"https:\/\/www.europesays.com\/es\/wp-json\/wp\/v2\/posts\/139838","targetHints":{"allow":["GET"]}}],"collection":[{"href":"https:\/\/www.europesays.com\/es\/wp-json\/wp\/v2\/posts"}],"about":[{"href":"https:\/\/www.europesays.com\/es\/wp-json\/wp\/v2\/types\/post"}],"author":[{"embeddable":true,"href":"https:\/\/www.europesays.com\/es\/wp-json\/wp\/v2\/users\/2"}],"replies":[{"embeddable":true,"href":"https:\/\/www.europesays.com\/es\/wp-json\/wp\/v2\/comments?post=139838"}],"version-history":[{"count":0,"href":"https:\/\/www.europesays.com\/es\/wp-json\/wp\/v2\/posts\/139838\/revisions"}],"wp:featuredmedia":[{"embeddable":true,"href":"https:\/\/www.europesays.com\/es\/wp-json\/wp\/v2\/media\/139839"}],"wp:attachment":[{"href":"https:\/\/www.europesays.com\/es\/wp-json\/wp\/v2\/media?parent=139838"}],"wp:term":[{"taxonomy":"category","embeddable":true,"href":"https:\/\/www.europesays.com\/es\/wp-json\/wp\/v2\/categories?post=139838"},{"taxonomy":"post_tag","embeddable":true,"href":"https:\/\/www.europesays.com\/es\/wp-json\/wp\/v2\/tags?post=139838"}],"curies":[{"name":"wp","href":"https:\/\/api.w.org\/{rel}","templated":true}]}}