{"id":139843,"date":"2025-09-26T10:09:08","date_gmt":"2025-09-26T10:09:08","guid":{"rendered":"https:\/\/www.europesays.com\/es\/139843\/"},"modified":"2025-09-26T10:09:08","modified_gmt":"2025-09-26T10:09:08","slug":"arranca-la-san-diego-comic-con-malaga-con-bbva-como-patrocinador-oficial","status":"publish","type":"post","link":"https:\/\/www.europesays.com\/es\/139843\/","title":{"rendered":"Arranca la San Diego Comic-Con M\u00e1laga con BBVA como patrocinador oficial"},"content":{"rendered":"<p>La agenda de BBVA en la Comic-Con M\u00e1laga <strong>se completa con una retransmisi\u00f3n en directo o \u2018live streaming\u2019 conducido por el creador de contenido Illo Juan y su equipo<\/strong>, retransmitido desde el propio \u2018stand\u2019. En este espacio se hablar\u00e1 de las activaciones y productos del banco, acercando la marca al p\u00fablico joven en un tono cercano y digital. Asimismo, los fans del c\u00f3mic<strong> tendr\u00e1n la oportunidad de participar en una clase magistral de dibujo e ilustraci\u00f3n dirigida por Salva Esp\u00edn, ilustrador de Marvel Comics,<\/strong> que concluir\u00e1 con la entrega de \u2018stickers\u2019 coleccionables a todos los asistentes.<\/p>\n<p>\u201cLa San Diego Comic-Con M\u00e1laga es mucho m\u00e1s que un evento cultural; es un espacio donde nacen ideas, se comparten pasiones y se construye comunidad.<strong> En BBVA queremos estar presentes acompa\u00f1ando a los j\u00f3venes con herramientas que les ayuden a ganar autonom\u00eda y construir su propia historia de independencia financiera\u201d,<\/strong> ha se\u00f1alado el director de la Territorial Sur de BBVA, Francisco Javier Jerez.<\/p>\n<p>La feria ocupar\u00e1 m\u00e1s de 80.000 metros cuadrados, incluyendo 22.000 metros cuadrados de extensi\u00f3n exterior con atracciones, espacios gastron\u00f3micos y un escenario al aire libre. En el interior, destacan cuatro auditorios con aforos de entre 200 y 3.000 personas y el Exhibitor Hall, donde compa\u00f1\u00edas como Disney, Bandai Namco, Funko y Nintendo presentar\u00e1n sus novedades de forma interactiva.<\/p>\n<p>El programa ofrecer\u00e1 m\u00e1s de 300 horas de contenido exclusivo, con charlas, estrenos, paneles y talleres dedicados al c\u00f3mic, el cine, la animaci\u00f3n, la literatura, los juegos de mesa y el \u2018gaming\u2019. Entre los nombres confirmados figuran Arnold Schwarzenegger, invitado de honor de esta primera edici\u00f3n, y figuras clave de la industria como Jim Lee (DC Comics), Jeph Loeb y C.B. Cebulski (Marvel Comics).<\/p>\n<p>El evento contar\u00e1 tambi\u00e9n con la presencia de actores internacionales como<strong> Norman Reedus, Melissa McBride, David Zabel, Dan Percival, Alexandra Masangkay, Eduardo Noriega, \u00d3scar Jaenada, Hugo Arbu\u00e9s, Candela Saitta y Taz Skylar<\/strong>, as\u00ed como referentes del \u2018cosplay\u2019 y la ilustraci\u00f3n como<strong> Yaya Han o Peach Momoko.<\/strong><\/p>\n","protected":false},"excerpt":{"rendered":"La agenda de BBVA en la Comic-Con M\u00e1laga se completa con una retransmisi\u00f3n en directo o \u2018live streaming\u2019&hellip;\n","protected":false},"author":2,"featured_media":139844,"comment_status":"","ping_status":"","sticky":false,"template":"","format":"standard","meta":{"footnotes":""},"categories":[91],"tags":[146,147,25,24,23],"class_list":{"0":"post-139843","1":"post","2":"type-post","3":"status-publish","4":"format-standard","5":"has-post-thumbnail","7":"category-entretenimiento","8":"tag-entertainment","9":"tag-entretenimiento","10":"tag-es","11":"tag-espana","12":"tag-spain"},"share_on_mastodon":{"url":"","error":""},"_links":{"self":[{"href":"https:\/\/www.europesays.com\/es\/wp-json\/wp\/v2\/posts\/139843","targetHints":{"allow":["GET"]}}],"collection":[{"href":"https:\/\/www.europesays.com\/es\/wp-json\/wp\/v2\/posts"}],"about":[{"href":"https:\/\/www.europesays.com\/es\/wp-json\/wp\/v2\/types\/post"}],"author":[{"embeddable":true,"href":"https:\/\/www.europesays.com\/es\/wp-json\/wp\/v2\/users\/2"}],"replies":[{"embeddable":true,"href":"https:\/\/www.europesays.com\/es\/wp-json\/wp\/v2\/comments?post=139843"}],"version-history":[{"count":0,"href":"https:\/\/www.europesays.com\/es\/wp-json\/wp\/v2\/posts\/139843\/revisions"}],"wp:featuredmedia":[{"embeddable":true,"href":"https:\/\/www.europesays.com\/es\/wp-json\/wp\/v2\/media\/139844"}],"wp:attachment":[{"href":"https:\/\/www.europesays.com\/es\/wp-json\/wp\/v2\/media?parent=139843"}],"wp:term":[{"taxonomy":"category","embeddable":true,"href":"https:\/\/www.europesays.com\/es\/wp-json\/wp\/v2\/categories?post=139843"},{"taxonomy":"post_tag","embeddable":true,"href":"https:\/\/www.europesays.com\/es\/wp-json\/wp\/v2\/tags?post=139843"}],"curies":[{"name":"wp","href":"https:\/\/api.w.org\/{rel}","templated":true}]}}