{"id":139851,"date":"2025-09-26T10:13:10","date_gmt":"2025-09-26T10:13:10","guid":{"rendered":"https:\/\/www.europesays.com\/es\/139851\/"},"modified":"2025-09-26T10:13:10","modified_gmt":"2025-09-26T10:13:10","slug":"polemica-en-un-campamento-de-menores-de-alava-con-monitores-desnudos","status":"publish","type":"post","link":"https:\/\/www.europesays.com\/es\/139851\/","title":{"rendered":"Pol\u00e9mica en un campamento de menores de \u00c1lava con monitores desnudos"},"content":{"rendered":"<p>\n        El\u00a0<strong>campamento de verano<\/strong>\u00a0acab\u00f3 poco menos que en una\u00a0<strong>pesadilla<\/strong>. As\u00ed lo sienten varias familias que han interpuesto una denuncia por lo ocurrido en agosto en las colonias de<strong>\u00a0localidad alavesa de\u00a0<\/strong>Bernedo. Aseguran que<strong>\u00a0los monitores obligaban a sus hijos e hijas a ducharse juntos<\/strong>\u00a0con el argumento de que si alguien no se identificaba con el g\u00e9nero masculino o femenino, pod\u00eda sentirse \u00abcategorizade\u00bb (sic).\n<\/p>\n<p class=\"article-body__text \">\n        Tambi\u00e9n denuncian que<strong>\u00a0los monitores se duchaban con ellos y se paseaban desnudos<\/strong>.\u00a0<strong>La\u00a0Ertzaintza\u00a0ha abierto una investigaci\u00f3n<\/strong>\u00a0para esclarecer lo sucedido durante los\u00a0udalekus\u00a0organizados por\u00a0<strong>Sarrera Euskal Udaleku Elkartea<\/strong>\u00a0en un lugar que es bien conocido en Gipuzkoa, al que acuden menores del territorio desde finales de los a\u00f1os 70, siempre con el euskera como eje durante estancias de dos semanas en un entorno natural.\n<\/p>\n<p class=\"article-body__text \">\n        Estas acampadas, que tambi\u00e9n se organizan en los municipios navarros de Ab\u00e1igar y Go\u00f1i, se deja en manos de educadores y voluntarios que desarrollan su labor por turnos y, hasta ahora, sin mayores contratiempos. De ah\u00ed que hayan causado tanta sorpresa las denuncias.\n<\/p>\n<p class=\"article-body__text \">\n        Al parecer,\u00a0<strong>todo se descubri\u00f3 gracias a las cartas que varias ni\u00f1as enviaron a sus padres y que llegaron a sus casas varios d\u00edas despu\u00e9s de que los propios adolescentes, de entre 13 y 15 a\u00f1os, estuvieran ya de regreso<\/strong>.\n<\/p>\n<p class=\"article-body__text \">\n        En una de estas misivas, una de las j\u00f3venes explicaba que, entre otras cosas, no les dejaban ducharse todos los d\u00edas y que, cuando lo hac\u00edan, lo deb\u00edan hacer todos juntos en duchas mixtas.\n<\/p>\n<p>  Investigaci\u00f3n abierta con las autoridades judiciales<\/p>\n<p class=\"article-body__text \">\n        El consejero vasco de Seguridad,\u00a0<strong>Bingen Zupiria<\/strong>, ha explicado que la Polic\u00eda vasca ha tenido conocimiento de \u00abalgunos sucesos que acontecieron en un edificio de Bernedo\u00bb con menores de edad y\u00a0<strong>lo est\u00e1 investigando con las autoridades judiciales<\/strong>, pero ha se\u00f1alado que ese inmueble\u00a0<strong>\u00abno es un centro educativo ni una colonia\u00bb, y que esa actividad \u00abno figura en ning\u00fan registro p\u00fablico\u00bb<\/strong>.\n<\/p>\n<p class=\"article-body__text \">\n        Fuentes consultadas de la Diputaci\u00f3n de Gipuzkoa rehusaron facilitar informaci\u00f3n en relaci\u00f3n a una denuncia interpuesta que implicar\u00eda a una v\u00edctima menor, y se limitaron a informar de que este a\u00f1o, en todo caso, no se ha enviado de acampada a ning\u00fan adolescente tutelado, como se ha hecho otras ocasiones.\n<\/p>\n<p class=\"article-body__text \">\n        Ni el Ayuntamiento de Bernedo ni otras instituciones han confirmado lo ocurrido en esta\u00a0<strong>peque\u00f1a localidad alavesa de poco m\u00e1s de 500 habitantes donde se organiz\u00f3 el campamento en agosto<\/strong>. Fueron varias familias guipuzcoanas, vizca\u00ednas y alavesas las que se pusieron en contacto con el diario digital &#8216;elcomun.es&#8217; para denunciar lo ocurrido despu\u00e9s de que<strong>\u00a0tanto las instituciones vascas como la propia asociaci\u00f3n organizadora de estos campamentos se desentendiera de estas quejas<\/strong>.\n<\/p>\n<p class=\"article-body__text \">\n        Los padres aseguran que algunas adolescentes\u00a0<strong>han salido traumatizadas y han tenido que recibir atenci\u00f3n psicol\u00f3gica<\/strong>, aunque\u00a0<strong>los educadores de estas colonias afirman que no han obligado a desnudarse a nadie y que les proponen hacerlo para que vivan su propia desnudez y su cuerpo con naturalidad<\/strong>.\n<\/p>\n<p class=\"article-body__text \">\n        En el muro del patio donde se celebr\u00f3 este campamento pueden verse dibujos de gnomos y setas, entre ellos una gnomo desnuda con la inscripci\u00f3n\u00a0Libre y rebelde, y en el edificio una frase del grupo musical Negu Gorriak en el que se lee en euskera\u00a0El pueblo es el cuerpo, el idioma el coraz\u00f3n.\n<\/p>\n<p>  Condena de la Diputaci\u00f3n<\/p>\n<p class=\"article-body__text \">\n        El<strong>\u00a0Departamento de Juventud de la Diputaci\u00f3n de Gipuzkoa ha expresado su \u00abm\u00e1s firme condena\u00bb<\/strong>\u00a0hacia cualquier situaci\u00f3n que ponga en riesgo la integridad f\u00edsica o emocional de ni\u00f1os y adolescentes, por lo que ha calificado de \u00ababsolutamente inaceptables\u00bb los hechos denunciados.\n<\/p>\n<p class=\"article-body__text \">\n        El PP de \u00c1lava ha pedido ya la comparecencia urgente de la diputada foral de Cultura y Deporte de \u00c1lava para que d\u00e9 explicaciones sobre esta \u00abgrave situaci\u00f3n\u00bb y detalle las medidas que prev\u00e9 adoptar para que esto no vuelva a suceder, al considerar que \u00abes responsabilidad de la Diputaci\u00f3n proteger a los menores alaveses\u00bb.\u00a0<\/p>\n","protected":false},"excerpt":{"rendered":"El\u00a0campamento de verano\u00a0acab\u00f3 poco menos que en una\u00a0pesadilla. As\u00ed lo sienten varias familias que han interpuesto una denuncia&hellip;\n","protected":false},"author":2,"featured_media":139852,"comment_status":"","ping_status":"","sticky":false,"template":"","format":"standard","meta":{"footnotes":""},"categories":[8],"tags":[3935,17,18,2191,25,24,13,14,11,19,20,1567,43700,9,10,15,16,1526,23,12,21,22],"class_list":{"0":"post-139851","1":"post","2":"type-post","3":"status-publish","4":"format-standard","5":"has-post-thumbnail","7":"category-espana","8":"tag-alava","9":"tag-breaking-news","10":"tag-breakingnews","11":"tag-campamento","12":"tag-es","13":"tag-espana","14":"tag-featured-news","15":"tag-featurednews","16":"tag-headlines","17":"tag-latest-news","18":"tag-latestnews","19":"tag-menores","20":"tag-monitores","21":"tag-news","22":"tag-noticias","23":"tag-noticias-destacadas","24":"tag-noticiasdestacadas","25":"tag-polemica","26":"tag-spain","27":"tag-titulares","28":"tag-ultimas-noticias","29":"tag-ultimasnoticias"},"share_on_mastodon":{"url":"","error":""},"_links":{"self":[{"href":"https:\/\/www.europesays.com\/es\/wp-json\/wp\/v2\/posts\/139851","targetHints":{"allow":["GET"]}}],"collection":[{"href":"https:\/\/www.europesays.com\/es\/wp-json\/wp\/v2\/posts"}],"about":[{"href":"https:\/\/www.europesays.com\/es\/wp-json\/wp\/v2\/types\/post"}],"author":[{"embeddable":true,"href":"https:\/\/www.europesays.com\/es\/wp-json\/wp\/v2\/users\/2"}],"replies":[{"embeddable":true,"href":"https:\/\/www.europesays.com\/es\/wp-json\/wp\/v2\/comments?post=139851"}],"version-history":[{"count":0,"href":"https:\/\/www.europesays.com\/es\/wp-json\/wp\/v2\/posts\/139851\/revisions"}],"wp:featuredmedia":[{"embeddable":true,"href":"https:\/\/www.europesays.com\/es\/wp-json\/wp\/v2\/media\/139852"}],"wp:attachment":[{"href":"https:\/\/www.europesays.com\/es\/wp-json\/wp\/v2\/media?parent=139851"}],"wp:term":[{"taxonomy":"category","embeddable":true,"href":"https:\/\/www.europesays.com\/es\/wp-json\/wp\/v2\/categories?post=139851"},{"taxonomy":"post_tag","embeddable":true,"href":"https:\/\/www.europesays.com\/es\/wp-json\/wp\/v2\/tags?post=139851"}],"curies":[{"name":"wp","href":"https:\/\/api.w.org\/{rel}","templated":true}]}}