{"id":139879,"date":"2025-09-26T10:28:14","date_gmt":"2025-09-26T10:28:14","guid":{"rendered":"https:\/\/www.europesays.com\/es\/139879\/"},"modified":"2025-09-26T10:28:14","modified_gmt":"2025-09-26T10:28:14","slug":"viaje-por-la-memoria-sonora-de-espana-en-el-archivo-de-rne","status":"publish","type":"post","link":"https:\/\/www.europesays.com\/es\/139879\/","title":{"rendered":"Viaje por la memoria sonora de Espa\u00f1a en el archivo de RNE"},"content":{"rendered":"<p>Viajamos por la Historia de Espa\u00f1a a trav\u00e9s de los sonidos del <strong>archivo de Radio Nacional de Espa\u00f1a<\/strong>. Desde el repique de campanas de los pueblos hasta las retransmisiones ol\u00edmpicas, desde el \u00faltimo parte de guerra hasta las voces y m\u00fasicas que marcaron la memoria de varias generaciones. Junto a <strong>Ismael Alonso<\/strong>, documentalista y antiguo subdirector del Archivo Sonoro de RNE, recorremos este patrimonio \u00fanico que custodia <strong>cerca de 90 a\u00f1os de emisiones, guiones originales de radioteatro y documentos<\/strong> que muestran c\u00f3mo ha evolucionado la manera de contar la actualidad.<\/p>\n<p>Tambi\u00e9n conversamos con <strong>Elena L\u00f3pez<\/strong>, socia fundadora de la Asociaci\u00f3n de Museolog\u00eda y Museograf\u00eda de Andaluc\u00eda (AMMA), sobre la quinta edici\u00f3n de los <strong>Premios Expone<\/strong>, que se celebran el 26 de septiembre en Sevilla y reconocen la innovaci\u00f3n y las buenas pr\u00e1cticas en exposiciones de toda Espa\u00f1a.<\/p>\n<p>Y para cerrar, recordamos a <strong>Los Rodr\u00edguez<\/strong> en el 35\u00ba aniversario de su primer ensayo en Madrid, con uno de sus grandes himnos:<strong> \u201c<\/strong>Sin documentos\u201d.<\/p>\n","protected":false},"excerpt":{"rendered":"Viajamos por la Historia de Espa\u00f1a a trav\u00e9s de los sonidos del archivo de Radio Nacional de Espa\u00f1a.&hellip;\n","protected":false},"author":2,"featured_media":139880,"comment_status":"","ping_status":"","sticky":false,"template":"","format":"standard","meta":{"footnotes":""},"categories":[170],"tags":[43705,146,147,25,24,184,185,133,1448,1986,1987,23,43706],"class_list":{"0":"post-139879","1":"post","2":"type-post","3":"status-publish","4":"format-standard","5":"has-post-thumbnail","7":"category-musica","8":"tag-cultura-con-n","9":"tag-entertainment","10":"tag-entretenimiento","11":"tag-es","12":"tag-espana","13":"tag-music","14":"tag-musica","15":"tag-online","16":"tag-radio","17":"tag-rne","18":"tag-rtve-play","19":"tag-spain","20":"tag-viaje-por-la-memoria-sonora-de-espana-en-el-archivo-de-rne"},"share_on_mastodon":{"url":"","error":""},"_links":{"self":[{"href":"https:\/\/www.europesays.com\/es\/wp-json\/wp\/v2\/posts\/139879","targetHints":{"allow":["GET"]}}],"collection":[{"href":"https:\/\/www.europesays.com\/es\/wp-json\/wp\/v2\/posts"}],"about":[{"href":"https:\/\/www.europesays.com\/es\/wp-json\/wp\/v2\/types\/post"}],"author":[{"embeddable":true,"href":"https:\/\/www.europesays.com\/es\/wp-json\/wp\/v2\/users\/2"}],"replies":[{"embeddable":true,"href":"https:\/\/www.europesays.com\/es\/wp-json\/wp\/v2\/comments?post=139879"}],"version-history":[{"count":0,"href":"https:\/\/www.europesays.com\/es\/wp-json\/wp\/v2\/posts\/139879\/revisions"}],"wp:featuredmedia":[{"embeddable":true,"href":"https:\/\/www.europesays.com\/es\/wp-json\/wp\/v2\/media\/139880"}],"wp:attachment":[{"href":"https:\/\/www.europesays.com\/es\/wp-json\/wp\/v2\/media?parent=139879"}],"wp:term":[{"taxonomy":"category","embeddable":true,"href":"https:\/\/www.europesays.com\/es\/wp-json\/wp\/v2\/categories?post=139879"},{"taxonomy":"post_tag","embeddable":true,"href":"https:\/\/www.europesays.com\/es\/wp-json\/wp\/v2\/tags?post=139879"}],"curies":[{"name":"wp","href":"https:\/\/api.w.org\/{rel}","templated":true}]}}