{"id":13988,"date":"2025-07-30T13:06:11","date_gmt":"2025-07-30T13:06:11","guid":{"rendered":"https:\/\/www.europesays.com\/es\/13988\/"},"modified":"2025-07-30T13:06:11","modified_gmt":"2025-07-30T13:06:11","slug":"carlos-alcaraz-vende-revistas-y-banadores-durante-sus-vacaciones-en-cadiz","status":"publish","type":"post","link":"https:\/\/www.europesays.com\/es\/13988\/","title":{"rendered":"Carlos Alcaraz vende revistas y ba\u00f1adores durante sus vacaciones en C\u00e1diz"},"content":{"rendered":"<p><strong><a href=\"https:\/\/theobjective.com\/etiqueta\/carlos-alcaraz\/\" rel=\"nofollow noopener\" target=\"_blank\">Carlos Alcaraz<\/a> est\u00e1 disfrutando de unas merecidas vacaciones despu\u00e9s de <a href=\"https:\/\/theobjective.com\/etiqueta\/wimbledon\/\" rel=\"nofollow noopener\" target=\"_blank\">Wimbledon<\/a><\/strong>. El murciano no pudo alzarse con la victoria en las pistas inglesas hace dos semanas y en su lugar venci\u00f3 el italiano Jannik Sinner. Pero, tambi\u00e9n para los segundos se cumple eso de que cada esfuerzo tiene su recompensa y Carlitos lo est\u00e1 comprobando a base de <strong>piscinas, paellas y mucho postureo<\/strong>. No se nos escapa que est\u00e1 dedicando este tiempo de descanso a explorar su faceta de modelo e influencer. Sus experimentos van m\u00e1s all\u00e1 de un simple post en Instagram y han conseguido <strong>alterar la din\u00e1mica de la industria de la moda<\/strong>. <\/p>\n<blockquote class=\"instagram-media\" data-instgrm-permalink=\"https:\/\/www.instagram.com\/p\/DMYNsRRKzWa\/?utm_source=ig_embed&amp;utm_campaign=loading\" data-instgrm-version=\"14\" style=\" background:#FFF; border:0; border-radius:3px; box-shadow:0 0 1px 0 rgba(0,0,0,0.5),0 1px 10px 0 rgba(0,0,0,0.15); margin: 1px; max-width:540px; min-width:326px; padding:0; width:99.375%; width:-webkit-calc(100% - 2px); width:calc(100% - 2px);\"\/>\n<p>Los primeros d\u00edas despu\u00e9s de Wimbledon se le vio aceptar su derrota y disfrutar de otros premios a su esfuerzo. <strong>Pudo compartir una comida con su equipo t\u00e9cnico, c\u00f3cteles con los otros jugadores<\/strong> y su contrincante Sinner, as\u00ed como momentos m\u00e1s informales como unas <strong>partidas de golf o del juego de mesa Rummikub<\/strong>. Sin la presi\u00f3n del torneo, el murciano sac\u00f3 tiempo para publicar estos y otros planes en sus redes sociales. Las fotos de estos momentos tambi\u00e9n incluyen unos <strong>selfies en el espejo de su habitaci\u00f3n de hotel<\/strong>, que parec\u00edan presumir de estilo y forma f\u00edsica, ya que de copa no ha podido ser esta vez. Con el paso de los a\u00f1os se est\u00e1 viendo a un Alcaraz m\u00e1s c\u00f3modo en las redes. Ya no tiembla al subir una foto de su ropa o de sus planes privados.<\/p>\n<p>Carlos Alcaraz agota un ba\u00f1ador de Nike<\/p>\n<p>De Londres al Puerto de Santa Mar\u00eda. La segunda semana de vacaciones la ha pasado en las costas de C\u00e1diz d\u00e1ndose el verano que los j\u00f3venes de su edad suelen disfrutar tras los meses de ex\u00e1menes. Este destino vacacional le ha visto tomar el sol en una piscina privada e<strong> irse de fiesta con Juan Mag\u00e1n<\/strong>. Carlitos ha compartido un tardeo -plan durante el atardecer- con el DJ en el club PhiPhi Beach del Puerto. Tambi\u00e9n se ha acompa\u00f1ado de sus amigos m\u00e1s cercanos y con ellos ha compartido una paella al sol y una noche de karts. <strong>\u00abRecargando\u00bb<\/strong>, comenta en su perfil de Instagram, una cuenta que llega a 7.5 millones de personas. <\/p>\n<p>El comentario de sus vacaciones en C\u00e1diz no es casual. En las im\u00e1genes que ha compartido de sus d\u00edas en el Puerto de Santa Mar\u00eda aparece posando con un ba\u00f1ador que se ha convertido en noticia.<strong> Carlos Alcaraz ha vestido un traje de ba\u00f1o de Nike <\/strong>y el poder de su altavoz ha hecho efecto en las ventas de la marca. El modelo se llama Nike Swoosh Link 5\u2033 Volley, es negro con el famoso s\u00edmbolo del tick en blanco replicado a lo largo de toda la prenda. <a href=\"https:\/\/www.revistagq.com\/articulo\/carlos-alcaraz-banador-nike\" target=\"_blank\" rel=\"noreferrer noopener nofollow\">La revista GQ<\/a> reporta que desde su posado con este ba\u00f1ador, el modelo \u00ab<strong>est\u00e1 agotado en la web de Nike<\/strong>, pero lo puedes encontrar en tiendas como Size? (55 euros) o Decathlon (45 euros)\u00bb. El tenista sigue dando pasos en el mundo de la influencia en redes sociales y tambi\u00e9n prueba suerte con el universo editorial. <\/p>\n<blockquote class=\"instagram-media\" data-instgrm-permalink=\"https:\/\/www.instagram.com\/p\/DMLZ5mkKGuk\/?utm_source=ig_embed&amp;utm_campaign=loading\" data-instgrm-version=\"14\" style=\" background:#FFF; border:0; border-radius:3px; box-shadow:0 0 1px 0 rgba(0,0,0,0.5),0 1px 10px 0 rgba(0,0,0,0.15); margin: 1px; max-width:540px; min-width:326px; padding:0; width:99.375%; width:-webkit-calc(100% - 2px); width:calc(100% - 2px);\"\/>\n<p>De la pista a portada de revista <\/p>\n<p>Este mi\u00e9rcoles se ha anunciado<strong> la nueva edici\u00f3n de la revista HTSI<\/strong>, el n\u00famero de agosto del que <strong>Carlos Alcaraz es portada<\/strong>. Este medio es una vertiente del Financial Times de Londres que trata temas de estilo de vida. El tenista ha posado para el medio y ha concedido una entrevista de la que a\u00fan se tiene pocos detalles. <strong>\u00abEl jugador habla de la confianza en s\u00ed mismo, de relajarse en Ibiza y de su creciente rivalidad con Jannik Sinner<\/strong>, a quien se enfrentar\u00e1 de nuevo en el Abierto de Estados Unidos del pr\u00f3ximo mes\u00bb, menciona el propio medio. Se ha adelantado una de sus respuestas en la conversaci\u00f3n, que toca de lleno su relaci\u00f3n personal con el campe\u00f3n de Wimbledon: \u00abAl final se forja una buena relaci\u00f3n, una relaci\u00f3n hermosa\u00bb. <\/p>\n<blockquote class=\"instagram-media\" data-instgrm-permalink=\"https:\/\/www.instagram.com\/p\/DMuJk2tsznK\/?utm_source=ig_embed&amp;utm_campaign=loading\" data-instgrm-version=\"14\" style=\" background:#FFF; border:0; border-radius:3px; box-shadow:0 0 1px 0 rgba(0,0,0,0.5),0 1px 10px 0 rgba(0,0,0,0.15); margin: 1px; max-width:540px; min-width:326px; padding:0; width:99.375%; width:-webkit-calc(100% - 2px); width:calc(100% - 2px);\"\/>\n<p>No es la primera vez que Alcaraz protagoniza una revista de este estilo. En otras ocasiones ha posado para Men\u2019s Health, Vanity Fair, Fantasticman y GQ. Su nueva sesi\u00f3n fotogr\u00e1fica es la confirmaci\u00f3n de que <strong>tenis y moda siguen construyendo una simbiosis que les beneficia mutuament<\/strong>e. En el centro de la relaci\u00f3n entre los dos mundos, deportivo y est\u00e9tico, <strong>Carlos ha encontrado una oportunidad de influencia y negocio<\/strong> que no est\u00e1 dejando pasar. <\/p>\n<p>                                                    <script async src=\"\/\/www.instagram.com\/embed.js\"><\/script><\/p>\n","protected":false},"excerpt":{"rendered":"Carlos Alcaraz est\u00e1 disfrutando de unas merecidas vacaciones despu\u00e9s de Wimbledon. El murciano no pudo alzarse con la&hellip;\n","protected":false},"author":2,"featured_media":13989,"comment_status":"","ping_status":"","sticky":false,"template":"","format":"standard","meta":{"footnotes":""},"categories":[274],"tags":[9483,545,255,168,927,25,24,9484,23,167,327,326,546],"class_list":{"0":"post-13988","1":"post","2":"type-post","3":"status-publish","4":"format-standard","5":"has-post-thumbnail","7":"category-tenis","8":"tag-carlitos-alcaraz","9":"tag-carlos-alcaraz","10":"tag-celebrities","11":"tag-deportes","12":"tag-deportistas","13":"tag-es","14":"tag-espana","15":"tag-modelaje","16":"tag-spain","17":"tag-sports","18":"tag-tenis","19":"tag-tennis","20":"tag-wimbledon"},"share_on_mastodon":{"url":"","error":""},"_links":{"self":[{"href":"https:\/\/www.europesays.com\/es\/wp-json\/wp\/v2\/posts\/13988","targetHints":{"allow":["GET"]}}],"collection":[{"href":"https:\/\/www.europesays.com\/es\/wp-json\/wp\/v2\/posts"}],"about":[{"href":"https:\/\/www.europesays.com\/es\/wp-json\/wp\/v2\/types\/post"}],"author":[{"embeddable":true,"href":"https:\/\/www.europesays.com\/es\/wp-json\/wp\/v2\/users\/2"}],"replies":[{"embeddable":true,"href":"https:\/\/www.europesays.com\/es\/wp-json\/wp\/v2\/comments?post=13988"}],"version-history":[{"count":0,"href":"https:\/\/www.europesays.com\/es\/wp-json\/wp\/v2\/posts\/13988\/revisions"}],"wp:featuredmedia":[{"embeddable":true,"href":"https:\/\/www.europesays.com\/es\/wp-json\/wp\/v2\/media\/13989"}],"wp:attachment":[{"href":"https:\/\/www.europesays.com\/es\/wp-json\/wp\/v2\/media?parent=13988"}],"wp:term":[{"taxonomy":"category","embeddable":true,"href":"https:\/\/www.europesays.com\/es\/wp-json\/wp\/v2\/categories?post=13988"},{"taxonomy":"post_tag","embeddable":true,"href":"https:\/\/www.europesays.com\/es\/wp-json\/wp\/v2\/tags?post=13988"}],"curies":[{"name":"wp","href":"https:\/\/api.w.org\/{rel}","templated":true}]}}