{"id":139914,"date":"2025-09-26T10:47:13","date_gmt":"2025-09-26T10:47:13","guid":{"rendered":"https:\/\/www.europesays.com\/es\/139914\/"},"modified":"2025-09-26T10:47:13","modified_gmt":"2025-09-26T10:47:13","slug":"se-me-remueven-muchas-cosas","status":"publish","type":"post","link":"https:\/\/www.europesays.com\/es\/139914\/","title":{"rendered":"Se me remueven muchas cosas"},"content":{"rendered":"<p>Uno de los hombres m\u00e1s importantes en la vida de <a title=\"Mar Flores \" href=\"https:\/\/www.larazon.es\/gente\/famosos\/reproche-laura-matamoros-carlo-costanzia-presentacion-memorias-mar-flores-cada-uno-final-sabe-cuando-tiene-que-estar_2025092568d51ff916355c411d9aa947.html\" target=\"_blank\" rel=\"nofollow noopener\">Mar Flores <\/a>ha sido <a title=\"Kiko Matamoros\" href=\"https:\/\/www.larazon.es\/gente\/famosos\/maldicion-carlo-costanzia-machista-kiko-matamoros-asi-habla-mar-flores-hombres-que-han-pasado-vida_2025091068c190e502666d2324a4c945.html\" target=\"_blank\" rel=\"nofollow noopener\">Kiko Matamoros<\/a>, su excu\u00f1ado y exrepresentante. La publicaci\u00f3n de las memorias de la modelo ha removido el pasado y esta tarde, el colaborador de \u00abNo somos nadie\u00bb no ha podido evitar romperse al recordar esa \u00e9poca en la que lo perdi\u00f3 todo.<b> Entre l\u00e1grimas, Matamoros le ha pedido perd\u00f3n a Mar Flores. <\/b><\/p>\n<p>Removido por los recuerdos<\/p>\n<p>\u00abYo entiendo que Mar diga de m\u00ed lo que le de la gana. <b>Yo tambi\u00e9n he hablado mal de ella en un plat\u00f3 de televisi\u00f3n muchas veces. <\/b>Yo le pido perd\u00f3n p\u00fablicamente por determinadas actitudes que tuvo en un momento de mi vida porque estuve lleno de rencor. Me echaron, me quitaron mi trabajo, mi forma de ganarme la vida, me desahuciaron, se rieron mucho en &#8216;T\u00f3mbola&#8217; y mis hijos no saben la verdad, ni quiero que la sepan\u00bb, ha comenzado diciendo el televisivo tras visionar las im\u00e1genes de su hija Laura en la presentaci\u00f3n de su t\u00eda en las que evita pronunciarse sobre las cr\u00edticas de la modelo a su padre.<\/p>\n<p><b>Tal y como ha desvelado Matamoros visiblemente afectado,<\/b> una de sus hijas que no es Laura \u00abdijo que el dinero de las fotos (de Alessandro y Mar) nos lo hab\u00edamos repartido <a title=\"Carlo Costanzia \" href=\"https:\/\/www.larazon.es\/gente\/famosos\/grave-acusacion-mar-flores-alessandro-lequio-tiene-grabados-famosos-chicas-exuberantes_2025092268d16c0731b8a3479b74d39f.html\" target=\"_blank\" rel=\"nofollow noopener\">Carlo Costanzia <\/a>y yo. Y no hace mucho tiempo de esto\u00bb.<\/p>\n<p><img decoding=\"async\" loading=\"lazy\" src=\"https:\/\/www.europesays.com\/es\/wp-content\/uploads\/2025\/09\/kiko-matamoros-somos-nadie_58.jpg\" alt=\"Kiko Matamoros en &quot;No somos nadie&quot;\" width=\"1600\" height=\"899\"\/><b>Kiko Matamoros en \u00abNo somos nadie\u00bb<\/b>Youtube<\/p>\n<p>\u00abNo s\u00e9 hasta d\u00f3nde ha podido llegar el nivel de desintoxicaci\u00f3n, pero me da igual. Yo le he pedido p\u00fablicamente perd\u00f3n a Mar por los comentarios ofensivos que hice en su d\u00eda y lo vuelvo a decir. Estaba lleno de rencor, pero es que yo me bat\u00ed en cobre por esa muchacha. <b>No me sent\u00ed bien pagado. Lo que cuenta en el libro no es verdad. Cuando me separo ella me dice &#8216;vamos a tenerlo que dejar&#8217;, a los d\u00edas me pidi\u00f3 perd\u00f3n y luego segu\u00ed con ella nueve meses m\u00e1s.<\/b> Hac\u00eda meses que se hab\u00edan publicado las fotos\u00bb, ha proseguido el colaborador.<\/p>\n<p>Un pasado doloroso<\/p>\n<p>\u00abMe da igual lo que la gente crea, yo lo que quiero es irme a dormir tranquilo, tener el respaldo de mi mujer, de mis amigos&#8230; <b>Que lo hagan mis hijos ya no lo es. No lloro por eso, est\u00e1n en medio, pero es que se me remueven muchas cosas. Fue una separaci\u00f3n p\u00fablicamente muy traum\u00e1tica que lastr\u00f3 mi vida y la sigue lastrando. No hablo m\u00e1s porque no quiero hacer da\u00f1o a mis hijos. Quiero protegerlos como cualquier padre. No tiene nada que ver con el orgullo<\/b>\u00ab, ha confesado el colaborador. \u00abSi la madre de mis hijos me lo pidiera ah\u00ed estar\u00eda pero la historia que a ellos les ha contado&#8230; igual les har\u00eda mucho da\u00f1o saber mi verdad. Nunca he tenido la necesidad de dec\u00edrselo. Hubo una vez con Diego despu\u00e9s del &#8216;Deluxe&#8217; que empec\u00e9 una conversaci\u00f3n, pero al final lo par\u00e9 porque creo que no le iba a hacer ning\u00fan bien\u00bb,<\/p>\n","protected":false},"excerpt":{"rendered":"Uno de los hombres m\u00e1s importantes en la vida de Mar Flores ha sido Kiko Matamoros, su excu\u00f1ado&hellip;\n","protected":false},"author":2,"featured_media":139915,"comment_status":"","ping_status":"","sticky":false,"template":"","format":"standard","meta":{"footnotes":""},"categories":[174],"tags":[255,146,147,25,24,256,23],"class_list":{"0":"post-139914","1":"post","2":"type-post","3":"status-publish","4":"format-standard","5":"has-post-thumbnail","7":"category-famosos","8":"tag-celebrities","9":"tag-entertainment","10":"tag-entretenimiento","11":"tag-es","12":"tag-espana","13":"tag-famosos","14":"tag-spain"},"share_on_mastodon":{"url":"","error":""},"_links":{"self":[{"href":"https:\/\/www.europesays.com\/es\/wp-json\/wp\/v2\/posts\/139914","targetHints":{"allow":["GET"]}}],"collection":[{"href":"https:\/\/www.europesays.com\/es\/wp-json\/wp\/v2\/posts"}],"about":[{"href":"https:\/\/www.europesays.com\/es\/wp-json\/wp\/v2\/types\/post"}],"author":[{"embeddable":true,"href":"https:\/\/www.europesays.com\/es\/wp-json\/wp\/v2\/users\/2"}],"replies":[{"embeddable":true,"href":"https:\/\/www.europesays.com\/es\/wp-json\/wp\/v2\/comments?post=139914"}],"version-history":[{"count":0,"href":"https:\/\/www.europesays.com\/es\/wp-json\/wp\/v2\/posts\/139914\/revisions"}],"wp:featuredmedia":[{"embeddable":true,"href":"https:\/\/www.europesays.com\/es\/wp-json\/wp\/v2\/media\/139915"}],"wp:attachment":[{"href":"https:\/\/www.europesays.com\/es\/wp-json\/wp\/v2\/media?parent=139914"}],"wp:term":[{"taxonomy":"category","embeddable":true,"href":"https:\/\/www.europesays.com\/es\/wp-json\/wp\/v2\/categories?post=139914"},{"taxonomy":"post_tag","embeddable":true,"href":"https:\/\/www.europesays.com\/es\/wp-json\/wp\/v2\/tags?post=139914"}],"curies":[{"name":"wp","href":"https:\/\/api.w.org\/{rel}","templated":true}]}}