{"id":139930,"date":"2025-09-26T10:57:08","date_gmt":"2025-09-26T10:57:08","guid":{"rendered":"https:\/\/www.europesays.com\/es\/139930\/"},"modified":"2025-09-26T10:57:08","modified_gmt":"2025-09-26T10:57:08","slug":"integracion-total-y-respuesta-rapida-ante-cualquier-cambio","status":"publish","type":"post","link":"https:\/\/www.europesays.com\/es\/139930\/","title":{"rendered":"integraci\u00f3n total y respuesta r\u00e1pida ante cualquier cambio"},"content":{"rendered":"<p>    <img fetchpriority=\"high\" decoding=\"async\" src=\"data:image\/gif;base64,R0lGODlhAQABAIAAAAAAAP\/\/\/ywAAAAAAQABAAACAUwAOw==\" alt=\"aena\" loading=\"eager\" height=\"471\" width=\"960\" class=\"yf-1gfnohs loader\"\/> aena      <\/p>\n<p class=\"yf-1090901\"><a class=\"link \" href=\"https:\/\/www.estrategiasdeinversion.com\/cotizaciones\/indices\/mercado-continuo\/aena\" rel=\"nofollow noopener\" target=\"_blank\" data-ylk=\"slk:Aena;elm:context_link;itc:0;sec:content-canvas\">Aena<\/a>\u00a0recuerda que el sistema aeroportuario espa\u00f1ol est\u00e1 protegido por u<strong>n marco legal y constitucional s\u00f3lido<\/strong>, y que la gesti\u00f3n integrada de la red es clave para la econom\u00eda del pa\u00eds. Este comunicado responde a las recientes declaraciones de uno de sus principales accionistas, el<strong> fondo TCI Fund<\/strong>, y a las noticias sobre una posible entrada de las comunidades aut\u00f3nomas en la gesti\u00f3n de aeropuertos.<\/p>\n<p class=\"yf-1090901\">Desde julio de 2024, Aena asegura que ha estado haciendo un<strong> seguimiento constante y detallado<\/strong> de cualquier posible iniciativa pol\u00edtica en este terreno. A d\u00eda de hoy, no hay ninguna propuesta con suficiente madurez como para exigir una respuesta, pero la compa\u00f1\u00eda advierte: si llegara el momento, su reacci\u00f3n ser\u00eda \u201cinmediata y contundente\u201d.<\/p>\n<p class=\"yf-1090901\">El comunicado llega en un momento clave, ya que Aena est\u00e1 poniendo en marcha un ambicioso<strong> plan inversor para modernizar y ampliar sus aeropuertos.<\/strong> Una apuesta que busca garantizar que Espa\u00f1a siga contando con infraestructuras punteras y preparadas para las pr\u00f3ximas d\u00e9cadas.<\/p>\n","protected":false},"excerpt":{"rendered":"aena Aena\u00a0recuerda que el sistema aeroportuario espa\u00f1ol est\u00e1 protegido por un marco legal y constitucional s\u00f3lido, y que&hellip;\n","protected":false},"author":2,"featured_media":139931,"comment_status":"","ping_status":"","sticky":false,"template":"","format":"standard","meta":{"footnotes":""},"categories":[80],"tags":[1162,82,95,94,25,24,23],"class_list":{"0":"post-139930","1":"post","2":"type-post","3":"status-publish","4":"format-standard","5":"has-post-thumbnail","7":"category-economia","8":"tag-aena","9":"tag-business","10":"tag-economia","11":"tag-economy","12":"tag-es","13":"tag-espana","14":"tag-spain"},"share_on_mastodon":{"url":"","error":""},"_links":{"self":[{"href":"https:\/\/www.europesays.com\/es\/wp-json\/wp\/v2\/posts\/139930","targetHints":{"allow":["GET"]}}],"collection":[{"href":"https:\/\/www.europesays.com\/es\/wp-json\/wp\/v2\/posts"}],"about":[{"href":"https:\/\/www.europesays.com\/es\/wp-json\/wp\/v2\/types\/post"}],"author":[{"embeddable":true,"href":"https:\/\/www.europesays.com\/es\/wp-json\/wp\/v2\/users\/2"}],"replies":[{"embeddable":true,"href":"https:\/\/www.europesays.com\/es\/wp-json\/wp\/v2\/comments?post=139930"}],"version-history":[{"count":0,"href":"https:\/\/www.europesays.com\/es\/wp-json\/wp\/v2\/posts\/139930\/revisions"}],"wp:featuredmedia":[{"embeddable":true,"href":"https:\/\/www.europesays.com\/es\/wp-json\/wp\/v2\/media\/139931"}],"wp:attachment":[{"href":"https:\/\/www.europesays.com\/es\/wp-json\/wp\/v2\/media?parent=139930"}],"wp:term":[{"taxonomy":"category","embeddable":true,"href":"https:\/\/www.europesays.com\/es\/wp-json\/wp\/v2\/categories?post=139930"},{"taxonomy":"post_tag","embeddable":true,"href":"https:\/\/www.europesays.com\/es\/wp-json\/wp\/v2\/tags?post=139930"}],"curies":[{"name":"wp","href":"https:\/\/api.w.org\/{rel}","templated":true}]}}