{"id":139937,"date":"2025-09-26T11:01:10","date_gmt":"2025-09-26T11:01:10","guid":{"rendered":"https:\/\/www.europesays.com\/es\/139937\/"},"modified":"2025-09-26T11:01:10","modified_gmt":"2025-09-26T11:01:10","slug":"el-sevilla-es-un-rival-muy-peligroso-por-la-gran-calidad-de-sus-jugadores","status":"publish","type":"post","link":"https:\/\/www.europesays.com\/es\/139937\/","title":{"rendered":"\u00abEl Sevilla es un rival muy peligroso por la gran calidad de sus jugadores\u00bb"},"content":{"rendered":"<p class=\"paragraph\">El <a href=\"https:\/\/www.elcorreodeburgos.com\/temas\/ubu-san-pablo-burgos\/\" title=\"UBU San Pablo Burgos\" rel=\"nofollow noopener\" target=\"_blank\">UBU San Pablo Burgos 2031<\/a> recibe al Cajasol Sevilla BM Proin\u00a0en el Polideportivo El Plant\u00edo este domingo, a las 12:00 horas con el objetivo de recuperar sensaciones tras la derrota en A Coru\u00f1a y sumar su segundo triunfo de la temporada.<\/p>\n<p class=\"paragraph\">Los burgaleses llegan a la tercera jornada de la Divisi\u00f3n de Honor Plata despu\u00e9s de <a href=\"https:\/\/www.elcorreodeburgos.com\/deportes\/250920\/237948\/ubu-san-pablo-burgos-2031-cae-coruna-final-amargo.html\" title=\"El UBU San Pablo Burgos 2031 cae en Coru\u00f1a tras un final amargo\" rel=\"nofollow noopener\" target=\"_blank\">caer ante el Attica 21 Hotels OAR Coru\u00f1a<\/a>, un tropiezo que ha dejado al equipo con ganas de redimirse ante su afici\u00f3n. El rival andaluz, en cambio, aterriza en Burgos con la moral alta tras imponerse al Club Cisne Colegio Los Sauces en la segunda jornada. Ambos conjuntos suman una victoria y una derrota por lo que ganar el encuentro cobra importancia para ir dejando atr\u00e1s a rivales.<\/p>\n<p>            <a href=\"#\" title=\"\"><\/p>\n<p>                    <img loading=\"lazy\" decoding=\"async\" data-index=\"\" width=\"140\" height=\"140\" alt=\"Imagen de archivo de los jugadores del UBU San Pablo Burgos 2031.\" data-full=\"[object Object]\" data-original=\"[object Object]\" src=\"https:\/\/imagenes.elcorreodeburgos.com\/files\/related_image\/uploads\/2025\/09\/20\/68cf09d81f621.jpeg\" data-full-src=\"https:\/\/www.europesays.com\/es\/wp-content\/uploads\/2025\/09\/68cf09d81f621.jpeg\"\/><\/p>\n<p>            <\/a><\/p>\n<p class=\"c-detail__sumario__signature\">\n                <strong><\/p>\n<p>                <strong class=\"c-detail__sumario__author \">El Correo de Burgos | El Mundo<\/strong><\/strong>\n            <\/p>\n<p class=\"paragraph\">El t\u00e9cnico burgal\u00e9s, Jorge Berzosa, destac\u00f3 en la previa del partido que \u00abel Sevilla es un rival muy peligroso, sobre todo por la gran calidad de los jugadores que tiene en su plantilla\u00bb y advirti\u00f3 que el Cajasol \u00abse ha reforzado enormemente, con jugadores de mucha calidad\u00bb. Entre esos refuerzos sobresale Alexander Tioumentsev, cerebro del ataque y con amplia experiencia en la Liga ASOBAL, acompa\u00f1ado por nombres de peso como \u00c1ngel Montoro, Balsa Stevovic o Miguel Llorens.<\/p>\n<p class=\"paragraph\">La preparaci\u00f3n de la semana, explic\u00f3 Berzosa, se ha centrado en corregir lo ocurrido en Galicia \u00abpara no volver a cometer los mismos errores\u00bb.<\/p>\n<p class=\"paragraph\">El entrenador subray\u00f3 tambi\u00e9n la importancia de hacerse fuertes en El Plant\u00edo, al se\u00f1alar que \u00abel objetivo de esta semana es evitar que un muy buen equipo nos sorprenda en nuestra casa. Tenemos que devolver a la afici\u00f3n a la senda de la victoria\u00bb.<\/p>\n<p class=\"paragraph\">Desde la cancha, Fabrizio Casanova, lateral izquierdo del conjunto cidiano, incidi\u00f3 en que \u00abel partido del fin de semana contra el Balonmano Provincia de Sevilla va a ser un partido muy f\u00edsico. Ellos se han reforzado muy bien este a\u00f1o y m\u00e1s con la gente que se qued\u00f3, tienen una plantilla con mucha variabilidad\u00bb.<\/p>\n<p class=\"paragraph\">Casanova apunt\u00f3 que \u00ablos primeros minutos van a ser de que los dos equipos van a intentar correr mucho, entonces tenemos que estar muy finos en nuestro repliegue, en ataque minimizar las p\u00e9rdidas para que ellos no aprovechen esta situaci\u00f3n, que lo hacen muy bien y te suelen castigar bastante\u00bb. A modo de claves, resumi\u00f3 que \u00abtenemos que controlar muy bien el repliegue, poner el list\u00f3n muy alto en defensa para detener lanzamientos exteriores y enfrentamientos de uno para uno, y en ataque ser disciplinados y minimizar p\u00e9rdidas. Yo creo que con eso nos va a dar para poder lograr la victoria en El Plant\u00edo\u00bb.<\/p>\n<p class=\"paragraph\">La principal inc\u00f3gnita para el UBU San Pablo sigue siendo la participaci\u00f3n del central Miguel Malo, lesionado en el pie derecho en el encuentro anterior y que no ha podido ejercitarse con el grupo. Su baja se unir\u00eda a las dudas f\u00edsicas de otros jugadores tocados durante la semana.<\/p>\n<p class=\"paragraph\">El duelo se presenta, por tanto, como un examen de car\u00e1cter para un Burgos que quiere dar un paso al frente y mantener intactas sus aspiraciones en la parte alta de la tabla.<\/p>\n","protected":false},"excerpt":{"rendered":"El UBU San Pablo Burgos 2031 recibe al Cajasol Sevilla BM Proin\u00a0en el Polideportivo El Plant\u00edo este domingo,&hellip;\n","protected":false},"author":2,"featured_media":139938,"comment_status":"","ping_status":"","sticky":false,"template":"","format":"standard","meta":{"footnotes":""},"categories":[278],"tags":[376,2770,168,25,24,375,1848,12764,23,167,23118],"class_list":{"0":"post-139937","1":"post","2":"type-post","3":"status-publish","4":"format-standard","5":"has-post-thumbnail","7":"category-balonmano","8":"tag-balonmano","9":"tag-complejo-deportivo-el-plantio","10":"tag-deportes","11":"tag-es","12":"tag-espana","13":"tag-handball","14":"tag-jorge-berzosa","15":"tag-sevilla-fc","16":"tag-spain","17":"tag-sports","18":"tag-ubu-san-pablo-burgos"},"share_on_mastodon":{"url":"","error":""},"_links":{"self":[{"href":"https:\/\/www.europesays.com\/es\/wp-json\/wp\/v2\/posts\/139937","targetHints":{"allow":["GET"]}}],"collection":[{"href":"https:\/\/www.europesays.com\/es\/wp-json\/wp\/v2\/posts"}],"about":[{"href":"https:\/\/www.europesays.com\/es\/wp-json\/wp\/v2\/types\/post"}],"author":[{"embeddable":true,"href":"https:\/\/www.europesays.com\/es\/wp-json\/wp\/v2\/users\/2"}],"replies":[{"embeddable":true,"href":"https:\/\/www.europesays.com\/es\/wp-json\/wp\/v2\/comments?post=139937"}],"version-history":[{"count":0,"href":"https:\/\/www.europesays.com\/es\/wp-json\/wp\/v2\/posts\/139937\/revisions"}],"wp:featuredmedia":[{"embeddable":true,"href":"https:\/\/www.europesays.com\/es\/wp-json\/wp\/v2\/media\/139938"}],"wp:attachment":[{"href":"https:\/\/www.europesays.com\/es\/wp-json\/wp\/v2\/media?parent=139937"}],"wp:term":[{"taxonomy":"category","embeddable":true,"href":"https:\/\/www.europesays.com\/es\/wp-json\/wp\/v2\/categories?post=139937"},{"taxonomy":"post_tag","embeddable":true,"href":"https:\/\/www.europesays.com\/es\/wp-json\/wp\/v2\/tags?post=139937"}],"curies":[{"name":"wp","href":"https:\/\/api.w.org\/{rel}","templated":true}]}}