{"id":139951,"date":"2025-09-26T11:10:15","date_gmt":"2025-09-26T11:10:15","guid":{"rendered":"https:\/\/www.europesays.com\/es\/139951\/"},"modified":"2025-09-26T11:10:15","modified_gmt":"2025-09-26T11:10:15","slug":"la-historia-de-un-titulo-con-mas-de-600-anos-de-antiguedad","status":"publish","type":"post","link":"https:\/\/www.europesays.com\/es\/139951\/","title":{"rendered":"la historia de un t\u00edtulo con m\u00e1s de 600 a\u00f1os de antig\u00fcedad"},"content":{"rendered":"<p id=\"ezkB_2_LUS\" data-wc=\"131\">Desde la proclamaci\u00f3n de su padre como Felipe VI ante las Cortes Generales en junio de 2014, <strong>Leonor se convirti\u00f3 en heredera al Trono de Espa\u00f1a<\/strong> y asumi\u00f3 los t\u00edtulos hist\u00f3ricos de princesa de Asturias, Girona y Viana, adem\u00e1s de duquesa de Montblanc, condesa de Cervera y se\u00f1ora de Balaguer. Ahora, <a class=\"hm-link ho-link\" href=\"https:\/\/www.hola.com\/realeza\/casa_espanola\/20250901853142\/princesa-leonor-primera-vez-el-uniforme-del-ejercito-del-aire\/\" data-mrf-recirculation=\"article-body-link\" rel=\"nofollow noopener\" target=\"_blank\">en plena formaci\u00f3n militar con el Ej\u00e9rcito del Aire<\/a>, la hija de los Reyes da un paso m\u00e1s en su preparaci\u00f3n como futura jefa del Estado y debuta oficialmente como princesa de Viana, t\u00edtulo vinculado al antiguo Reino de Navarra y que fue creado en 1423. Durante dos d\u00edas, <strong>Leonor protagonizar\u00e1 siete actos institucionales en un recorrido entre Pamplona, Viana, Yesa, Olite y Tudela,<\/strong> reforzando as\u00ed su v\u00ednculo con la historia, el presente y el futuro de la comunidad foral.<\/p>\n<p> <img src=\"https:\/\/www.europesays.com\/es\/wp-content\/uploads\/2025\/09\/da39e5aa3220-dlu566459004.jpg\"   width=\"1024\" height=\"671\" loading=\"lazy\" decoding=\"async\" alt=\"Los reyes y la princesa Leonor en el Besa Manos 2024\" fetchpriority=\"auto\" class=\"image ho-image\"\/>\u00a9 GTRESImagen de archivo: Palacio Real de Madrid 2024<\/p>\n<p id=\"e6oTN19kUJ\" data-wc=\"76\">Uno de los actos que tiene programados Leonor, como princesa de Viana, ser\u00e1 visitar las <strong>Ruinas de la Iglesia de San Pedro de Viana,<\/strong> la primera que se levant\u00f3 en el siglo XIII en la localidad, una exposici\u00f3n con motivo del 6\u00ba centenario del t\u00edtulo de pr\u00edncipe de Viana. Una muestra que el Gobierno de Navarra inaugur\u00f3 en enero de 2023 y que se pudo disfrutar en el Archivo de Navarra de forma libre y gratuita. \u00a0<\/p>\n<p> <img src=\"https:\/\/www.europesays.com\/es\/wp-content\/uploads\/2025\/09\/1c7128f65547-san-pedro-murallas-2.jpg\"   width=\"1024\" height=\"682\" loading=\"lazy\" decoding=\"async\" alt=\"Iglesia de San Pedro, Viana\" fetchpriority=\"auto\" class=\"image ho-image\"\/>\u00a9 Ayuntamiento de VianaIglesia de San Pedro, Viana<\/p>\n<p> <img src=\"https:\/\/www.europesays.com\/es\/wp-content\/uploads\/2025\/09\/cdda7e141ace-san-pedro-murallas-3.jpg\"   width=\"1024\" height=\"768\" loading=\"lazy\" decoding=\"async\" alt=\"Iglesia de San Pedro, Viana\" fetchpriority=\"auto\" class=\"image ho-image\"\/>\u00a9 Ayuntamiento de VianaIglesia de San Pedro, Viana<br \/>\nHistor\u00eda de un t\u00edtulo que se remonta a la Baja Edad Media<\/p>\n<p id=\"eZlAArFi_F\" data-wc=\"134\">Tal y como explica en su portal el propio Gobierno de Navarra, el origen de este t\u00edtulo se remonta a la Baja Edad Media cuando se populariz\u00f3 entre las monarqu\u00edas europeas la costumbre de<strong>\u00a0dotar de una dignidad especial al heredero de la corona vincul\u00e1ndole, adem\u00e1s, con alguna parte concreta del territorio del reino.\u00a0<\/strong>As\u00ed, ya desde la primera mitad del siglo XIV el heredero de la corona inglesa recib\u00eda la dignidad de pr\u00edncipe de Gales, en tanto que el sucesor al trono franc\u00e9s ostentaba el t\u00edtulo de delf\u00edn de Viena (por Viena del Delfinado, localidad francesa ubicada en el departamento de Is\u00e8re). Esta tendencia llegar\u00eda tambi\u00e9n a los reinos hisp\u00e1nicos, naciendo los t\u00edtulos de pr\u00edncipe de Asturias y de pr\u00edncipe de Gerona para los herederos de los reyes de Castilla y Arag\u00f3n, respectivamente.<\/p>\n<p> <img src=\"https:\/\/www.europesays.com\/es\/wp-content\/uploads\/2025\/09\/dd31836f10ac-san-pedro-murallas-4.jpg\"   width=\"1024\" height=\"768\" loading=\"lazy\" decoding=\"async\" alt=\"Iglesia de San Pedro, Viana\" fetchpriority=\"auto\" class=\"image ho-image\"\/>\u00a9 Ayuntamiento de VianaIglesia de San Pedro, Viana<\/p>\n<p id=\"eX15Ikkp9z1\" data-wc=\"130\">En este contexto, el 20 de enero de 1423 el rey Carlos III el Noble, quien ya hab\u00eda mostrado su intenci\u00f3n de equipararse a otros reinos europeos,<strong>\u00a0dispuso la creaci\u00f3n del t\u00edtulo de Pr\u00edncipe de Viana para su nieto Carlos<\/strong>, hijo de su hija Blanca \u2013aut\u00e9ntica heredera directa del trono\u2013 y el infante Juan de Trast\u00e1mara. El documento de concesi\u00f3n, adem\u00e1s de reconocer la dignidad de Pr\u00edncipe de Viana para su nieto y futuro heredero al trono, estableci\u00f3 un conjunto espec\u00edfico de patrimonio constituido por una serie de lugares, castillos y villas que, encabezada por la de Viana, pasar\u00eda a ser conocido desde entonces como el \u201cPrincipado de Viana\u201d y cuyas rentas quedar\u00edan desde ese momento al servicio del pr\u00edncipe como fuente de ingresos para financiar sus gastos y posici\u00f3n.\u00a0<\/p>\n<p> <img src=\"https:\/\/www.europesays.com\/es\/wp-content\/uploads\/2025\/09\/62d888fe39ce-san-pedro-murallas-5.jpg\"   width=\"1080\" height=\"1800\" loading=\"lazy\" decoding=\"async\" alt=\"Iglesia de San Pedro, Viana\" fetchpriority=\"auto\" class=\"image ho-image\"\/>\u00a9 Ayuntamiento de VianaIglesia de San Pedro, Viana<\/p>\n<p id=\"eEDPoECRoKO\" data-wc=\"134\">La situaci\u00f3n de inestabilidad por la que atraves\u00f3 el reino durante la segunda mitad del siglo XV, provoc\u00f3 que el t\u00edtulo vian\u00e9s cayera en desuso, sin embargo, la ciudad de Viana, como cabeza del Principado, hizo en los siglos siguientes espor\u00e1dicas reclamaciones acerca de su vigencia y de la necesidad de que el heredero de la corona espa\u00f1ola usara tambi\u00e9n de la dignidad de pr\u00edncipe de Viana. As\u00ed, el 13 de marzo de 1923 la Diputaci\u00f3n Foral y Provincial de Navarra, acogiendo una iniciativa del Ayuntamiento vian\u00e9s con motivo del V centenario de la creaci\u00f3n del principado,<strong>\u00a0acord\u00f3 dirigirse al rey Alfonso XIII solicitando la rehabilitaci\u00f3n del uso del t\u00edtulo alegando que \u201cel heredero del Rey de Espa\u00f1a debe ostentar no s\u00f3lo el principado castellano de Asturias, sino tambi\u00e9n el principado navarro de Viana\u201d.<\/strong><\/p>\n<p> <img src=\"https:\/\/www.europesays.com\/es\/wp-content\/uploads\/2025\/09\/3684528e9445-gettyimages-1162718241.jpg\"   width=\"815\" height=\"1024\" loading=\"lazy\" decoding=\"async\" alt=\"Carlos, Pr\u00edncipe de Viana (1421-1461). Carlos de Viana fue infante de Arag\u00f3n y de Navarra, pr\u00edncipe de Viana y de Gerona, duque de Gand\u00eda y de Montblanch, y rey titular de Navarra como Carlos IV. Carlos de Viana fue hijo del infante Juan de Arag\u00f3n y de la reina Blanca I de Navarra, hija y heredera de Carlos III de Navarra.\" fetchpriority=\"auto\" class=\"image ho-image\"\/>\u00a9 Getty ImagesCarlos, primer Pr\u00edncipe de Viana (1421-1461). Carlos de Viana fue infante de Arag\u00f3n y de Navarra, pr\u00edncipe de Viana y de Gerona, duque de Gand\u00eda y de Montblanch, y rey titular de Navarra como Carlos IV. Carlos de Viana fue hijo del infante Juan de Arag\u00f3n y de la reina Blanca I de Navarra, hija y heredera de Carlos III de Navarra.<\/p>\n<p> <img src=\"https:\/\/www.europesays.com\/es\/wp-content\/uploads\/2025\/09\/f2adbbf15e56-retrato-del-prncipe-de-viana-hacia-1480.jpg\"   width=\"666\" height=\"1024\" loading=\"lazy\" decoding=\"async\" alt=\"Imagen miniatura del Pr\u00edncipe de Viana hacia 1480.\" fetchpriority=\"auto\" class=\"image ho-image\"\/>\u00a9 Archivo de NavarraImagen miniatura del Pr\u00edncipe de Viana hacia 1480.<\/p>\n<p id=\"ePjd4NTrH_e\" data-wc=\"49\">Finalmente, con la aprobaci\u00f3n de la Constituci\u00f3n Espa\u00f1ola de 1978, el art\u00edculo 57.2 del texto constitucional reconoci\u00f3 al pr\u00edncipe heredero de la corona de Espa\u00f1a el t\u00edtulo de Pr\u00edncipe de Asturias, a\u00f1adiendo a continuaci\u00f3n que tambi\u00e9n le corresponder\u00edan los dem\u00e1s t\u00edtulos vinculados tradicionalmente al sucesor de la corona espa\u00f1ola.\u00a0<\/p>\n","protected":false},"excerpt":{"rendered":"Desde la proclamaci\u00f3n de su padre como Felipe VI ante las Cortes Generales en junio de 2014, Leonor&hellip;\n","protected":false},"author":2,"featured_media":139952,"comment_status":"","ping_status":"","sticky":false,"template":"","format":"standard","meta":{"footnotes":""},"categories":[174],"tags":[255,146,147,25,24,256,811,1027,1029,23],"class_list":{"0":"post-139951","1":"post","2":"type-post","3":"status-publish","4":"format-standard","5":"has-post-thumbnail","7":"category-famosos","8":"tag-celebrities","9":"tag-entertainment","10":"tag-entretenimiento","11":"tag-es","12":"tag-espana","13":"tag-famosos","14":"tag-princesa-leonor","15":"tag-realeza","16":"tag-realeza-espanola","17":"tag-spain"},"share_on_mastodon":{"url":"","error":""},"_links":{"self":[{"href":"https:\/\/www.europesays.com\/es\/wp-json\/wp\/v2\/posts\/139951","targetHints":{"allow":["GET"]}}],"collection":[{"href":"https:\/\/www.europesays.com\/es\/wp-json\/wp\/v2\/posts"}],"about":[{"href":"https:\/\/www.europesays.com\/es\/wp-json\/wp\/v2\/types\/post"}],"author":[{"embeddable":true,"href":"https:\/\/www.europesays.com\/es\/wp-json\/wp\/v2\/users\/2"}],"replies":[{"embeddable":true,"href":"https:\/\/www.europesays.com\/es\/wp-json\/wp\/v2\/comments?post=139951"}],"version-history":[{"count":0,"href":"https:\/\/www.europesays.com\/es\/wp-json\/wp\/v2\/posts\/139951\/revisions"}],"wp:featuredmedia":[{"embeddable":true,"href":"https:\/\/www.europesays.com\/es\/wp-json\/wp\/v2\/media\/139952"}],"wp:attachment":[{"href":"https:\/\/www.europesays.com\/es\/wp-json\/wp\/v2\/media?parent=139951"}],"wp:term":[{"taxonomy":"category","embeddable":true,"href":"https:\/\/www.europesays.com\/es\/wp-json\/wp\/v2\/categories?post=139951"},{"taxonomy":"post_tag","embeddable":true,"href":"https:\/\/www.europesays.com\/es\/wp-json\/wp\/v2\/tags?post=139951"}],"curies":[{"name":"wp","href":"https:\/\/api.w.org\/{rel}","templated":true}]}}