{"id":140013,"date":"2025-09-26T11:47:08","date_gmt":"2025-09-26T11:47:08","guid":{"rendered":"https:\/\/www.europesays.com\/es\/140013\/"},"modified":"2025-09-26T11:47:08","modified_gmt":"2025-09-26T11:47:08","slug":"el-sanicentro-balonmano-guadalajara-visita-huerta-del-rey-en-busca-de-su-primera-victoria","status":"publish","type":"post","link":"https:\/\/www.europesays.com\/es\/140013\/","title":{"rendered":"El SANICENTRO Balonmano Guadalajara visita Huerta del Rey en busca de su primera victoria"},"content":{"rendered":"<p><strong>El equipo de Juan Carlos Requena afronta este s\u00e1bado (20:30 h) la tercera jornada de Liga ASOBAL frente al Recoletas Atl\u00e9tico Valladolid, uno de los rivales m\u00e1s s\u00f3lidos en casa. Los alcarre\u00f1os llegan con bajas importantes y con la necesidad de sumar sus primeros puntos<\/strong><\/p>\n<p>\u00a0<\/p>\n<p>La Liga NEXUS ENERG\u00cdA ASOBAL no da respiro y el SANICENTRO Balonmano Guadalajara afronta este fin de semana un nuevo reto de altura. Tras las derrotas ante Logro\u00f1o y Alicante, los morados viajan a Valladolid para medirse al Recoletas Atl\u00e9tico en el m\u00edtico Huerta del Rey, una de las pistas m\u00e1s complicadas de la categor\u00eda, donde la pasada temporada ni el Bar\u00e7a logr\u00f3 ganar.<\/p>\n<p>\u00a0<\/p>\n<p>El t\u00e9cnico Juan Carlos Requena mantiene la calma pese al arranque sin puntos y conf\u00eda en que su equipo vaya creciendo con el paso de las jornadas. \u201cEl primer partido competimos bien, en el segundo estuvimos a remolque por las bajas, pero la Liga es larga y hay que seguir trabajando\u201d, se\u00f1alaba en la previa. El entrenador almeriense no podr\u00e1 contar con Fabio Chiuffa, lesionado en el gemelo, y mantiene como dudas a Haitz Gorostidi y Diego Vera, lo que condiciona las rotaciones.<\/p>\n<p>\u00a0<\/p>\n<p>El rival, por su parte, llega en un gran momento. Los vallisoletanos, dirigidos por Pisonero, suman una victoria contundente ante Huesca y una derrota \u201cl\u00f3gica\u201d en el Palau frente al Bar\u00e7a. Su fortaleza como locales es conocida y Requena advierte del peligro: \u201cTenemos que minimizar p\u00e9rdidas y ser inteligentes en la selecci\u00f3n de lanzamientos, porque ellos castigan cualquier error con goles r\u00e1pidos\u201d.<\/p>\n<p>\u00a0<\/p>\n<p>Uno de los protagonistas ser\u00e1 el portero Nico Garc\u00eda, que se reencuentra con el club en el que se form\u00f3 y donde milit\u00f3 antes de llegar a Guadalajara. El asturiano, que comparte porter\u00eda esta temporada con el croata Vladi\u0107, conf\u00eda en que la compenetraci\u00f3n del d\u00fao sea una de las claves para competir en la \u00e9lite. \u201cS\u00e9 que ser\u00e1 muy dif\u00edcil, pero esta Liga permite pelear todos los partidos. Tenemos que luchar hasta el final como hicimos en Logro\u00f1o\u201d.<\/p>\n<p>\u00a0<\/p>\n<p>El partido se disputar\u00e1 este s\u00e1bado 27 de septiembre a las 20:30 horas y podr\u00e1 seguirse a trav\u00e9s de LaLiga+. El SANICENTRO BM Guadalajara buscar\u00e1 as\u00ed estrenar su casillero de puntos y dar la primera alegr\u00eda a su afici\u00f3n en una temporada que se presume de exigencia m\u00e1xima.<\/p>\n","protected":false},"excerpt":{"rendered":"El equipo de Juan Carlos Requena afronta este s\u00e1bado (20:30 h) la tercera jornada de Liga ASOBAL frente&hellip;\n","protected":false},"author":2,"featured_media":140014,"comment_status":"","ping_status":"","sticky":false,"template":"","format":"standard","meta":{"footnotes":""},"categories":[278],"tags":[376,168,25,24,375,23440,37627,23,167],"class_list":{"0":"post-140013","1":"post","2":"type-post","3":"status-publish","4":"format-standard","5":"has-post-thumbnail","7":"category-balonmano","8":"tag-balonmano","9":"tag-deportes","10":"tag-es","11":"tag-espana","12":"tag-handball","13":"tag-liga-plenitude-asobal","14":"tag-sanicentro-balonmano-guadalajara","15":"tag-spain","16":"tag-sports"},"share_on_mastodon":{"url":"","error":""},"_links":{"self":[{"href":"https:\/\/www.europesays.com\/es\/wp-json\/wp\/v2\/posts\/140013","targetHints":{"allow":["GET"]}}],"collection":[{"href":"https:\/\/www.europesays.com\/es\/wp-json\/wp\/v2\/posts"}],"about":[{"href":"https:\/\/www.europesays.com\/es\/wp-json\/wp\/v2\/types\/post"}],"author":[{"embeddable":true,"href":"https:\/\/www.europesays.com\/es\/wp-json\/wp\/v2\/users\/2"}],"replies":[{"embeddable":true,"href":"https:\/\/www.europesays.com\/es\/wp-json\/wp\/v2\/comments?post=140013"}],"version-history":[{"count":0,"href":"https:\/\/www.europesays.com\/es\/wp-json\/wp\/v2\/posts\/140013\/revisions"}],"wp:featuredmedia":[{"embeddable":true,"href":"https:\/\/www.europesays.com\/es\/wp-json\/wp\/v2\/media\/140014"}],"wp:attachment":[{"href":"https:\/\/www.europesays.com\/es\/wp-json\/wp\/v2\/media?parent=140013"}],"wp:term":[{"taxonomy":"category","embeddable":true,"href":"https:\/\/www.europesays.com\/es\/wp-json\/wp\/v2\/categories?post=140013"},{"taxonomy":"post_tag","embeddable":true,"href":"https:\/\/www.europesays.com\/es\/wp-json\/wp\/v2\/tags?post=140013"}],"curies":[{"name":"wp","href":"https:\/\/api.w.org\/{rel}","templated":true}]}}