{"id":140017,"date":"2025-09-26T11:51:09","date_gmt":"2025-09-26T11:51:09","guid":{"rendered":"https:\/\/www.europesays.com\/es\/140017\/"},"modified":"2025-09-26T11:51:09","modified_gmt":"2025-09-26T11:51:09","slug":"carlos-alcaraz-seria-duda-para-el-duelo-de-manana-ante-bergs-en-tokio","status":"publish","type":"post","link":"https:\/\/www.europesays.com\/es\/140017\/","title":{"rendered":"Carlos Alcaraz, seria duda para el duelo de ma\u00f1ana ante Bergs en Tokio"},"content":{"rendered":"<p><a class=\"v-mdl-ath__fig-a\" href=\"https:\/\/www.laverdad.es\/autor\/fernando-perals-3252.html\" title=\"Fernando Perals\" rel=\"nofollow noopener\" target=\"_blank\"><br \/>\n<img decoding=\"async\" class=\"v-mdl-ath__img\" src=\"https:\/\/www.europesays.com\/es\/wp-content\/uploads\/2025\/08\/autor-3252-foto-3.jpeg\" alt=\"Fernando Perals\"\/><br \/>\n<\/a><\/p>\n<p class=\"v-mdl-ath__p v-mdl-ath__p--6\">\nViernes, 26 de septiembre 2025, 11:48<\/p>\n<p class=\"v-p\">La continuidad de Carlos Alcaraz en el ATP 500 de Tokio pende de un hilo. El tenista murciano amaneci\u00f3 este viernes con dolor en su tobillo izquierdo despu\u00e9s de la torcedura que sufri\u00f3 en la jornada del jueves en <a href=\"https:\/\/www.laverdad.es\/carlos-alcaraz\/carlos-alcaraz-triunfo-susto-debut-tokio-20250925135341-nt.html\" title=\"www.laverdad.es\" data-voc-vtm-id=\"in-text-traffic\" data-mrf-link=\"www.laverdad.es\" rel=\"nofollow noopener\" target=\"_blank\">su partido ante el argentino Sebasti\u00e1n B\u00e1ez<\/a>, que termin\u00f3 ganando a pesar del susto por 6-4 y 6-2.<\/p>\n<p class=\"v-p\">El de El Palmar tom\u00f3 la decisi\u00f3n de no entrenar durante este viernes para no exigir m\u00e1s la zona afectada y ser\u00e1 tratado por su equipo m\u00e9dico y su fisioterapeuta con el fin de remitir los dolores. 24 horas despu\u00e9s de la peque\u00f1a lesi\u00f3n que sufri\u00f3 en la pista y que dej\u00f3 helado a su equipo y a todo el p\u00fablico, las molestias han aumentado y es seria duda para el encuentro que disputa este s\u00e1bado ante el belga Zizou Bergs.<\/p>\n<p class=\"v-p\">La organizaci\u00f3n del torneo japon\u00e9s ha programado el choque de octavos de final entre Alcaraz y Bergs para el \u00faltimo turno de la jornada de ma\u00f1ana s\u00e1bado, por lo que se disputar\u00eda en torno a las 11.00 horas en Espa\u00f1a. El pupilo de Juan Carlos Ferrero estar\u00e1 entre algodones hasta la misma hora del choque, por lo que su participaci\u00f3n en la competici\u00f3n es una inc\u00f3gnita.<\/p>\n<p class=\"v-p\">Las sensaciones en su tobillo izquierdo han empeorado con respecto a la jornada del viernes, ya que el propio jugador murciano confes\u00f3 en rueda de prensa que se sent\u00eda \u00abigual que al final del partido tras enfriarse la zona, por lo que creo que es positivo\u00bb. \u00abTuve mala suerte, me salv\u00f3 que estaba corriendo hacia adelante y que la torcedura no fue grande. El hecho de haber podido ir andando al banquillo fue un alivio\u00bb, confes\u00f3 Alcaraz.<\/p>\n<p class=\"v-p\">A\u00fan as\u00ed, parece que las primeras horas de este viernes han dado un giro de 180 grados a sus sensaciones. Habr\u00e1 que esperar para saber si el tenista murciano est\u00e1 para disputar los octavos de final del torneo japon\u00e9s y, en caso de que pueda entrar en pista, a qu\u00e9 nivel estar\u00e1 para competir por seguir peleando en este ATP 500.<\/p>\n<p class=\"v-p\">Por delante, <a href=\"https:\/\/www.laverdad.es\/carlos-alcaraz\/alcaraz-regresa-lugar-inicio-reinado-gran-figura-20250918013758-nt.html\" title=\"www.laverdad.es\" data-voc-vtm-id=\"in-text-traffic\" data-mrf-link=\"www.laverdad.es\" rel=\"nofollow noopener\" target=\"_blank\">el murciano tiene en el pr\u00f3ximo mes<\/a> dos citas importantes como el Masters 1000 de Shangh\u00e1i (del 1 al 12 de octubre), y el Masters 1000 de Par\u00eds (del 27 de octubre al 2 de noviembre), por lo que deber\u00e1 replantearse si merece la penar correr el riesgo de seguir compitiendo ahora con el tobillo izquierdo tocado.<\/p>\n<p>Comenta<\/p>\n<p>Reporta un error<\/p>\n","protected":false},"excerpt":{"rendered":"Viernes, 26 de septiembre 2025, 11:48 La continuidad de Carlos Alcaraz en el ATP 500 de Tokio pende&hellip;\n","protected":false},"author":2,"featured_media":140018,"comment_status":"","ping_status":"","sticky":false,"template":"","format":"standard","meta":{"footnotes":""},"categories":[274],"tags":[4736,1575,43723,415,168,2681,320,25,24,2435,23,167,327,326,13536],"class_list":{"0":"post-140017","1":"post","2":"type-post","3":"status-publish","4":"format-standard","5":"has-post-thumbnail","7":"category-tenis","8":"tag-alcaraz","9":"tag-ante","10":"tag-bergs","11":"tag-carlos","12":"tag-deportes","13":"tag-duda","14":"tag-duelo","15":"tag-es","16":"tag-espana","17":"tag-manana","18":"tag-spain","19":"tag-sports","20":"tag-tenis","21":"tag-tennis","22":"tag-tokio"},"share_on_mastodon":{"url":"","error":""},"_links":{"self":[{"href":"https:\/\/www.europesays.com\/es\/wp-json\/wp\/v2\/posts\/140017","targetHints":{"allow":["GET"]}}],"collection":[{"href":"https:\/\/www.europesays.com\/es\/wp-json\/wp\/v2\/posts"}],"about":[{"href":"https:\/\/www.europesays.com\/es\/wp-json\/wp\/v2\/types\/post"}],"author":[{"embeddable":true,"href":"https:\/\/www.europesays.com\/es\/wp-json\/wp\/v2\/users\/2"}],"replies":[{"embeddable":true,"href":"https:\/\/www.europesays.com\/es\/wp-json\/wp\/v2\/comments?post=140017"}],"version-history":[{"count":0,"href":"https:\/\/www.europesays.com\/es\/wp-json\/wp\/v2\/posts\/140017\/revisions"}],"wp:featuredmedia":[{"embeddable":true,"href":"https:\/\/www.europesays.com\/es\/wp-json\/wp\/v2\/media\/140018"}],"wp:attachment":[{"href":"https:\/\/www.europesays.com\/es\/wp-json\/wp\/v2\/media?parent=140017"}],"wp:term":[{"taxonomy":"category","embeddable":true,"href":"https:\/\/www.europesays.com\/es\/wp-json\/wp\/v2\/categories?post=140017"},{"taxonomy":"post_tag","embeddable":true,"href":"https:\/\/www.europesays.com\/es\/wp-json\/wp\/v2\/tags?post=140017"}],"curies":[{"name":"wp","href":"https:\/\/api.w.org\/{rel}","templated":true}]}}