{"id":140025,"date":"2025-09-26T11:56:12","date_gmt":"2025-09-26T11:56:12","guid":{"rendered":"https:\/\/www.europesays.com\/es\/140025\/"},"modified":"2025-09-26T11:56:12","modified_gmt":"2025-09-26T11:56:12","slug":"los-reyes-felipe-y-letizia-visitaran-belgica-el-proximo-7-de-octubre","status":"publish","type":"post","link":"https:\/\/www.europesays.com\/es\/140025\/","title":{"rendered":"los reyes Felipe y Letizia visitar\u00e1n B\u00e9lgica el pr\u00f3ximo 7 de octubre"},"content":{"rendered":"<p id=\"ehr2evojq_\" data-wc=\"141\">Los reyes Felipe y Letizia acaban de sumar una nueva cita a su ya de por s\u00ed <strong>apretada\u00a0<\/strong><strong>agenda institucional<\/strong>. Les espera un intenso mes de octubre que comenzar\u00e1 con un viaje al extranjero, concretamente a B\u00e9lgica, tal y como acaban de anunciar en un comunicado oficial en el que detallan los actos que tendr\u00e1n juntos. \u00abEl 7 de octubre de 2025, Sus Majestades el Rey y la Reina reciben, en el marco del Festival Europalia Espa\u00f1a 2025, a Sus Majestades el Rey Felipe VI y la Reina Letizia de Espa\u00f1a. Les recibir\u00e1n primero en el Palacio de Bruselas para una audiencia y un almuerzo de trabajo. Por la tarde, el Rey y la Reina inaugurar\u00e1n el festival en el Palacio de Bellas Artes junto con los soberanos espa\u00f1oles. All\u00ed visitar\u00e1n <strong>la exposici\u00f3n &#8216;Luz y sombra. Goya y el realismo espa\u00f1ol&#8217;<\/strong>\u00ab.<\/p>\n<p> <img src=\"https:\/\/www.europesays.com\/es\/wp-content\/uploads\/2025\/09\/78854b1e38d7-dlu268407004-1.jpg\"   width=\"703\" height=\"1024\" loading=\"lazy\" decoding=\"async\" alt=\"Los reyes Felipe y Letizia son recibidos por Felipe y Matilde B\u00e9lgica en el Palacio de Bruselas el 12 de noviembre de 2014\" fetchpriority=\"auto\" class=\"image ho-image\"\/>\u00a9 GTRESLos Reyes, recibidos por Felipe y Matilde B\u00e9lgica en el Palacio de Bruselas el 12 de noviembre de 2014<\/p>\n<p id=\"e962OGUxHx\" data-wc=\"105\">Don Felipe y do\u00f1a Letizia asistir\u00e1n a la ceremonia de inauguraci\u00f3n del festival, que celebra su 30\u00ba edici\u00f3n con <strong>Francisco de Goya como figura central<\/strong>. Europalia es un festival internacional de artes fundado en 1969 y que se celebra cada dos a\u00f1os en B\u00e9lgica fomentando intercambios culturales significativos con los pa\u00edses invitados. Tal y como recoge el Ministerio de Asuntos Exteriores, Uni\u00f3n Europea y Cooperaci\u00f3n, este a\u00f1o el festival pondr\u00e1 en valor \u00abla riqueza cultural de Espa\u00f1a a trav\u00e9s de las artes visuales, la arquitectura, el teatro, la danza, la m\u00fasica, la performance, el cine y la literatura, reuniendo tanto nombres consagrados como figuras emergentes\u00bb.<\/p>\n<p id=\"e68EQiW0lq\" data-wc=\"148\">Europalia, que desplegar\u00e1 por toda B\u00e9lgica un programa multidisciplinar entre el 8 de octubre y el 1 de febrero de 2026, comenzar\u00e1 con la exposici\u00f3n principal &#8216;Luz y Sombra. Goya y el realismo espa\u00f1ol&#8217; en el <strong>Palacio de Bellas Artes de Bruselas<\/strong>, tambi\u00e9n conocido como Bozar. Ser\u00e1 all\u00ed donde los Reyes podr\u00e1n conocer de primera mano esta muestra que explora el impacto de su obra en la concepci\u00f3n de la identidad espa\u00f1ola, as\u00ed como la interpretaci\u00f3n universal de su legado. \u00abLa muestra re\u00fane pinturas, dibujos y grabados de Goya junto a obras de sus contempor\u00e1neos y de generaciones posteriores (como Jos\u00e9 Guti\u00e9rrez Solana, Pablo Picasso, Antonio Saura, entre otros). Adem\u00e1s, se incluyen nuevas creaciones multidisciplinares de artistas como Asunci\u00f3n Molinos Gordo (artista visual), Francisco L\u00f3pez (artista sonoro), Albert Serra (cineasta) y escritores contempor\u00e1neos espa\u00f1oles y belgas, que demuestran la vigencia del legado de Goya\u00bb, ha informado el Ministerio.\u00a0<\/p>\n<p> <img src=\"https:\/\/www.europesays.com\/es\/wp-content\/uploads\/2025\/09\/8df1ce54a1a6-gettyimages-533505636-2.jpg\"   width=\"1024\" height=\"747\" loading=\"lazy\" decoding=\"async\" alt=\"Los reyes Felipe y Letizia son recibidos por Felipe y Matilde B\u00e9lgica en el Palacio de Bruselas el 12 de noviembre de 2014\" fetchpriority=\"auto\" class=\"image ho-image\"\/>\u00a9 Getty ImagesUn cari\u00f1oso gesto de do\u00f1a Letizia con Matilde de B\u00e9lgica en 2014<\/p>\n<p id=\"eH3jhuvx_Fx\" data-wc=\"61\">La \u00faltima visita de don Felipe y do\u00f1a Letizia a B\u00e9lgica fue el pasado mes de junio, cuando acudieron la <a class=\"hm-link ho-link\" href=\"https:\/\/www.hola.com\/moda\/20250620839067\/reina-letizia-look-brujas-belgica-vestido-invitada\/\" data-mrf-recirculation=\"article-body-link\" rel=\"nofollow noopener\" target=\"_blank\">clausura del Curso Acad\u00e9mico 2024\/2025 del Colegio de Europa<\/a> con ocasi\u00f3n de su 75\u00ba aniversario en Brujas. Sin embargo, en ese momento no mantuvieron encuentro alguno con los reyes Felipe y Matilde, al menos no que se conociera de manera oficial.<\/p>\n<p> <img src=\"https:\/\/www.europesays.com\/es\/wp-content\/uploads\/2025\/09\/00096759f423-gettyimages-1487921164-1.jpg\"   width=\"1024\" height=\"712\" loading=\"lazy\" decoding=\"async\" alt=\"Los Reyes Felipe y Letizia y los Reyes Felipe y Matilde de B\u00e9lgica en la coronaci\u00f3n del Rey Carlos III el 6 de mayo de 2023 en la Abad\u00eda de Westminster, en Londres\" fetchpriority=\"auto\" class=\"image ho-image\"\/>\u00a9 Getty ImagesCoincidieron en la coronaci\u00f3n del Rey Carlos III el 6 de mayo de 2023 en la Abad\u00eda de Westminster, en Londres<\/p>\n<p id=\"ejxEkZ4XLRp\" data-wc=\"129\">Si recordamos los <strong>encuentros m\u00e1s recientes entre los cuatro soberanos<\/strong> no tenemos que irnos muy lejos. Fue el pasado mes de mayo en la <a class=\"hm-link ho-link\" href=\"https:\/\/www.hola.com\/realeza\/casa_espanola\/20250518832021\/reyes-felipe-letizia-misa-leon-xiv-inicio-pontificado\/\" data-mrf-recirculation=\"article-body-link\" rel=\"nofollow noopener\" target=\"_blank\">misa de comienzo del Pontificado de Le\u00f3n XIV<\/a>, tres semanas despu\u00e9s de que acudieran en ese mismo lugar al solemne funeral de Estado del Papa Francisco. Unos meses antes, en enero, jefes de Estado y l\u00edderes de todo el mundo se reunieron en el <a class=\"hm-link ho-link\" href=\"https:\/\/www.hola.com\/realeza\/casa_espanola\/20250127809822\/reyes-felipe-letizia-aniversario-auschwitz-campo-concentracion\/\" data-mrf-recirculation=\"article-body-link\" rel=\"nofollow noopener\" target=\"_blank\">campo de concentraci\u00f3n de Auschwitz<\/a> (Polonia), para conmemorar el D\u00eda Internacional de Conmemoraci\u00f3n Anual en Memoria de las V\u00edctimas del Holocausto. Anteriormente, hab\u00edan estado juntos en la <strong>coronaci\u00f3n del rey Carlos III de Inglaterra<\/strong> el 6 de mayo de 2023 en la Abad\u00eda de Westminster, en Londres, y en el funeral por Constantino de Grecia, en enero de ese mismo a\u00f1o.<\/p>\n<p> <img src=\"https:\/\/www.europesays.com\/es\/wp-content\/uploads\/2025\/09\/0610b9328fd7-gettyimages-533505608-1.jpg\"   width=\"1024\" height=\"647\" loading=\"lazy\" decoding=\"async\" alt=\"Los reyes Felipe y Letizia son recibidos por Felipe y Matilde B\u00e9lgica en el Palacio de Bruselas el 12 de noviembre de 2014\" fetchpriority=\"auto\" class=\"image ho-image\"\/>\u00a9 Getty ImagesSu primera visita oficial como Reyes a B\u00e9lgica fue en 2014<\/p>\n<p> <img src=\"https:\/\/www.europesays.com\/es\/wp-content\/uploads\/2025\/09\/87e9dafc2f04-dlu268407007-1.jpg\"   width=\"1024\" height=\"772\" loading=\"lazy\" decoding=\"async\" alt=\"Los reyes Felipe y Letizia son recibidos por Felipe y Matilde B\u00e9lgica en el Palacio de Bruselas el 12 de noviembre de 2014\" fetchpriority=\"auto\" class=\"image ho-image\"\/>\u00a9 GTRES<br \/>\nSu primera visita oficial como Reyes<\/p>\n<p id=\"eUqpJtRmeR\" data-wc=\"134\">Fue su s\u00e9ptimo viaje al extranjero desde que llegaron al trono y con doble visita, ya que primero fueron a Luxemburgo y despu\u00e9s a B\u00e9lgica. Dos d\u00edas de intensa agenda marcada por el encuentro que mantuvieron con la Familia Gran Ducal y con los Reyes de los belgas. Don Felipe y do\u00f1a Letizia aceptaron la amable hospitalidad de los Reyes belgas y <strong>ocuparon la estancia de invitados de la residencia oficial, el palacio de Laeken<\/strong>. Los cuatro soberanos tuvieron la oportunidad de celebrar una cena privada antes de volver a reunirse, ya de forma oficial y ante las c\u00e1maras, en el palacio real de Bruselas. El 12 de noviembre de 2014 fue su primer encuentro tras sus respectivas proclamaciones, reforzando los lazos entre ambos pa\u00edses y estrechando su v\u00ednculo como amigos y como Reyes.\u00a0<\/p>\n<p>Felipe y Letizia, diez a\u00f1os de reinado<\/p>\n","protected":false},"excerpt":{"rendered":"Los reyes Felipe y Letizia acaban de sumar una nueva cita a su ya de por s\u00ed apretada\u00a0agenda&hellip;\n","protected":false},"author":2,"featured_media":140026,"comment_status":"","ping_status":"","sticky":false,"template":"","format":"standard","meta":{"footnotes":""},"categories":[174],"tags":[255,146,147,25,24,256,43724,43725,1027,1029,11362,8140,23],"class_list":{"0":"post-140025","1":"post","2":"type-post","3":"status-publish","4":"format-standard","5":"has-post-thumbnail","7":"category-famosos","8":"tag-celebrities","9":"tag-entertainment","10":"tag-entretenimiento","11":"tag-es","12":"tag-espana","13":"tag-famosos","14":"tag-felipe-de-belgica","15":"tag-matilde-de-belgica","16":"tag-realeza","17":"tag-realeza-espanola","18":"tag-reina-letizia","19":"tag-rey-felipe-vi","20":"tag-spain"},"share_on_mastodon":{"url":"","error":""},"_links":{"self":[{"href":"https:\/\/www.europesays.com\/es\/wp-json\/wp\/v2\/posts\/140025","targetHints":{"allow":["GET"]}}],"collection":[{"href":"https:\/\/www.europesays.com\/es\/wp-json\/wp\/v2\/posts"}],"about":[{"href":"https:\/\/www.europesays.com\/es\/wp-json\/wp\/v2\/types\/post"}],"author":[{"embeddable":true,"href":"https:\/\/www.europesays.com\/es\/wp-json\/wp\/v2\/users\/2"}],"replies":[{"embeddable":true,"href":"https:\/\/www.europesays.com\/es\/wp-json\/wp\/v2\/comments?post=140025"}],"version-history":[{"count":0,"href":"https:\/\/www.europesays.com\/es\/wp-json\/wp\/v2\/posts\/140025\/revisions"}],"wp:featuredmedia":[{"embeddable":true,"href":"https:\/\/www.europesays.com\/es\/wp-json\/wp\/v2\/media\/140026"}],"wp:attachment":[{"href":"https:\/\/www.europesays.com\/es\/wp-json\/wp\/v2\/media?parent=140025"}],"wp:term":[{"taxonomy":"category","embeddable":true,"href":"https:\/\/www.europesays.com\/es\/wp-json\/wp\/v2\/categories?post=140025"},{"taxonomy":"post_tag","embeddable":true,"href":"https:\/\/www.europesays.com\/es\/wp-json\/wp\/v2\/tags?post=140025"}],"curies":[{"name":"wp","href":"https:\/\/api.w.org\/{rel}","templated":true}]}}