{"id":140029,"date":"2025-09-26T11:58:26","date_gmt":"2025-09-26T11:58:26","guid":{"rendered":"https:\/\/www.europesays.com\/es\/140029\/"},"modified":"2025-09-26T11:58:26","modified_gmt":"2025-09-26T11:58:26","slug":"presentacion-del-libro-mientras-atravesaba-el-horizonte","status":"publish","type":"post","link":"https:\/\/www.europesays.com\/es\/140029\/","title":{"rendered":"Presentaci\u00f3n del libro: Mientras atravesaba el horizonte"},"content":{"rendered":"<p>Presentaci\u00f3n del libro\u00a0Mientras atravesaba el horizonte\u00a0(Hilatura Estudio Editorial, 2025), donde\u00a0la autora construye un relato \u00edntimo y sin artificios, la cr\u00f3nica de una despedida que tambi\u00e9n es certeza: la voz de quien se ama puede resonar m\u00e1s all\u00e1 de la \u00faltima palabra. M\u00e1s que una historia de amor, este libro retrata la huella que deja una vida y c\u00f3mo esa huella se convierte en horizonte para quien permanece.<\/p>\n<p>\u00daltima novela de la escritora Maribel Cobo Minguela, tras\u00a0Doce deseos\u00a0(2021),\u00a0Eran demasiados\u00a0(2023) y \u00bfQu\u00e9 ocultaba Miguel\u00f3n? (2024). Varios de sus relatos cortos han sido premiados como es el caso de\u00a0A veces no recuerdo, ganador del Premio Didaskalos en 2022.<\/p>\n","protected":false},"excerpt":{"rendered":"Presentaci\u00f3n del libro\u00a0Mientras atravesaba el horizonte\u00a0(Hilatura Estudio Editorial, 2025), donde\u00a0la autora construye un relato \u00edntimo y sin artificios,&hellip;\n","protected":false},"author":2,"featured_media":140030,"comment_status":"","ping_status":"","sticky":false,"template":"","format":"standard","meta":{"footnotes":""},"categories":[172],"tags":[224,146,147,25,24,225,23],"class_list":{"0":"post-140029","1":"post","2":"type-post","3":"status-publish","4":"format-standard","5":"has-post-thumbnail","7":"category-libros","8":"tag-books","9":"tag-entertainment","10":"tag-entretenimiento","11":"tag-es","12":"tag-espana","13":"tag-libros","14":"tag-spain"},"share_on_mastodon":{"url":"","error":""},"_links":{"self":[{"href":"https:\/\/www.europesays.com\/es\/wp-json\/wp\/v2\/posts\/140029","targetHints":{"allow":["GET"]}}],"collection":[{"href":"https:\/\/www.europesays.com\/es\/wp-json\/wp\/v2\/posts"}],"about":[{"href":"https:\/\/www.europesays.com\/es\/wp-json\/wp\/v2\/types\/post"}],"author":[{"embeddable":true,"href":"https:\/\/www.europesays.com\/es\/wp-json\/wp\/v2\/users\/2"}],"replies":[{"embeddable":true,"href":"https:\/\/www.europesays.com\/es\/wp-json\/wp\/v2\/comments?post=140029"}],"version-history":[{"count":0,"href":"https:\/\/www.europesays.com\/es\/wp-json\/wp\/v2\/posts\/140029\/revisions"}],"wp:featuredmedia":[{"embeddable":true,"href":"https:\/\/www.europesays.com\/es\/wp-json\/wp\/v2\/media\/140030"}],"wp:attachment":[{"href":"https:\/\/www.europesays.com\/es\/wp-json\/wp\/v2\/media?parent=140029"}],"wp:term":[{"taxonomy":"category","embeddable":true,"href":"https:\/\/www.europesays.com\/es\/wp-json\/wp\/v2\/categories?post=140029"},{"taxonomy":"post_tag","embeddable":true,"href":"https:\/\/www.europesays.com\/es\/wp-json\/wp\/v2\/tags?post=140029"}],"curies":[{"name":"wp","href":"https:\/\/api.w.org\/{rel}","templated":true}]}}