{"id":140051,"date":"2025-09-26T12:10:09","date_gmt":"2025-09-26T12:10:09","guid":{"rendered":"https:\/\/www.europesays.com\/es\/140051\/"},"modified":"2025-09-26T12:10:09","modified_gmt":"2025-09-26T12:10:09","slug":"el-balonmano-dolmenes-antequera-visita-la-pista-del-cajasur-cordoba-uno-de-los-favoritos-al-ascenso-a-plata","status":"publish","type":"post","link":"https:\/\/www.europesays.com\/es\/140051\/","title":{"rendered":"El Balonmano D\u00f3lmenes Antequera visita la pista del Cajasur C\u00f3rdoba, uno de los favoritos al ascenso a Plata"},"content":{"rendered":"<p><a href=\"https:\/\/www.merchanendirecto.es\/wp-content\/uploads\/2025\/09\/Imagen-de-WhatsApp-2025-09-25-a-las-21.14.35_1e7baa62.webp\" data-caption=\"\" rel=\"nofollow noopener\" target=\"_blank\"><img loading=\"lazy\" decoding=\"async\" width=\"696\" height=\"464\" class=\"entry-thumb td-modal-image\" src=\"https:\/\/www.europesays.com\/es\/wp-content\/uploads\/2025\/09\/Imagen-de-WhatsApp-2025-09-25-a-las-21.14.35_1e7baa62-696x464.webp.webp\"   alt=\"\" title=\"Imagen de WhatsApp 2025-09-25 a las 21.14.35_1e7baa62\"\/><\/a><\/p>\n<p>Segundo partido a domicilio para el Balonmano D\u00f3lmenes Antequera, el cual se llevar\u00e1 a cabo el s\u00e1bado 27 de septiembre a las 19:00 horas. Los verdiblancos visitan el Pabell\u00f3n F\u00e1tima del Cajasur C\u00f3rdoba de Balonmano, sin duda uno de los m\u00e1ximos favoritos al ascenso a Plata.<\/p>\n<p>Uno de los partidos m\u00e1s atractivos de la categor\u00eda llega en esta jornada 3 del Grupo F de la Primera Divisi\u00f3n Nacional. Antequera y C\u00f3rdoba miden fuerzas en un duelo de equipos con mucha historia. Ambos han conseguido la victoria en sus dos primeros compromisos del campeonato liguero. El D\u00f3lmenes gan\u00f3 a domicilio del Montequinto y se impuso en el Arg\u00fcelles al Melilla. Por su parte, el C\u00f3rdoba gan\u00f3 en la primera jornada a Herencia y en la segunda en casa del Bola\u00f1os.<\/p>\n<p>En la previa del choque, uno de los capitanes del equipo antequerano, Fernando Moreno, se\u00f1al\u00f3 que ser\u00e1 un partido dif\u00edcil \u00abante un equipo muy pele\u00f3n que se ha quedado muy cerca de ascender los \u00faltimos a\u00f1os\u00bb. \u00abLe damos mucha importancia al partido, C\u00f3rdoba es uno de<br \/>los que va a estar arriba sin duda\u00bb.<\/p>\n<p>Sin embargo, el capit\u00e1n aboga por que el equipo se mire a s\u00ed mismo para mejorar y ofrecer su mejor versi\u00f3n: \u00abM\u00e1s que remarcar algo del rival, tenemos que mejorar nosotros. Somos un equipo de rachas, estamos en construcci\u00f3n, mucha gente nueva, mucha gente joven, estamos adapt\u00e1ndonos a lo que quiere el m\u00edster de nosotros, tenemos que ser m\u00e1s consistentes, mejorar en defensa y estar m\u00e1s fluidos en ataque\u00bb.<\/p>\n","protected":false},"excerpt":{"rendered":"Segundo partido a domicilio para el Balonmano D\u00f3lmenes Antequera, el cual se llevar\u00e1 a cabo el s\u00e1bado 27&hellip;\n","protected":false},"author":2,"featured_media":140052,"comment_status":"","ping_status":"","sticky":false,"template":"","format":"standard","meta":{"footnotes":""},"categories":[278],"tags":[376,31225,168,25,24,375,744,23,167],"class_list":{"0":"post-140051","1":"post","2":"type-post","3":"status-publish","4":"format-standard","5":"has-post-thumbnail","7":"category-balonmano","8":"tag-balonmano","9":"tag-bm-dolmenes-antequera","10":"tag-deportes","11":"tag-es","12":"tag-espana","13":"tag-handball","14":"tag-polideportivo","15":"tag-spain","16":"tag-sports"},"share_on_mastodon":{"url":"","error":""},"_links":{"self":[{"href":"https:\/\/www.europesays.com\/es\/wp-json\/wp\/v2\/posts\/140051","targetHints":{"allow":["GET"]}}],"collection":[{"href":"https:\/\/www.europesays.com\/es\/wp-json\/wp\/v2\/posts"}],"about":[{"href":"https:\/\/www.europesays.com\/es\/wp-json\/wp\/v2\/types\/post"}],"author":[{"embeddable":true,"href":"https:\/\/www.europesays.com\/es\/wp-json\/wp\/v2\/users\/2"}],"replies":[{"embeddable":true,"href":"https:\/\/www.europesays.com\/es\/wp-json\/wp\/v2\/comments?post=140051"}],"version-history":[{"count":0,"href":"https:\/\/www.europesays.com\/es\/wp-json\/wp\/v2\/posts\/140051\/revisions"}],"wp:featuredmedia":[{"embeddable":true,"href":"https:\/\/www.europesays.com\/es\/wp-json\/wp\/v2\/media\/140052"}],"wp:attachment":[{"href":"https:\/\/www.europesays.com\/es\/wp-json\/wp\/v2\/media?parent=140051"}],"wp:term":[{"taxonomy":"category","embeddable":true,"href":"https:\/\/www.europesays.com\/es\/wp-json\/wp\/v2\/categories?post=140051"},{"taxonomy":"post_tag","embeddable":true,"href":"https:\/\/www.europesays.com\/es\/wp-json\/wp\/v2\/tags?post=140051"}],"curies":[{"name":"wp","href":"https:\/\/api.w.org\/{rel}","templated":true}]}}