{"id":140067,"date":"2025-09-26T12:21:13","date_gmt":"2025-09-26T12:21:13","guid":{"rendered":"https:\/\/www.europesays.com\/es\/140067\/"},"modified":"2025-09-26T12:21:13","modified_gmt":"2025-09-26T12:21:13","slug":"colaborador-de-el-universal-presenta-nuevo-libro-de-fotos-historicas","status":"publish","type":"post","link":"https:\/\/www.europesays.com\/es\/140067\/","title":{"rendered":"Colaborador de EL UNIVERSAL presenta nuevo libro de fotos hist\u00f3ricas"},"content":{"rendered":"<p itemprop=\"description\" class=\"sc__font-paragraph\">La tarde del mi\u00e9rcoles 24, el cronista y <a itemprop=\"url\" href=\"https:\/\/www.eluniversal.com.mx\/opinion\/mochilazo-en-el-tiempo\/\" target=\"_self\" rel=\"nofollow noopener\" title=\"https:\/\/www.eluniversal.com.mx\/opinion\/mochilazo-en-el-tiempo\/\"><b>colaborador de EL UNIVERSAL<\/b><\/a> <b>Carlos Villasana<\/b> present\u00f3 el segundo volumen de su <b>libro fotogr\u00e1fico<\/b> <b>\u201cLa ciudad que ya no existe\u201d<\/b>, en la librer\u00eda Mauricio Achar de Gandhi, sobre la avenida Miguel \u00c1ngel de Quevedo, en Coyoac\u00e1n.<\/p>\n<p itemprop=\"description\" class=\"sc__font-paragraph\">La experta en historia de M\u00e9xico, <b>Isabel Revuelta Poo<\/b>, fue la presentadora del libro y quien entrevist\u00f3 a Villasana, a la vez que comparti\u00f3 con el p\u00fablico detalles del proceso creativo de su segunda entrega bajo el <b>sello Planeta Editorial<\/b>.<\/p>\n<p><img decoding=\"async\" width=\"0\" height=\"620\" class=\"story__img block w-full h-auto md:h-full object-cover\" src=\"https:\/\/www.europesays.com\/es\/wp-content\/uploads\/2025\/09\/EF73IM4CRNCYNC2EJWJOLDVIU4.jpeg\" alt=\"El segundo volumen de &quot;La ciudad que ya no existe&quot; se lanz\u00f3 con un precio y formato que lo hacen m\u00e1s accesible que otros libros de fotograf\u00eda. ESPECIAL.\" auth=\"4edc04afa1071e89487d6d2eaafce5c60d73b7c8a297a6cb1d1833f5ff3877b6\" loading=\"eager\" fetchpriority=\"high\"\/><\/p>\n<p>El segundo volumen de \u00abLa ciudad que ya no existe\u00bb se lanz\u00f3 con un precio y formato que lo hacen m\u00e1s accesible que otros libros de fotograf\u00eda. ESPECIAL.<\/p>\n<p itemprop=\"description\" class=\"sc__font-paragraph\">Revuelta Poo, quien tambi\u00e9n figura en el libro como comentarista de las im\u00e1genes, arranc\u00f3 la pl\u00e1tica con Villasana con una reflexi\u00f3n: la similitud entre el trabajo del autor con el del<b> historiador Guillermo Tovar y de Teresa<\/b>.<\/p>\n<p itemprop=\"description\" class=\"sc__font-paragraph\"><b>-\u00bfDe d\u00f3nde sale esa pasi\u00f3n por buscar lo que no estaba en tu \u00e9poca, pero que haces tan tuyo?<\/b><\/p>\n<p itemprop=\"description\" class=\"sc__font-paragraph\">\u201cEl primer libro con el que tuve este acercamiento a la fotograf\u00eda fue la colecci\u00f3n de <b>Casasola<\/b>. Yo creo que muchos j\u00f3venes crecimos con \u00e9se y \u2018La ciudad de los Palacios\u2019. Se me qued\u00f3 la manera de referirse a que, por ejemplo en la zona de La Piedad, no qued\u00f3 ni una piedra, s\u00f3lo el puro nombre.<\/p>\n<p itemprop=\"description\" class=\"sc__font-paragraph\"><b>Lee tambi\u00e9n<\/b> <a itemprop=\"url\" href=\"https:\/\/www.eluniversal.com.mx\/opinion\/mochilazo-en-el-tiempo\/francisco-i-madero-y-su-polemica-practica-del-espiritismo\/\" target=\"_self\" rel=\"nofollow noopener\" title=\"https:\/\/www.eluniversal.com.mx\/opinion\/mochilazo-en-el-tiempo\/francisco-i-madero-y-su-polemica-practica-del-espiritismo\/\">Francisco I. Madero y su pol\u00e9mica pr\u00e1ctica del Espiritismo<\/a><\/p>\n<p itemprop=\"description\" class=\"sc__font-paragraph\">\u201cAparte, mi pap\u00e1 fue fundador del Sistema de Telesecundaria y me tra\u00eda postales de sus viajes de trabajo en toda la Rep\u00fablica; con mi mam\u00e1, maestra de Historia, yo iba a los tianguis a comprar y ah\u00ed empec\u00e9 a elegir fotos, me parec\u00eda sorprendente todo el trabajo de estos fot\u00f3grafos que despu\u00e9s fui comprendiendo qui\u00e9nes eran\u201d, comparti\u00f3 el tambi\u00e9n <b>coleccionista de postales antiguas<\/b>.<\/p>\n<p itemprop=\"description\" class=\"sc__font-paragraph\"><b>-Eso que haces t\u00fa de contar las historias, me parece que tienes esa veta y ese ojo. Cu\u00e9ntanos de esta estructura que no ten\u00edas en el primer libro.<\/b><\/p>\n<p itemprop=\"description\" class=\"sc__font-paragraph\">Al responder se dijo sorprendido, tanto \u00e9l como la casa editorial, \u201cporque todas las propuestas de <b>libros de fotograf\u00eda<\/b> son de fot\u00f3grafos consagrados, libros enormes, los coffee table books. En cambio pusimos fotos an\u00f3nimas, de qui\u00e9n sabe qui\u00e9n, que merec\u00edan salir a la luz\u201d.<\/p>\n<p><img decoding=\"async\" width=\"0\" height=\"620\" class=\"story__img block w-full h-auto md:h-full object-cover\" src=\"https:\/\/www.europesays.com\/es\/wp-content\/uploads\/2025\/09\/5QC72H6SZRER5NVW6NOTX56YME.jpeg\" alt=\"Las fotos favoritas de Carlos Villasana son las que capturan a la Ciudad de M\u00e9xico del siglo XX (de ah\u00ed la tem\u00e1tica de su libro \u00e1lbum), pero en este evento revel\u00f3 que tiene fotos de todo M\u00e9xico en su colecci\u00f3n. ESPECIAL.\" auth=\"ae7e3704a98cfde6ae660d1fb0cc0d47f80a0115c8d3ffc138ba573a334aec8e\" loading=\"eager\" fetchpriority=\"high\"\/><\/p>\n<p>Las fotos favoritas de Carlos Villasana son las que capturan a la Ciudad de M\u00e9xico del siglo XX (de ah\u00ed la tem\u00e1tica de su libro \u00e1lbum), pero en este evento revel\u00f3 que tiene fotos de todo M\u00e9xico en su colecci\u00f3n. ESPECIAL.<\/p>\n<p itemprop=\"description\" class=\"sc__font-paragraph\">El <b>cronista <\/b>explic\u00f3 que este segundo volumen tiene otro orden [respecto al primero] y que la propuesta es un poco m\u00e1s humana. \u201cEs padr\u00edsimo c\u00f3mo conecta uno con fotograf\u00edas en las que no sale uno, hay cosas como la infancia, la ni\u00f1ez, lugares en com\u00fan que autom\u00e1ticamente nos hacen querer decir algo, una historia\u201d.<\/p>\n<p itemprop=\"description\" class=\"sc__font-paragraph\">Isabel agreg\u00f3: \u201cEst\u00e1s diciendo \u00b4de qui\u00e9n sabe qui\u00e9n\u00b4, pero esa es la magia, porque \u00b4qui\u00e9n sabe qui\u00e9n\u00b4 somos todos, todo aquel que haya estado en esta ciudad hemos hilvanado en ella\u201d.<\/p>\n<p itemprop=\"description\" class=\"sc__font-paragraph\">A petici\u00f3n de Villasana, Isabel Revuelta comparti\u00f3 su propia experiencia con las fotograf\u00edas del libro. La historiadora del arte expres\u00f3 que su imagen preferida del libro es una foto del Hotel de M\u00e9xico, ahora llamado <b>World Trade Center<\/b>, porque ese espacio fue su primer acercamiento con este pa\u00eds y un v\u00ednculo con su padre.<\/p>\n<p itemprop=\"description\" class=\"sc__font-paragraph\"><b>Lee tambi\u00e9n <\/b><a itemprop=\"url\" href=\"https:\/\/www.eluniversal.com.mx\/opinion\/mochilazo-en-el-tiempo\/edificios-brutalistas-de-la-cdmx\/\" target=\"_self\" rel=\"nofollow noopener\" title=\"https:\/\/www.eluniversal.com.mx\/opinion\/mochilazo-en-el-tiempo\/edificios-brutalistas-de-la-cdmx\/\">Edificios brutalistas de la CDMX<\/a><\/p>\n<p itemprop=\"description\" class=\"sc__font-paragraph\"><b>-Caray, que exista una foto que a m\u00ed me iba a recordar todo eso, toda esa parte de mi historia\u2026 lo que t\u00fa haces, \u00bfno sientes que es un poco de magia?<\/b><\/p>\n<p itemprop=\"description\" class=\"sc__font-paragraph\">\u201cBueno, en esa foto tambi\u00e9n me sorprende que cada minuto pasa, y ya no existe ese minuto, y esta ciudad se transforma. Eso me llama much\u00edsimo la atenci\u00f3n, los cambios y todo lo que nos lleva al recuerdo.<\/p>\n<p><img decoding=\"async\" width=\"0\" height=\"620\" class=\"story__img block w-full h-auto md:h-full object-cover\" src=\"https:\/\/www.europesays.com\/es\/wp-content\/uploads\/2025\/09\/Q7OXCHUWHRB7VGSTNX4J4ZTTI4.jpg\" alt=\"El evento se extendi\u00f3 por m\u00e1s de una hora. Algunos asistentes se dijeron lectores recurrentes de Villasana desde la publicaci\u00f3n de su primer libro en 2021. Foto: Ang\u00e9lica Navarrete\/EL UNIVERSAL.\" auth=\"8e1621a21f2f9b6f9bc7edc73d131a58f820ade6ab994e50abd184fdff8e36bb\" loading=\"eager\" fetchpriority=\"high\"\/><\/p>\n<p>El evento se extendi\u00f3 por m\u00e1s de una hora. Algunos asistentes se dijeron lectores recurrentes de Villasana desde la publicaci\u00f3n de su primer libro en 2021. Foto: Ang\u00e9lica Navarrete\/EL UNIVERSAL.<\/p>\n<p itemprop=\"description\" class=\"sc__font-paragraph\">\u201cEl otro libro es un poco m\u00e1s de estructuras [arquitect\u00f3nicas] y este va a las personas. Por ejemplo, de la fuente de Tl\u00e1loc, es una obra de Diego Rivera, pero no est\u00e1 Diego Rivera, est\u00e1n los alba\u00f1iles que pusieron cada piedra, que seguramente tuvieron adversidades y luego ya se olvida qui\u00e9nes son los que construyeron ese M\u00e9xico, esa ciudad.<\/p>\n<p itemprop=\"description\" class=\"sc__font-paragraph\">\u201cCon Frida S\u00e1nchez, que le toc\u00f3 la selecci\u00f3n de fotos, habl\u00e1bamos de que si le encargaras esa selecci\u00f3n a otra persona, ser\u00eda toda otra selecci\u00f3n\u201d.<\/p>\n<p itemprop=\"description\" class=\"sc__font-paragraph\"><b>-No s\u00e9 si t\u00fa recuerdas esos noticieros, esos documentales, que ve\u00edas en el cine unos minutitos, los de Demetrio Bilbat\u00faa, \u00bfel libro es una especie de?<\/b><\/p>\n<p itemprop=\"description\" class=\"sc__font-paragraph\">\u201cEn mi familia est\u00e1bamos acostumbrados a que alguien era como el vigilante de los \u00e1lbumes familiares y cada Navidad o cada que est\u00e1bamos todos juntos los ve\u00edamos. Esto para m\u00ed es algo parecido, como un \u00e1lbum que todos podemos ver.<\/p>\n<p><img decoding=\"async\" width=\"0\" height=\"620\" class=\"story__img block w-full h-auto md:h-full object-cover\" src=\"https:\/\/www.europesays.com\/es\/wp-content\/uploads\/2025\/09\/O7REG2PR7BGEDIIZVDLLY5GJH4.jpg\" alt=\"Durante la ronda de preguntas y respuestas, el tema que m\u00e1s interes\u00f3 al p\u00fablico son los planes para la Colecci\u00f3n Villasana a futuro lejano o ante alguna eventualidad. Foto: Ang\u00e9lica Navarrete\/EL UNIVERSAL.\" auth=\"81614f7023f388253792163db32c4edb7bb0121e8ae2dc1d4f26c1c7faae21d0\" loading=\"eager\" fetchpriority=\"high\"\/><\/p>\n<p>Durante la ronda de preguntas y respuestas, el tema que m\u00e1s interes\u00f3 al p\u00fablico son los planes para la Colecci\u00f3n Villasana a futuro lejano o ante alguna eventualidad. Foto: Ang\u00e9lica Navarrete\/EL UNIVERSAL.<\/p>\n<p itemprop=\"description\" class=\"sc__font-paragraph\">\u201cS\u00ed es un rescate de la memoria, pero tambi\u00e9n, creo que en cierta medida nos hace pensar en nuestra propia existencia y en c\u00f3mo nos van a recordar, en qui\u00e9n se va a encargar de resguardar eso en nuestra familia.<\/p>\n<p itemprop=\"description\" class=\"sc__font-paragraph\">\u201cEs contradictorio que muchos de los \u00e1lbumes de los a\u00f1os 70, 80, sigan ah\u00ed, en casa de nuestros pap\u00e1s, y nuestras memorias de hace ocho a\u00f1os ya valieron porque perdimos el celular y nada m\u00e1s las tenemos en la mente\u201d.<\/p>\n<p itemprop=\"description\" class=\"sc__font-paragraph\">Para cerrar, Isabel Revuelta relat\u00f3 que en un recorrido reciente por el Templo Mayor, el <b>arque\u00f3logo Leonardo L\u00f3pez Luj\u00e1n<\/b> mostr\u00f3 una ofrenda en la escalinata de Tl\u00e1loc, donde los mexicas conservaron con especial cuidado artefactos provenientes de Teotihuacan.<\/p>\n<p itemprop=\"description\" class=\"sc__font-paragraph\">\u201cLos mexicas ya hac\u00edan arqueolog\u00eda, les importaba el pasado, qui\u00e9nes estuvieron antes que nosotros\u2026 Esa actitud, esa actividad, esa pasi\u00f3n que tenemos por encontrar lo de otros, t\u00fa lo haces con la imagen\u201d.<\/p>\n<p><img decoding=\"async\" width=\"0\" height=\"620\" class=\"story__img block w-full h-auto md:h-full object-cover\" src=\"https:\/\/www.europesays.com\/es\/wp-content\/uploads\/2025\/09\/PJ2LTEKWHNEEHPGGAHXHWWZIXA.jpg\" alt=\"Carlos Villasana convivi\u00f3 con los seguidores que se acercaron a la firma de libros. Foto: Ang\u00e9lica Navarrete\/EL UNIVERSAL.\" auth=\"ea6b095f4ddee369d244dcf4d71e37a124a85c6bad5656e435b7efcd251a1b1a\" loading=\"eager\" fetchpriority=\"high\"\/><\/p>\n<p>Carlos Villasana convivi\u00f3 con los seguidores que se acercaron a la firma de libros. Foto: Ang\u00e9lica Navarrete\/EL UNIVERSAL.<\/p>\n<p itemprop=\"description\" class=\"sc__font-paragraph\">Despu\u00e9s de una amena entrevista-presentaci\u00f3n, se destin\u00f3 un tiempo para preguntas y comentarios del p\u00fablico. Al terminar la sesi\u00f3n, los presentes que adquirieron el libro hicieron una fila para que el autor les dedicara y firmara sus libros.<\/p>\n","protected":false},"excerpt":{"rendered":"La tarde del mi\u00e9rcoles 24, el cronista y colaborador de EL UNIVERSAL Carlos Villasana present\u00f3 el segundo volumen&hellip;\n","protected":false},"author":2,"featured_media":140068,"comment_status":"","ping_status":"","sticky":false,"template":"","format":"standard","meta":{"footnotes":""},"categories":[172],"tags":[224,43733,43734,146,147,25,24,43731,43732,225,23],"class_list":{"0":"post-140067","1":"post","2":"type-post","3":"status-publish","4":"format-standard","5":"has-post-thumbnail","7":"category-libros","8":"tag-books","9":"tag-coleccionismo-fotos","10":"tag-cronista-cdmx","11":"tag-entertainment","12":"tag-entretenimiento","13":"tag-es","14":"tag-espana","15":"tag-fotos-cdmx-antigua","16":"tag-libro-fotografico","17":"tag-libros","18":"tag-spain"},"share_on_mastodon":{"url":"","error":""},"_links":{"self":[{"href":"https:\/\/www.europesays.com\/es\/wp-json\/wp\/v2\/posts\/140067","targetHints":{"allow":["GET"]}}],"collection":[{"href":"https:\/\/www.europesays.com\/es\/wp-json\/wp\/v2\/posts"}],"about":[{"href":"https:\/\/www.europesays.com\/es\/wp-json\/wp\/v2\/types\/post"}],"author":[{"embeddable":true,"href":"https:\/\/www.europesays.com\/es\/wp-json\/wp\/v2\/users\/2"}],"replies":[{"embeddable":true,"href":"https:\/\/www.europesays.com\/es\/wp-json\/wp\/v2\/comments?post=140067"}],"version-history":[{"count":0,"href":"https:\/\/www.europesays.com\/es\/wp-json\/wp\/v2\/posts\/140067\/revisions"}],"wp:featuredmedia":[{"embeddable":true,"href":"https:\/\/www.europesays.com\/es\/wp-json\/wp\/v2\/media\/140068"}],"wp:attachment":[{"href":"https:\/\/www.europesays.com\/es\/wp-json\/wp\/v2\/media?parent=140067"}],"wp:term":[{"taxonomy":"category","embeddable":true,"href":"https:\/\/www.europesays.com\/es\/wp-json\/wp\/v2\/categories?post=140067"},{"taxonomy":"post_tag","embeddable":true,"href":"https:\/\/www.europesays.com\/es\/wp-json\/wp\/v2\/tags?post=140067"}],"curies":[{"name":"wp","href":"https:\/\/api.w.org\/{rel}","templated":true}]}}