{"id":140077,"date":"2025-09-26T12:26:07","date_gmt":"2025-09-26T12:26:07","guid":{"rendered":"https:\/\/www.europesays.com\/es\/140077\/"},"modified":"2025-09-26T12:26:07","modified_gmt":"2025-09-26T12:26:07","slug":"esclerosis-multiple-espana-celebra-la-decima-edicion-del-link-em-en-barcelona-en-el-marco-de-ectrims-lider-en-informacion-social","status":"publish","type":"post","link":"https:\/\/www.europesays.com\/es\/140077\/","title":{"rendered":"Esclerosis M\u00faltiple Espa\u00f1a celebra la d\u00e9cima edici\u00f3n del Link EM en Barcelona en el marco de ECTRIMS | L\u00edder en Informaci\u00f3n Social"},"content":{"rendered":"<p>\n      Esclerosis M\u00faltiple Espa\u00f1a celebra la d\u00e9cima edici\u00f3n del Link EM en Barcelona, un evento anual promovido por la entidad en el que se dan cita responsables de sus entidades miembro y sus profesionales sociosanitarios.\n    <\/p>\n<p>La presente edici\u00f3n del LINK EM cont\u00f3 con la presencia en su apertura del programa de la secretaria de Atenci\u00f3n Sanitaria y Participaci\u00f3n del Departament de Salut de Catalunya, D\u00f1a. Gloria G\u00e1lvez, quien junto a la presidenta de Esclerosis M\u00faltiple Espa\u00f1a, D\u00f1a. Ana Torredemer, dio por inaugurado el programa oficial.<\/p>\n<p>\u201cCon la presencia de alrededor de medio millar de profesionales del \u00e1mbito sociosanitario hemos logrado en estos diez a\u00f1os, encontrar un punto de encuentro desde el cual tratar de hallar soluciones y mejoras en la calidad de vida de las personas con EM\u201d, resum\u00eda Ana Torredemer.<\/p>\n<p>G\u00e1lvez manifest\u00f3 en la apertura institucional que \u201cLINK EM es muy importante para poder seguir avanzando, es un espacio que se ha consolidado como un punto de encuentro imprescindible para profesionales, Asociaciones y Fundaciones que trabaj\u00e1is en el d\u00eda a d\u00eda para mejorar la vida de personas con Esclerosis M\u00faltiple\u201d. <\/p>\n<p>La secretaria destac\u00f3 en su intervenci\u00f3n que \u201clos pacientes no solo han de ser receptores de la atenci\u00f3n sino protagonistas activos en la toma de decisiones que afecta a su salud, a su vida\u201d. <\/p>\n<p>Adem\u00e1s, confirm\u00f3 que \u201cpor primera vez en Catalu\u00f1a estamos impulsando un plan estrat\u00e9gico espec\u00edfico para el abordaje de la EM. Hasta ahora no hab\u00eda un plan propio para EM; ahora hemos hecho un paso adelante en el Departament que lidera un trabajo colaborativo y multidisciplinario, con la participaci\u00f3n de profesionales expertos, s\u00ed, pero tambi\u00e9n de las personas afectadas y sus cuidadores\u201d.<\/p>\n<p>Bajo el lema \u201cde la experiencia de los s\u00edntomas en la Esclerosis M\u00faltiple, a la b\u00fasqueda de la evidencia social, cient\u00edfica y sanitaria\u201d, la edici\u00f3n de Link EM 2025 inici\u00f3 la segunda jornada con la celebraci\u00f3n de una mesa redonda donde se trat\u00f3 con detalle el impacto de los s\u00edntomas de la Esclerosis M\u00faltiple en la calidad de vida. <\/p>\n<p>En este espacio intervinieron la coordinadora de entidades y participaci\u00f3n comunitaria en la Plataforma Europea de Esclerosis M\u00faltiple (EMSP), Anna Revilla; la creadora de contenido D\u00f1a. Isabel Jim\u00e9nez; el coordinador m\u00e9dico de rehabilitaci\u00f3n del CEMCAT, el doctor Edwing Roger Meza; la enfermera del Hospital Universitario Son Espases de Mallorca Noelia L\u00f3pez; as\u00ed como el presidente de RIMS (Rehabilitation in Multiple Sclerosis) y coordinador nacional en investigaci\u00f3n de los centros de Rehabilitaci\u00f3n de la Fundaci\u00f3n italiana (FISM), el profesorGiampaolo Brichetto, entre otros.<\/p>\n<p>Durante las jornadas, se present\u00f3 la iniciativa Impacto de los S\u00edntomas de la EM (IMSS) que busca impulsar cambios de pol\u00edticos, mejorar las v\u00edas de atenci\u00f3n y los resultados de rehabilitaci\u00f3n, garantizando que las personas con Esclerosis M\u00faltiple reciban el apoyo integral que merecen. Proyecto liderado por la Plataforma Europea de Esclerosis M\u00faltiple (EMSP), en el que han colaborado organizaciones de personas con Esclerosis M\u00faltiple, como Esclerosis M\u00faltiple Espa\u00f1a.<\/p>\n","protected":false},"excerpt":{"rendered":"Esclerosis M\u00faltiple Espa\u00f1a celebra la d\u00e9cima edici\u00f3n del Link EM en Barcelona, un evento anual promovido por la&hellip;\n","protected":false},"author":2,"featured_media":140078,"comment_status":"","ping_status":"","sticky":false,"template":"","format":"standard","meta":{"footnotes":""},"categories":[92],"tags":[9521,2379,25,24,165,166,492,23],"class_list":{"0":"post-140077","1":"post","2":"type-post","3":"status-publish","4":"format-standard","5":"has-post-thumbnail","7":"category-salud","8":"tag-discamedia","9":"tag-discapacidad","10":"tag-es","11":"tag-espana","12":"tag-health","13":"tag-salud","14":"tag-sociedad","15":"tag-spain"},"share_on_mastodon":{"url":"","error":""},"_links":{"self":[{"href":"https:\/\/www.europesays.com\/es\/wp-json\/wp\/v2\/posts\/140077","targetHints":{"allow":["GET"]}}],"collection":[{"href":"https:\/\/www.europesays.com\/es\/wp-json\/wp\/v2\/posts"}],"about":[{"href":"https:\/\/www.europesays.com\/es\/wp-json\/wp\/v2\/types\/post"}],"author":[{"embeddable":true,"href":"https:\/\/www.europesays.com\/es\/wp-json\/wp\/v2\/users\/2"}],"replies":[{"embeddable":true,"href":"https:\/\/www.europesays.com\/es\/wp-json\/wp\/v2\/comments?post=140077"}],"version-history":[{"count":0,"href":"https:\/\/www.europesays.com\/es\/wp-json\/wp\/v2\/posts\/140077\/revisions"}],"wp:featuredmedia":[{"embeddable":true,"href":"https:\/\/www.europesays.com\/es\/wp-json\/wp\/v2\/media\/140078"}],"wp:attachment":[{"href":"https:\/\/www.europesays.com\/es\/wp-json\/wp\/v2\/media?parent=140077"}],"wp:term":[{"taxonomy":"category","embeddable":true,"href":"https:\/\/www.europesays.com\/es\/wp-json\/wp\/v2\/categories?post=140077"},{"taxonomy":"post_tag","embeddable":true,"href":"https:\/\/www.europesays.com\/es\/wp-json\/wp\/v2\/tags?post=140077"}],"curies":[{"name":"wp","href":"https:\/\/api.w.org\/{rel}","templated":true}]}}