{"id":140084,"date":"2025-09-26T12:31:17","date_gmt":"2025-09-26T12:31:17","guid":{"rendered":"https:\/\/www.europesays.com\/es\/140084\/"},"modified":"2025-09-26T12:31:17","modified_gmt":"2025-09-26T12:31:17","slug":"consulta-si-eres-uno-de-los-espanoles-que-puede-formar-parte-del-jurado-popular-en-el-caso-begona-gomez-lista-completa","status":"publish","type":"post","link":"https:\/\/www.europesays.com\/es\/140084\/","title":{"rendered":"Consulta si eres uno de los espa\u00f1oles que puede formar parte del jurado popular en el caso Bego\u00f1a G\u00f3mez: lista completa"},"content":{"rendered":"<p><img decoding=\"async\" class=\"voc-author__img\" src=\"https:\/\/www.europesays.com\/es\/wp-content\/uploads\/2025\/09\/autor-6148-foto-6.png\" alt=\"Marina Ortiz\"\/><\/p>\n<p>26\/09\/2025<br \/>\n<br \/><strong><br \/>\nActualizado a las 13:37h.<br \/>\n<\/strong><\/p>\n<p class=\"voc-p\" style=\"\"><a href=\"https:\/\/new22-www.abc.es\/espana\/peinado-acuerda-begona-gomez-juzgada-malversacion-jurado-20250924092712-nt.html\" title=\"new22-www.abc.es\" data-voc-vtm-id=\"in-text-traffic\" data-mrf-link=\"new22-www.abc.es\" rel=\"nofollow noopener\" target=\"_blank\">Bego\u00f1a G\u00f3mez<\/a> sigue siendo <strong>investigada por la justicia<\/strong> por delito de malversaci\u00f3n de fondos p\u00fablicos relacionado con la contrataci\u00f3n de una asesora en La Moncloa. <\/p>\n<p class=\"voc-p\" style=\"\">La acusaci\u00f3n sostiene que la esposa del presidente del Gobierno de Espa\u00f1a <strong>pudo haber usado recursos p\u00fablicos para fines particulares<\/strong>, vinculados principalmente a actividades profesionales de G\u00f3mez y la gesti\u00f3n de la c\u00e1tedra que dirig\u00eda en la Universidad Complutense de Madrid.<\/p>\n<p class=\"voc-p\" style=\"\">El <a href=\"https:\/\/new22-www.abc.es\/espana\/peinado-seguira-cargo-investigacion-malversacion-envie-juicio-20250924123714-nt.html\" title=\"new22-www.abc.es\" data-voc-vtm-id=\"in-text-traffic\" data-mrf-link=\"new22-www.abc.es\" rel=\"nofollow noopener\" target=\"_blank\">juez Juan Carlos Peinado <\/a>ha decidido que el caso de Bego\u00f1a G\u00f3mez <strong>se juzgue ante un jurado popular <\/strong>si finalmente llega a juicio. Adem\u00e1s de a la mujer de S\u00e1nchez, el juez cit\u00f3 a su asesora Cristina \u00c1lvarez y al delegado del Gobierno en Madrid, Francisco Mart\u00edn Aguirre, tambi\u00e9n imputados por malversaci\u00f3n.<\/p>\n<p class=\"voc-p\" style=\"\">Esta decisi\u00f3n de llevar el caso ante un jurado popular implica que ser\u00e1n <strong>nueve ciudadanos, elegidos por sorteo, quienes valoren la acusaci\u00f3n<\/strong>. El jurado popular es una modalidad que suele ser com\u00fan en delitos graves como homicidio, pero tambi\u00e9n aplicable en malversaci\u00f3n.<\/p>\n<p>\n\u00bfQui\u00e9n puede ser jurado popular para juzgar a Bego\u00f1a G\u00f3mez?\n<\/p>\n<p class=\"voc-p\" style=\"\">De celebrarse el juicio, ese jurado popular tendr\u00e1 que emitir un veredicto al finalizar el juicio, respondiendo a preguntas del juez sobre si creen que los hechos denunciados son probados y si la acusada es culpable o inocente. Pero, \u00bfqui\u00e9n puede ser seleccionado para desempe\u00f1ar ese papel? Tal como indica la ley, <strong>en este caso el jurado popular saldr\u00e1 de un listado de ciudadanos empadronados en Madrid que cumplan una serie de requisitos<\/strong> como no ser jueces de profesi\u00f3n ni ser expertos en Derecho. <\/p>\n<p class=\"voc-p\" style=\"\"><strong>La lista de candidatos a pertenecer a jurados populares se elabor\u00f3 mediante sorteo <\/strong>en septiembre del pasado a\u00f1o desde la Delegaci\u00f3n Provincial de la Oficina del Censo electoral y es <a href=\"https:\/\/sede.madrid.es\/UnidadesDescentralizadas\/TablonEdictos\/Externos\/ficheros\/EDICTOS_EXTERNOS_20241773511-fichero1_es.pdf\" title=\"sede.madrid.es\" data-voc-vtm-id=\"in-text-traffic\" data-mrf-link=\"sede.madrid.es\" rel=\"nofollow noopener\" target=\"_blank\">de consulta p\u00fablica<\/a> al encontrarse en la web de la Oficina del Censo electoral. A continuaci\u00f3n puedes comprobar si eres uno de los candidatos a estar en el jurado popular que podr\u00eda valorar el caso de Bego\u00f1a G\u00f3mez: <\/p>\n<p>\nLista completa: consulta si eres uno de los ciudadanos que puede formar parte del jurado popular en el caso de Bego\u00f1a G\u00f3mez\n<\/p>\n<p class=\"voc-p\" style=\"\"><a href=\"https:\/\/sede.madrid.es\/UnidadesDescentralizadas\/TablonEdictos\/Externos\/ficheros\/EDICTOS_EXTERNOS_20241773511-fichero1_es.pdf\" title=\"sede.madrid.es\" data-voc-vtm-id=\"in-text-traffic\" data-mrf-link=\"sede.madrid.es\" rel=\"nofollow noopener\" target=\"_blank\">Pincha en este enlace para descargar el documento completo.<\/a><\/p>\n<p class=\"voc-p\" style=\"\">C\u00f3mo adelant\u00e1bamos, algunos de los requisitos para poder optar a ser jurado popular y, por tanto, pertenecer a la anterior lista en el caso de Madrid, son <strong>no trabajar como Juez ni ser experto en derecho<\/strong>, pero no son las \u00fanicas condiciones. <\/p>\n<ul class=\"oc-d-c-list__list\">\n<li class=\"voc-d-c-list__item\">\n<p class=\"voc-d-c-list__paragraph\">Ser espa\u00f1ol mayor de edad<\/p>\n<\/li>\n<li class=\"voc-d-c-list__item\">\n<p class=\"voc-d-c-list__paragraph\">Encontrarse en el pleno ejercicio de sus derechos pol\u00edticos<\/p>\n<\/li>\n<li class=\"voc-d-c-list__item\">\n<p class=\"voc-d-c-list__paragraph\">Saber leer y escribir<\/p>\n<\/li>\n<li class=\"voc-d-c-list__item\">\n<p class=\"voc-d-c-list__paragraph\">Ser vecino, al tiempo de la designaci\u00f3n, de cualquiera de los municipios de la provincia en que el delito se hubiere cometido<\/p>\n<\/li>\n<li class=\"voc-d-c-list__item\">\n<p class=\"voc-d-c-list__paragraph\">Contar con la aptitud suficiente para el desempe\u00f1o de la funci\u00f3n de jurado. Las personas con discapacidad no podr\u00e1n ser excluidas por esta circunstancia de la funci\u00f3n de jurado, debi\u00e9ndoseles proporcionar por parte de la Administraci\u00f3n de Justicia los apoyos precisos, as\u00ed como efectuar los ajustes razonables, para que puedan desempe\u00f1ar con normalidad este cometido.<\/p>\n<\/li>\n<\/ul>\n<p class=\"voc-p\" style=\"\">Adem\u00e1s de estos requerimientos, la Ley contempla una <strong>retribuci\u00f3n de 67 euros <\/strong>por cada d\u00eda que dure el juicio, adem\u00e1s de indemnizaciones por diversos posibles gastos y las personas que pertenecen al jurado popular pueden faltar a su puesto de trabajo de forma justificada.<\/p>\n<p class=\"voc-p\" style=\"\">Cabe a\u00f1adir que <strong>no pueden formar parte de un jurado popular<\/strong> personas condenadas por delito doloso que no hayan obtenido la rehabilitaci\u00f3n, los procesados y acusados sobre los que se haya acordado la apertura de un juicio oral, quienes est\u00e9n detenidos, en prisi\u00f3n provisional o cumpliendo pena, y, por \u00faltimo, los suspendido en procedimiento penal en su empleo o cargo p\u00fablico mientras dure su suspensi\u00f3n.,<\/p>\n<p class=\"voc-p\" style=\"\">Por el momento se desconoce la designaci\u00f3n final de las personas que formar\u00edan el jurado popular, sacadas de la lista aportada anteriormente, que puede terminar valorando la acusaci\u00f3n de Bego\u00f1a G\u00f3mez, Cristina \u00c1lvarez y Francisco Mart\u00edn si terminan sent\u00e1ndose en el banquillo de los acusados.<\/p>\n<p>Reportar un error<\/p>\n","protected":false},"excerpt":{"rendered":"26\/09\/2025 Actualizado a las 13:37h. Bego\u00f1a G\u00f3mez sigue siendo investigada por la justicia por delito de malversaci\u00f3n de&hellip;\n","protected":false},"author":2,"featured_media":140085,"comment_status":"","ping_status":"","sticky":false,"template":"","format":"standard","meta":{"footnotes":""},"categories":[8],"tags":[7421,17,18,9781,38857,25,24,11907,13,14,7878,4190,11,15761,43735,19,20,12182,9,10,15,16,863,7108,789,23,12,21,22],"class_list":{"0":"post-140084","1":"post","2":"type-post","3":"status-publish","4":"format-standard","5":"has-post-thumbnail","7":"category-espana","8":"tag-begona","9":"tag-breaking-news","10":"tag-breakingnews","11":"tag-completa","12":"tag-consulta","13":"tag-es","14":"tag-espana","15":"tag-espanoles","16":"tag-featured-news","17":"tag-featurednews","18":"tag-formar","19":"tag-gomez","20":"tag-headlines","21":"tag-jurado","22":"tag-juzgara","23":"tag-latest-news","24":"tag-latestnews","25":"tag-lista","26":"tag-news","27":"tag-noticias","28":"tag-noticias-destacadas","29":"tag-noticiasdestacadas","30":"tag-parte","31":"tag-popular","32":"tag-puede","33":"tag-spain","34":"tag-titulares","35":"tag-ultimas-noticias","36":"tag-ultimasnoticias"},"share_on_mastodon":{"url":"","error":""},"_links":{"self":[{"href":"https:\/\/www.europesays.com\/es\/wp-json\/wp\/v2\/posts\/140084","targetHints":{"allow":["GET"]}}],"collection":[{"href":"https:\/\/www.europesays.com\/es\/wp-json\/wp\/v2\/posts"}],"about":[{"href":"https:\/\/www.europesays.com\/es\/wp-json\/wp\/v2\/types\/post"}],"author":[{"embeddable":true,"href":"https:\/\/www.europesays.com\/es\/wp-json\/wp\/v2\/users\/2"}],"replies":[{"embeddable":true,"href":"https:\/\/www.europesays.com\/es\/wp-json\/wp\/v2\/comments?post=140084"}],"version-history":[{"count":0,"href":"https:\/\/www.europesays.com\/es\/wp-json\/wp\/v2\/posts\/140084\/revisions"}],"wp:featuredmedia":[{"embeddable":true,"href":"https:\/\/www.europesays.com\/es\/wp-json\/wp\/v2\/media\/140085"}],"wp:attachment":[{"href":"https:\/\/www.europesays.com\/es\/wp-json\/wp\/v2\/media?parent=140084"}],"wp:term":[{"taxonomy":"category","embeddable":true,"href":"https:\/\/www.europesays.com\/es\/wp-json\/wp\/v2\/categories?post=140084"},{"taxonomy":"post_tag","embeddable":true,"href":"https:\/\/www.europesays.com\/es\/wp-json\/wp\/v2\/tags?post=140084"}],"curies":[{"name":"wp","href":"https:\/\/api.w.org\/{rel}","templated":true}]}}