{"id":140090,"date":"2025-09-26T12:34:08","date_gmt":"2025-09-26T12:34:08","guid":{"rendered":"https:\/\/www.europesays.com\/es\/140090\/"},"modified":"2025-09-26T12:34:08","modified_gmt":"2025-09-26T12:34:08","slug":"serafin-marin-recibe-el-alta-hospitalaria-tras-la-grave-cogida-en-las-ventas","status":"publish","type":"post","link":"https:\/\/www.europesays.com\/es\/140090\/","title":{"rendered":"Seraf\u00edn Mar\u00edn recibe el alta hospitalaria tras la grave cogida en Las Ventas"},"content":{"rendered":"<p><strong>Seraf\u00edn Mar\u00edn<\/strong> ya ha recibido el alta hospitalaria tras la grave cogida que sufri\u00f3 el pasado domingo, 21 de septiembre, en la plaza de toros de<strong> Las Ventas<\/strong>. El torero catal\u00e1n permanec\u00eda ingresado en la madrile\u00f1a<strong> Cl\u00ednica Fraternidad Muprespa-Habana<\/strong> tras ser operado de una cornada <strong>\u00aben el tercio medio-inferior de cara lateral externa del muslo derecho, con una trayectoria ascendente de 30 cm que causa destrozos en la fascia lata y vasto externo. Heridas inciso contusas en regi\u00f3n frontal izquierda y occipital\u00bb<\/strong>, seg\u00fan rezaba el parte m\u00e9dico.<\/p>\n<p><strong>\u00ab\u00a1Pues ya nos vamos para casa! Gracias al equipo m\u00e9dico de Las Ventas y a la Cl\u00ednica Fraternidad por haberme cuidado tanto en estos momentos tan dif\u00edciles para m\u00ed. Ahora queda recuperarse bien para estar al 100 x 100&#8230;\u00bb<\/strong>, escrib\u00eda el diestro barcelon\u00e9s en sus redes sociales.<\/p>\n<p><strong>Seraf\u00edn<\/strong> <strong>Mar\u00edn<\/strong> result\u00f3 prendido violentamente por el primer toro de la tarde en <strong>Madrid<\/strong> el pasado domingo, de la ganader\u00eda de <strong>Monteviejo<\/strong>. El torero fue prendido dram\u00e1ticamente, cogi\u00e9ndole de lleno con el pit\u00f3n derecho y zarande\u00e1ndole violentamente hasta en tres ocasiones.<\/p>\n","protected":false},"excerpt":{"rendered":"Seraf\u00edn Mar\u00edn ya ha recibido el alta hospitalaria tras la grave cogida que sufri\u00f3 el pasado domingo, 21&hellip;\n","protected":false},"author":2,"featured_media":140091,"comment_status":"","ping_status":"","sticky":false,"template":"","format":"standard","meta":{"footnotes":""},"categories":[277],"tags":[45,5593,373,9932,168,25,24,3728,43736,23,167,374],"class_list":{"0":"post-140090","1":"post","2":"type-post","3":"status-publish","4":"format-standard","5":"has-post-thumbnail","7":"category-toreo","8":"tag-45","9":"tag-alta","10":"tag-bullfighting","11":"tag-cornada","12":"tag-deportes","13":"tag-es","14":"tag-espana","15":"tag-las-ventas","16":"tag-serafin-marin","17":"tag-spain","18":"tag-sports","19":"tag-toreo"},"share_on_mastodon":{"url":"","error":""},"_links":{"self":[{"href":"https:\/\/www.europesays.com\/es\/wp-json\/wp\/v2\/posts\/140090","targetHints":{"allow":["GET"]}}],"collection":[{"href":"https:\/\/www.europesays.com\/es\/wp-json\/wp\/v2\/posts"}],"about":[{"href":"https:\/\/www.europesays.com\/es\/wp-json\/wp\/v2\/types\/post"}],"author":[{"embeddable":true,"href":"https:\/\/www.europesays.com\/es\/wp-json\/wp\/v2\/users\/2"}],"replies":[{"embeddable":true,"href":"https:\/\/www.europesays.com\/es\/wp-json\/wp\/v2\/comments?post=140090"}],"version-history":[{"count":0,"href":"https:\/\/www.europesays.com\/es\/wp-json\/wp\/v2\/posts\/140090\/revisions"}],"wp:featuredmedia":[{"embeddable":true,"href":"https:\/\/www.europesays.com\/es\/wp-json\/wp\/v2\/media\/140091"}],"wp:attachment":[{"href":"https:\/\/www.europesays.com\/es\/wp-json\/wp\/v2\/media?parent=140090"}],"wp:term":[{"taxonomy":"category","embeddable":true,"href":"https:\/\/www.europesays.com\/es\/wp-json\/wp\/v2\/categories?post=140090"},{"taxonomy":"post_tag","embeddable":true,"href":"https:\/\/www.europesays.com\/es\/wp-json\/wp\/v2\/tags?post=140090"}],"curies":[{"name":"wp","href":"https:\/\/api.w.org\/{rel}","templated":true}]}}