{"id":140112,"date":"2025-09-26T12:47:13","date_gmt":"2025-09-26T12:47:13","guid":{"rendered":"https:\/\/www.europesays.com\/es\/140112\/"},"modified":"2025-09-26T12:47:13","modified_gmt":"2025-09-26T12:47:13","slug":"frankenstein-de-guillermo-del-toro-es-la-pelicula-sorpresa-de-zinemaldia-kultura","status":"publish","type":"post","link":"https:\/\/www.europesays.com\/es\/140112\/","title":{"rendered":"\u2018Frankenstein\u2019, de Guillermo del Toro, es la pel\u00edcula sorpresa de Zinemaldia | Kultura"},"content":{"rendered":"<p>        <img decoding=\"async\" alt=\"Fotograma de \u2018Frankenstein\u2019.\" height=\"534\" loading=\"lazy\"  src=\"https:\/\/www.europesays.com\/es\/wp-content\/uploads\/2025\/09\/frankenstein.jpg\"  width=\"800\"\/>Fotograma de \u2018Frankenstein\u2019. (ZINEMALDIA)<\/p>\n<p>La pel\u00edcula sorpresa de la 73 edici\u00f3n de Zinemaldia ser\u00e1 \u2018Frankenstein\u2019, la nueva versi\u00f3n del cl\u00e1sico de Mary Shelley dirigida por el cineasta mexicano Guillermo del Toro y protagonizada por Oscar Isaac, Jacob Elordi, Christoph Waltz y Mia Goth.<\/p>\n<p>El filme se proyectar\u00e1 este viernes en el Teatro Principal a las 21.45 horas y en el Victoria Eugenia a las 22.30 horas, mientras que el Vel\u00f3dromo acoger\u00e1 el s\u00e1bado a las 18.00 horas un tercer pase en su pantalla gigante.<\/p>\n<p>La pel\u00edcula, que fue incluida en la <a href=\"https:\/\/www.naiz.eus\/eu\/info\/noticia\/20250830\/el-festival-de-venecia-se-deslumbra-con-frankenstein-de-guillermo-del-toro\" rel=\"nofollow noopener\" target=\"_blank\">Secci\u00f3n Oficial del pasado Festival de Venecia<\/a>, cuenta la historia del doctor Frankenstein, un cient\u00edfico brillante pero egoc\u00e9ntrico que da vida a una criatura en un experimento monstruoso que finalmente conduce a la perdici\u00f3n tanto al creador como a su tr\u00e1gica creaci\u00f3n, seg\u00fan han detallado desde el certamen donostiarra.<\/p>\n<p>\u00abEstoy muy emocionado de compartir Frankenstein con la audiencia aqu\u00ed, en el Festival Internacional de Cine de San Sebasti\u00e1n. Fundir biograf\u00eda con biograf\u00eda, con Mary Shelley y un dolor cat\u00f3lico. Examinar el dolor que se transmite de padres a hijos y que solo acaba con el perd\u00f3n y la aceptaci\u00f3n. Buscar un relato\u00a0\u00edntimo en un fresco \u00e9pico. Esos fueron los principios que me mantuvieron con fe por d\u00e9cadas. Creyendo y esperando dotar de emoci\u00f3n un texto que me ha fascinado desde siempre y ha existido en el imaginario colectivo por doscientos a\u00f1os\u00bb, ha afirmado Guillermo del Toro.<\/p>\n<p>El director mexicano ha creado un caracter\u00edstico estilo cinematogr\u00e1fico que mezcla el terror, la fantas\u00eda y una \u00abexuberante y personal imaginer\u00eda visual\u00bb. Desde su debut con \u2018Cronos\u2019 (Zabaltegi, 1994), ha dirigido y producido numerosas y aclamadas pel\u00edculas, entre las que se incluyen \u2018El espinazo del diablo\u2019 (Made in Spain, 2001), \u2018El laberinto del fauno\u2019 (2006), \u2018Mimic\u2019 (1997), \u2018Hellboy\u2019 (2004), \u2018Pacific Rim\u2019 (2013), \u2018Crimson Peak\u2019 (\u2018La cumbre escarlata\u2019, 2015) y \u2018The Shape of Water\u2019 (\u2018La forma del agua\u2019, 2017), que fue nominada a 13 premios Oscar y gan\u00f3 cuatro, incluidos los de mejor pel\u00edcula y mejor director.<\/p>\n<p>Su primer largometraje de animaci\u00f3n fotograma a fotograma, \u2018Pinocho de Guillermo del Toro\u2019 (2022), que dirigi\u00f3 junto al difunto Mark Gustafson, gan\u00f3 el \u00d3scar a la mejor pel\u00edcula de animaci\u00f3n.<\/p>\n<p>Desde que en 2019 recuper\u00f3 la tradici\u00f3n de programar una pel\u00edcula sorpresa, Zinemaldia ha mostrado los siguientes t\u00edtulos en esta secci\u00f3n: \u2018Joker\u2019 (Todd Phillips, 2019), \u2018Sportin&#8217; Life\u2019 (Abel Ferrara, 2020), \u2018Spencer\u2019 (Pablo Larra\u00edn, 2021), \u2018Blonde\u2019 (Andrew Dominik, 2022), \u2018The Killer\u2019 (\u2018El asesino\u2019, David Fincher, 2023) y \u2018Joker: Folie \u00e0 Deux\u2019 (Todd Phillips, 2024).<\/p>\n<p>\n      Honi buruzko guztia:<br \/>\n      <a href=\"https:\/\/www.naiz.eus\/eu\/info_sek\/zinemaldia-2025\" rel=\"nofollow noopener\" target=\"_blank\">zinemaldia 2025<\/a>\n    <\/p>\n","protected":false},"excerpt":{"rendered":"Fotograma de \u2018Frankenstein\u2019. (ZINEMALDIA) La pel\u00edcula sorpresa de la 73 edici\u00f3n de Zinemaldia ser\u00e1 \u2018Frankenstein\u2019, la nueva versi\u00f3n&hellip;\n","protected":false},"author":2,"featured_media":140113,"comment_status":"","ping_status":"","sticky":false,"template":"","format":"standard","meta":{"footnotes":""},"categories":[169],"tags":[177,146,147,25,24,176,8750,6891,175,1257,5785,23,913,24803],"class_list":{"0":"post-140112","1":"post","2":"type-post","3":"status-publish","4":"format-standard","5":"has-post-thumbnail","7":"category-cine","8":"tag-cine","9":"tag-entertainment","10":"tag-entretenimiento","11":"tag-es","12":"tag-espana","13":"tag-film","14":"tag-frankenstein","15":"tag-guillermo","16":"tag-movies","17":"tag-pelicula","18":"tag-sorpresa","19":"tag-spain","20":"tag-toro","21":"tag-zinemaldia"},"share_on_mastodon":{"url":"","error":""},"_links":{"self":[{"href":"https:\/\/www.europesays.com\/es\/wp-json\/wp\/v2\/posts\/140112","targetHints":{"allow":["GET"]}}],"collection":[{"href":"https:\/\/www.europesays.com\/es\/wp-json\/wp\/v2\/posts"}],"about":[{"href":"https:\/\/www.europesays.com\/es\/wp-json\/wp\/v2\/types\/post"}],"author":[{"embeddable":true,"href":"https:\/\/www.europesays.com\/es\/wp-json\/wp\/v2\/users\/2"}],"replies":[{"embeddable":true,"href":"https:\/\/www.europesays.com\/es\/wp-json\/wp\/v2\/comments?post=140112"}],"version-history":[{"count":0,"href":"https:\/\/www.europesays.com\/es\/wp-json\/wp\/v2\/posts\/140112\/revisions"}],"wp:featuredmedia":[{"embeddable":true,"href":"https:\/\/www.europesays.com\/es\/wp-json\/wp\/v2\/media\/140113"}],"wp:attachment":[{"href":"https:\/\/www.europesays.com\/es\/wp-json\/wp\/v2\/media?parent=140112"}],"wp:term":[{"taxonomy":"category","embeddable":true,"href":"https:\/\/www.europesays.com\/es\/wp-json\/wp\/v2\/categories?post=140112"},{"taxonomy":"post_tag","embeddable":true,"href":"https:\/\/www.europesays.com\/es\/wp-json\/wp\/v2\/tags?post=140112"}],"curies":[{"name":"wp","href":"https:\/\/api.w.org\/{rel}","templated":true}]}}