{"id":140125,"date":"2025-09-26T12:56:07","date_gmt":"2025-09-26T12:56:07","guid":{"rendered":"https:\/\/www.europesays.com\/es\/140125\/"},"modified":"2025-09-26T12:56:07","modified_gmt":"2025-09-26T12:56:07","slug":"bada-huesca-a-confirmar-su-mejoria-en-cangas","status":"publish","type":"post","link":"https:\/\/www.europesays.com\/es\/140125\/","title":{"rendered":"Bada Huesca, a confirmar su mejor\u00eda en Cangas"},"content":{"rendered":"<p class=\"paragraph\"><b>El Bada Huesca visita Cangas del Morrazo poniendo a prueba su inicio liguero, que por ahora cuenta una de cal y una de arena.<\/b> Los de Nolasco se vinieron abajo tras fallar repetidamente ante la porter\u00eda en Valladolid en la primera jornada y consiguieron ganar con solidez, pero a\u00fan con demasiados errores en casa contra Aranda.<\/p>\n<p class=\"paragraph\"><b>El equipo trata de dar un nuevo paso adelante en tierras gallegas para superar a un rival que llega sin puntos<\/b> en su casillero, pero que en O Gata\u00f1al siempre es un duro hueso.<\/p>\n<p class=\"paragraph\"><b>El Bada Huesca mantiene el problema de las bajas que le afect\u00f3 la semana pasada <\/b>y que casi parece end\u00e9mico. No estar\u00e1n ni \u00d3scar Garc\u00eda ni Charly P\u00e9rez adem\u00e1s de los lesionados de larga duraci\u00f3n: Meris Bosnjak, Carlos Molina, Bruno Garc\u00eda y Alfonso Rodr\u00edguez.<\/p>\n<p class=\"paragraph\"><b>A cambio entrar\u00e1 en la convocatoria el cubano Yoel Cuni, que da nuevas perspectivas al lateral zurdo<\/b>, donde el equipo se hab\u00eda quedado sin ocupante natural tras la lesi\u00f3n de Bosnajk y el paso obligado al extremo de Rafa Paulo. El cubano est\u00e1 a\u00fan lejos de la mejor forma, pero seguro que aportar\u00e1 minutos y Nolasco cree que va a ser \u201cun baluarte en ataque y defensa\u201d con su calidad y experiencia a nivel internacional.<\/p>\n<p class=\"paragraph\"><b>El Bada tratar\u00e1 de partir y aferrarse a su trabajo defensivo y a la aportaci\u00f3n de su porter\u00eda<\/b>, que est\u00e1 siendo de lo mejor en este arranque liguero. La firmeza atr\u00e1s, con el liderazgo de Drasko Nenadic es la clave para el equipo, que, adem\u00e1s, est\u00e1 siendo capaz de correr al contraataque con sentido y cierta continuidad. Si la defensa see muestra s\u00f3lida, tanto Ben Tekaya como Decsi han mostrado su capacidad para detener lanzamientos.<\/p>\n<p class=\"paragraph\"><b>En ataque el equipo tiene m\u00e1s recorrido y margen de mejora. <\/b>Se mantiene la buena conexi\u00f3n con Artur Parera, que, aunquee muy vigilado por las defensas (muy al l\u00edmite de lo permisible)), suele sacar mucho jugo en los 6 metrros. Y el lanzamiento y la decisi\u00f3n de los Cordi\u00e9s, Frank y Samuel, est\u00e1 siendo b\u00e1sico. La entrada de Cuni a\u00f1adir\u00e1 peligro, lanzamiento y peligrosidad para jugar hacia el otr lado.Y tambi\u00e9n los extremos est\u00e1n acabando bien lo que les llega.<\/p>\n<p class=\"paragraph\"><b>Pero la clave est\u00e1 en las p\u00e9rdidas de bal\u00f3n, que suponen una importante amenaza. <\/b>Los centrales, Tchitombi e Ignacio Su\u00e1rez, a\u00fan no han alcanzado su mejor rendimiento y la necesaria conexi\u00f3n con los compa\u00f1eros. Deben avanzar en ello, dar continuidad a juego y reducir los errores, ante todo, adem\u00e1s de sacar a relucir su calidad individual.<\/p>\n<p class=\"paragraph\">En Cangas el equipo<b> se va a encontrar un rival activo y agresivo en los dos lados de la pista, con salida y contactos en defensa<\/b>, que le van a obligar a dar continuidad y ser vertical ante los espacios que se generen.<\/p>\n<p class=\"paragraph\"><b>Ser\u00e1 importante frenar las transiciones con un buen balance defensivo y estar s\u00f3lidos en defensa ante un equipo que podr\u00eda tener una baja sensible en el pivote<\/b>, sin Javi Garc\u00eda, pero que se ha reforzado bien y tiene tanto jugadores muuy directos como Santi L\u00f3pez en el central o \u00c1ngel Rivero en el lateral derecho, y potencial de lanzamiento y continuidad en su juego. Ha perdido jugadores muy importante en la plantilla, con la salida de  Thyman, Brais, Rares o Krivokapic, pero ha incorporado a Pereiro, Rivero, D\u2019Antino, Csaba o Valderhaug.<\/p>\n","protected":false},"excerpt":{"rendered":"El Bada Huesca visita Cangas del Morrazo poniendo a prueba su inicio liguero, que por ahora cuenta una&hellip;\n","protected":false},"author":2,"featured_media":140126,"comment_status":"","ping_status":"","sticky":false,"template":"","format":"standard","meta":{"footnotes":""},"categories":[278],"tags":[2321,376,2903,17488,168,25,24,375,1265,31507,23,167],"class_list":{"0":"post-140125","1":"post","2":"type-post","3":"status-publish","4":"format-standard","5":"has-post-thumbnail","7":"category-balonmano","8":"tag-bada","9":"tag-balonmano","10":"tag-cangas","11":"tag-confirmar","12":"tag-deportes","13":"tag-es","14":"tag-espana","15":"tag-handball","16":"tag-huesca","17":"tag-mejoria","18":"tag-spain","19":"tag-sports"},"share_on_mastodon":{"url":"","error":""},"_links":{"self":[{"href":"https:\/\/www.europesays.com\/es\/wp-json\/wp\/v2\/posts\/140125","targetHints":{"allow":["GET"]}}],"collection":[{"href":"https:\/\/www.europesays.com\/es\/wp-json\/wp\/v2\/posts"}],"about":[{"href":"https:\/\/www.europesays.com\/es\/wp-json\/wp\/v2\/types\/post"}],"author":[{"embeddable":true,"href":"https:\/\/www.europesays.com\/es\/wp-json\/wp\/v2\/users\/2"}],"replies":[{"embeddable":true,"href":"https:\/\/www.europesays.com\/es\/wp-json\/wp\/v2\/comments?post=140125"}],"version-history":[{"count":0,"href":"https:\/\/www.europesays.com\/es\/wp-json\/wp\/v2\/posts\/140125\/revisions"}],"wp:featuredmedia":[{"embeddable":true,"href":"https:\/\/www.europesays.com\/es\/wp-json\/wp\/v2\/media\/140126"}],"wp:attachment":[{"href":"https:\/\/www.europesays.com\/es\/wp-json\/wp\/v2\/media?parent=140125"}],"wp:term":[{"taxonomy":"category","embeddable":true,"href":"https:\/\/www.europesays.com\/es\/wp-json\/wp\/v2\/categories?post=140125"},{"taxonomy":"post_tag","embeddable":true,"href":"https:\/\/www.europesays.com\/es\/wp-json\/wp\/v2\/tags?post=140125"}],"curies":[{"name":"wp","href":"https:\/\/api.w.org\/{rel}","templated":true}]}}