{"id":140131,"date":"2025-09-26T13:01:14","date_gmt":"2025-09-26T13:01:14","guid":{"rendered":"https:\/\/www.europesays.com\/es\/140131\/"},"modified":"2025-09-26T13:01:14","modified_gmt":"2025-09-26T13:01:14","slug":"de-sufrir-un-ictus-con-21-anos-a-ganar-el-tour-la-historia-de-contador-emociona-al-fid","status":"publish","type":"post","link":"https:\/\/www.europesays.com\/es\/140131\/","title":{"rendered":"De sufrir un ictus con 21 a\u00f1os a ganar el Tour: la historia de Contador emociona al FID"},"content":{"rendered":"<p><img fetchpriority=\"high\" class=\"v-a-img\" src=\"https:\/\/www.europesays.com\/es\/wp-content\/uploads\/2025\/09\/CONFERENCIA CONTADOR-kg7H-U2303190930906R9B-1200x840@Leonoticias.jpg\" loading=\"eager\" decoding=\"async\" alt=\"Alberto Contador recibe el premio FID 2025 de manos del director del foro, Francisco del R\u00edo.\"  width=\"1200\" height=\"840\"\/><\/p>\n<p>Alberto Contador recibe el premio FID 2025 de manos del director del foro, Francisco del R\u00edo.                  <\/p>\n<p>El ganador de Vuelta, Tour y Giro encandil\u00f3 a un abarrotado Auditorio de Le\u00f3n con su historia de superaci\u00f3n y esfuerzo<\/p>\n<p><a class=\"v-mdl-ath__fig-a\" href=\"https:\/\/www.leonoticias.com\/autor\/leonoticias-2282.html\" title=\"Leonoticias\" rel=\"nofollow noopener\" target=\"_blank\"><br \/>\n<img decoding=\"async\" class=\"v-mdl-ath__img\" src=\"https:\/\/s1.ppllstatics.com\/comun\/img\/2014\/autor\/autor-2282-foto-1.jpeg\" alt=\"Leonoticias\"\/><br \/>\n<\/a><\/p>\n<p class=\"v-mdl-ath__p v-mdl-ath__p--6\">\nViernes, 26 de septiembre 2025, 09:18<\/p>\n<p class=\"v-p\">Alberto Contador ha protagonizado la sesi\u00f3n inaugural delFID Le\u00f3n 2025 en la que ha repasado su carrera deportiva, una muestra de sacrificio y superaci\u00f3n que emocion\u00f3 a un entusiasmado Auditorio Ciudad de Le\u00f3n. El excorredor recibi\u00f3 adem\u00e1s el premio FID 2025.<\/p>\n<p class=\"v-p\">El exciclista comenz\u00f3 su charla ante un auditorio lleno repasando sus comienzos como profesional y termin\u00f3 cantando sobre el escenario. El exciclista record\u00f3 que, de ni\u00f1o, sus tres sue\u00f1os eran \u00abser profesional, correr un Tour y ganarlo\u00bb, pero en 2004 en la Vuelta a Asturias vio peligrar sus objetivos con unos dolores fuertes de cabeza provocados por un ictus, que le llevaron a quir\u00f3fano y a replantearse su vida. Fue entones cuando su madre le dijo la frase que le acompa\u00f1a en los momentos de debilidad y dudas \u00abquerer es poder\u00bb. <\/p>\n<p class=\"v-p\">Mes y medio despu\u00e9s de darle el alta consegu\u00eda en Australia su \u00abvictoria m\u00e1s importante a nivel emocional\u00bb. De hecho, confiesa que en el sal\u00f3n de su casa luce este trofeo junto al Giro, el Tour y la Vuelta. <\/p>\n<p><a href=\"http:\/\/www.leonoticias.com\/deportes\/ciclismo\/contador-llega-historia-vital-leon-camino-veces-20250925130732-nt.html#vtm_modulosEngag=mod-rel:deportes:noticia:1:cmp:1-not\" class=\"v-a-link\" aria-label=\"Imagen\" rel=\"nofollow noopener\" target=\"_blank\"><\/p>\n<p><img decoding=\"async\" loading=\"lazy\" src=\"https:\/\/s1.ppllstatics.com\/leonoticias\/www\/multimedia\/2025\/09\/25\/a-contador-kULF--366x256@Leonoticias.jpg\" class=\"v-a-img\" width=\"258\" height=\"180\" alt=\"\" data-voc-vtm-id=\"in-text-traffic\"\/><\/p>\n<p><\/a><\/p>\n<p class=\"v-p\">Reconoce que la educaci\u00f3n de sus hijos le da m\u00e1s miedo que cualquier rival de toda su carrera. \u00abS\u00ed me gustar\u00eda que aprendieran los valores tan importantes del ciclismo y del deporte: sacrificio, caer y levantarse, tomar decisiones\u2026 pero siempre van a tener un papel muy importante en la vida\u00bb. <\/p>\n<p>La exigencia de la \u00e9lite<\/p>\n<p class=\"v-p\">Aunque asegura que \u00abel deporte profesional es muy exigente\u00bb, tambi\u00e9n recuerda que desde juvenil se visualizaba en el podio del Tour de Francia. As\u00ed se lo dijo a Banesto en 2006: \u00abcreo que el a\u00f1o que viene puedo ganar\u00bb. Tambi\u00e9n ha recordado c\u00f3mo complet\u00f3 un \u00ab2008 perfecto\u00bb ganando un Giro que s\u00f3lo iba a estar en la salida de la carrera. \u00abHice una reflexi\u00f3n y es que en la vida cuando nos encontramos con obst\u00e1culos, esas piedras en el camino pueden convertirse en oportunidades\u00bb. Tambi\u00e9n ha relatado c\u00f3mo Amstrong fue su \u00eddolo hasta 2009 que volvi\u00f3 a correr el Tour en su equipo y c\u00f3mo se gener\u00f3 \u00abuna pol\u00e9mica incre\u00edble\u00bb. \u00abHab\u00eda mucha tensi\u00f3n, pero a m\u00ed me motivaba m\u00e1s\u00bb. <\/p>\n<p class=\"v-p\">Los detalles han marcado siempre su carrera. \u00abNo me val\u00eda otra cosa que no fuera ganar. De hecho, me preguntaban si firmar\u00eda un segundo puesto y la respuesta es no. Pero no porque no tendr\u00eda la motivaci\u00f3n para entrenar como tienes que entrenar para ganar\u00bb. Por \u00faltimo, ha recordado c\u00f3mo tuvo su \u00abdespedida so\u00f1ada\u00bb y que desde su retirada disfruta mucho todo lo que hace. \u00abSoy muy afortunado, es muy dif\u00edcil retirarse, pero yo al d\u00eda siguiente ten\u00eda muchos planes encima de la mesa y los disfruto mucho\u00bb. <\/p>\n<p>Comenta<\/p>\n<p>Reporta un error<\/p>\n","protected":false},"excerpt":{"rendered":"Alberto Contador recibe el premio FID 2025 de manos del director del foro, Francisco del R\u00edo. El ganador&hellip;\n","protected":false},"author":2,"featured_media":140132,"comment_status":"","ping_status":"","sticky":false,"template":"","format":"standard","meta":{"footnotes":""},"categories":[273],"tags":[988,313,8183,312,168,14733,25,24,43430,2000,448,12369,23,167,18389,316],"class_list":{"0":"post-140131","1":"post","2":"type-post","3":"status-publish","4":"format-standard","5":"has-post-thumbnail","7":"category-ciclismo","8":"tag-anos","9":"tag-ciclismo","10":"tag-contador","11":"tag-cycling","12":"tag-deportes","13":"tag-emociona","14":"tag-es","15":"tag-espana","16":"tag-fid","17":"tag-ganar","18":"tag-historia","19":"tag-ictus","20":"tag-spain","21":"tag-sports","22":"tag-sufrir","23":"tag-tour"},"share_on_mastodon":{"url":"","error":""},"_links":{"self":[{"href":"https:\/\/www.europesays.com\/es\/wp-json\/wp\/v2\/posts\/140131","targetHints":{"allow":["GET"]}}],"collection":[{"href":"https:\/\/www.europesays.com\/es\/wp-json\/wp\/v2\/posts"}],"about":[{"href":"https:\/\/www.europesays.com\/es\/wp-json\/wp\/v2\/types\/post"}],"author":[{"embeddable":true,"href":"https:\/\/www.europesays.com\/es\/wp-json\/wp\/v2\/users\/2"}],"replies":[{"embeddable":true,"href":"https:\/\/www.europesays.com\/es\/wp-json\/wp\/v2\/comments?post=140131"}],"version-history":[{"count":0,"href":"https:\/\/www.europesays.com\/es\/wp-json\/wp\/v2\/posts\/140131\/revisions"}],"wp:featuredmedia":[{"embeddable":true,"href":"https:\/\/www.europesays.com\/es\/wp-json\/wp\/v2\/media\/140132"}],"wp:attachment":[{"href":"https:\/\/www.europesays.com\/es\/wp-json\/wp\/v2\/media?parent=140131"}],"wp:term":[{"taxonomy":"category","embeddable":true,"href":"https:\/\/www.europesays.com\/es\/wp-json\/wp\/v2\/categories?post=140131"},{"taxonomy":"post_tag","embeddable":true,"href":"https:\/\/www.europesays.com\/es\/wp-json\/wp\/v2\/tags?post=140131"}],"curies":[{"name":"wp","href":"https:\/\/api.w.org\/{rel}","templated":true}]}}