{"id":140133,"date":"2025-09-26T13:02:08","date_gmt":"2025-09-26T13:02:08","guid":{"rendered":"https:\/\/www.europesays.com\/es\/140133\/"},"modified":"2025-09-26T13:02:08","modified_gmt":"2025-09-26T13:02:08","slug":"en-colaboracion-con-haas-y-ferrari-pirelli-registra-un-primer-dia-de-pruebas-lluvioso","status":"publish","type":"post","link":"https:\/\/www.europesays.com\/es\/140133\/","title":{"rendered":"En colaboraci\u00f3n con Haas y Ferrari, Pirelli registra un primer d\u00eda de pruebas lluvioso"},"content":{"rendered":"<p class=\"gt-block\">Aprovechando una breve pausa en la apretada agenda del <a href=\"https:\/\/es.autohebdo.fr\/noticias\/f1\" data-internallinksmanager029f6b8e52c=\"1\" title=\"F1\" rel=\"nofollow noopener\" target=\"_blank\">f\u00f3rmula 1<\/a>, los pilotos <a href=\"https:\/\/es.autohebdo.fr\/noticias\/estable\/haas\" data-internallinksmanager029f6b8e52c=\"82\" title=\"Equipo Haas F1\" rel=\"nofollow noopener\" target=\"_blank\">Haas<\/a> et <a href=\"https:\/\/es.autohebdo.fr\/noticias\/estable\/ferrari\" data-internallinksmanager029f6b8e52c=\"74\" title=\"Ferrari\" rel=\"nofollow noopener\" target=\"_blank\">Ferrari<\/a> Pondr\u00e1n a disposici\u00f3n sus habilidades de conducci\u00f3n para probar la nueva gama de neum\u00e1ticos Pirelli, como preparaci\u00f3n para la temporada 2026. Se espera que los neum\u00e1ticos 2026 tengan un ancho reducido en 25 mm delante y 30 mm detr\u00e1s.<\/p>\n<p class=\"gt-block\">Los conductores de Haas, <a href=\"https:\/\/es.autohebdo.fr\/pilote\/f1\/esteban-oc%C3%B3n-2\" data-internallinksmanager029f6b8e52c=\"37\" title=\"Esteban Ocon\" rel=\"nofollow noopener\" target=\"_blank\">Esteban Ocon<\/a> y Oliver Bearman salieron a la pista de Mugello para la primera prueba de Pirelli. Con un monoplaza basado en un VF-24 y equipado con neum\u00e1ticos 2026, el franc\u00e9s complet\u00f3 cuarenta vueltas con un mejor tiempo de 1:21.943. Pirelli ten\u00eda previsto probar la gama 2026, m\u00e1s dura, pero el impredecible clima toscano dificult\u00f3 estas pruebas. Oliver Bearman finalmente mont\u00f3 neum\u00e1ticos intermedios especialmente adaptados para condiciones de lluvia. Por lo tanto, Bearman registr\u00f3 un mejor tiempo de 1:34.381 en treinta vueltas en pista, muy por detr\u00e1s del de su compa\u00f1ero de equipo en seco.<\/p>\n<p class=\"gt-block\">.<br \/><a href=\"https:\/\/es.autohebdo.fr\/noticias\/etiqueta\/romain-grosjean\" data-internallinksmanager029f6b8e52c=\"19\" title=\"Romaine Grosjean\" rel=\"nofollow noopener\" target=\"_blank\">Romain Grosjean<\/a> Tambi\u00e9n hizo un regreso inesperado al volante de un coche de F\u00f3rmula 1. Cinco a\u00f1os despu\u00e9s de su accidente en la primera vuelta del GP de Bar\u00e9in a finales de 2020, donde emergi\u00f3 milagrosamente de su <a href=\"https:\/\/es.autohebdo.fr\/noticias\/coche\" data-internallinksmanager029f6b8e52c=\"61\" title=\"Monoplace\" rel=\"nofollow noopener\" target=\"_blank\">coche<\/a> El expiloto de Haas estaba entusiasmado con la TCP (prueba con coches de al menos dos a\u00f1os de antig\u00fcedad) organizada por su antiguo equipo. Estar\u00e1 en la pista este viernes.<\/p>\n<p class=\"gt-block\"><strong>LEA TAMBI\u00c9N &gt; <a href=\"https:\/\/es.autohebdo.fr\/noticias\/f1\/Romain-Grosjean-regresa-con-Haas-para-un-TPC-en-Mugello.html\" rel=\"nofollow noopener\" target=\"_blank\">Romain Grosjean regresa con Haas para un TPC en Mugello<\/a><\/strong><\/p>\n<p>Abran paso a los monoplazas rojos para esta segunda jornada de pruebas en Mugello<\/p>\n<p class=\"gt-block\">Las pruebas contin\u00faan este viernes por segundo d\u00eda en el circuito de Mugello. El piloto habitual de la Scuderia, <a href=\"https:\/\/es.autohebdo.fr\/pilote\/f1\/charles-leclerc\" data-internallinksmanager029f6b8e52c=\"5\" title=\"Charles Leclerc\" rel=\"nofollow noopener\" target=\"_blank\">Charles Leclerc<\/a>, y <a href=\"https:\/\/es.autohebdo.fr\/pilote\/f1\/guanyu-zhou\" data-internallinksmanager029f6b8e52c=\"46\" title=\"Zhou Guanyu\" rel=\"nofollow noopener\" target=\"_blank\">Zhou Guanyu<\/a> Conducir\u00e1 un prototipo inspirado en el SF-25. El piloto chino, ex piloto de Sauber y reserva de Ferrari, reemplazar\u00e1 <a href=\"https:\/\/es.autohebdo.fr\/pilote\/f1\/Luis-Hamilton-2\" data-internallinksmanager029f6b8e52c=\"41\" title=\"Lewis Hamilton\" rel=\"nofollow noopener\" target=\"_blank\">Lewis Hamilton<\/a>El brit\u00e1nico se perder\u00e1 las pruebas para cuidar de su perro Roscoe, quien se encuentra hospitalizado. Se espera una ligera lluvia en Mugello a primera hora de la tarde, lo que podr\u00eda interrumpir a\u00fan m\u00e1s las pruebas de Pirelli.<\/p>\n","protected":false},"excerpt":{"rendered":"Aprovechando una breve pausa en la apretada agenda del f\u00f3rmula 1, los pilotos Haas et Ferrari Pondr\u00e1n a&hellip;\n","protected":false},"author":2,"featured_media":140134,"comment_status":"","ping_status":"","sticky":false,"template":"","format":"standard","meta":{"footnotes":""},"categories":[270],"tags":[168,25,24,306,271,272,11354,43455,15918,4532,23,167],"class_list":{"0":"post-140133","1":"post","2":"type-post","3":"status-publish","4":"format-standard","5":"has-post-thumbnail","7":"category-formula-1","8":"tag-deportes","9":"tag-es","10":"tag-espana","11":"tag-f1","12":"tag-formula-1","13":"tag-formula1","14":"tag-haas","15":"tag-mugello","16":"tag-pirelli","17":"tag-scuderia-ferrari","18":"tag-spain","19":"tag-sports"},"share_on_mastodon":{"url":"","error":""},"_links":{"self":[{"href":"https:\/\/www.europesays.com\/es\/wp-json\/wp\/v2\/posts\/140133","targetHints":{"allow":["GET"]}}],"collection":[{"href":"https:\/\/www.europesays.com\/es\/wp-json\/wp\/v2\/posts"}],"about":[{"href":"https:\/\/www.europesays.com\/es\/wp-json\/wp\/v2\/types\/post"}],"author":[{"embeddable":true,"href":"https:\/\/www.europesays.com\/es\/wp-json\/wp\/v2\/users\/2"}],"replies":[{"embeddable":true,"href":"https:\/\/www.europesays.com\/es\/wp-json\/wp\/v2\/comments?post=140133"}],"version-history":[{"count":0,"href":"https:\/\/www.europesays.com\/es\/wp-json\/wp\/v2\/posts\/140133\/revisions"}],"wp:featuredmedia":[{"embeddable":true,"href":"https:\/\/www.europesays.com\/es\/wp-json\/wp\/v2\/media\/140134"}],"wp:attachment":[{"href":"https:\/\/www.europesays.com\/es\/wp-json\/wp\/v2\/media?parent=140133"}],"wp:term":[{"taxonomy":"category","embeddable":true,"href":"https:\/\/www.europesays.com\/es\/wp-json\/wp\/v2\/categories?post=140133"},{"taxonomy":"post_tag","embeddable":true,"href":"https:\/\/www.europesays.com\/es\/wp-json\/wp\/v2\/tags?post=140133"}],"curies":[{"name":"wp","href":"https:\/\/api.w.org\/{rel}","templated":true}]}}