{"id":140142,"date":"2025-09-26T13:07:15","date_gmt":"2025-09-26T13:07:15","guid":{"rendered":"https:\/\/www.europesays.com\/es\/140142\/"},"modified":"2025-09-26T13:07:15","modified_gmt":"2025-09-26T13:07:15","slug":"best-seller-a-la-vista-el-13-de-octubre-llega-a-las-librerias-lo-nuevo-de-miren-amuriza-ocio-y-cultura","status":"publish","type":"post","link":"https:\/\/www.europesays.com\/es\/140142\/","title":{"rendered":"&#8216;Best-seller&#8217; a la vista: el 13 de octubre llega a las librer\u00edas lo nuevo de Miren Amuriza | Ocio y cultura"},"content":{"rendered":"<p class=\"loc\">Ibiza<\/p>\n<p>Siguen llegando novedades a las librer\u00edas, y nuestro librero de cabecera, Pedro Gonz\u00e1lez, nos propone que no nos quedemos en las que se sit\u00faan en las estanter\u00edas de lo m\u00e1s buscado por los lectores, sino que profundicemos un poco m\u00e1s y busquemos las joyas que est\u00e1n un poco m\u00e1s escondidas.<\/p>\n<p>Es el caso del libro de que nos ha hablado esta semana en &#8216;Tiempo de Libros&#8217;, lo nuevo de Miren Amuriza, que lleva por t\u00edtulo &#8216;Plaiback&#8217; y que est\u00e1 previsto que salga a la venta el pr\u00f3ximo d\u00eda 13 de octubre. Un libro ambientado en el Pa\u00eds Vasco, una novela inici\u00e1tica ambientada en la Euskal Herria de los a\u00f1os 90. <\/p>\n","protected":false},"excerpt":{"rendered":"Ibiza Siguen llegando novedades a las librer\u00edas, y nuestro librero de cabecera, Pedro Gonz\u00e1lez, nos propone que no&hellip;\n","protected":false},"author":2,"featured_media":140143,"comment_status":"","ping_status":"","sticky":false,"template":"","format":"standard","meta":{"footnotes":""},"categories":[172],"tags":[224,146,147,25,24,225,23],"class_list":{"0":"post-140142","1":"post","2":"type-post","3":"status-publish","4":"format-standard","5":"has-post-thumbnail","7":"category-libros","8":"tag-books","9":"tag-entertainment","10":"tag-entretenimiento","11":"tag-es","12":"tag-espana","13":"tag-libros","14":"tag-spain"},"share_on_mastodon":{"url":"","error":""},"_links":{"self":[{"href":"https:\/\/www.europesays.com\/es\/wp-json\/wp\/v2\/posts\/140142","targetHints":{"allow":["GET"]}}],"collection":[{"href":"https:\/\/www.europesays.com\/es\/wp-json\/wp\/v2\/posts"}],"about":[{"href":"https:\/\/www.europesays.com\/es\/wp-json\/wp\/v2\/types\/post"}],"author":[{"embeddable":true,"href":"https:\/\/www.europesays.com\/es\/wp-json\/wp\/v2\/users\/2"}],"replies":[{"embeddable":true,"href":"https:\/\/www.europesays.com\/es\/wp-json\/wp\/v2\/comments?post=140142"}],"version-history":[{"count":0,"href":"https:\/\/www.europesays.com\/es\/wp-json\/wp\/v2\/posts\/140142\/revisions"}],"wp:featuredmedia":[{"embeddable":true,"href":"https:\/\/www.europesays.com\/es\/wp-json\/wp\/v2\/media\/140143"}],"wp:attachment":[{"href":"https:\/\/www.europesays.com\/es\/wp-json\/wp\/v2\/media?parent=140142"}],"wp:term":[{"taxonomy":"category","embeddable":true,"href":"https:\/\/www.europesays.com\/es\/wp-json\/wp\/v2\/categories?post=140142"},{"taxonomy":"post_tag","embeddable":true,"href":"https:\/\/www.europesays.com\/es\/wp-json\/wp\/v2\/tags?post=140142"}],"curies":[{"name":"wp","href":"https:\/\/api.w.org\/{rel}","templated":true}]}}