{"id":140181,"date":"2025-09-26T13:29:19","date_gmt":"2025-09-26T13:29:19","guid":{"rendered":"https:\/\/www.europesays.com\/es\/140181\/"},"modified":"2025-09-26T13:29:19","modified_gmt":"2025-09-26T13:29:19","slug":"un-pequeno-departamento-de-32-m2-es-organizado-con-un-almacenamiento-inteligente","status":"publish","type":"post","link":"https:\/\/www.europesays.com\/es\/140181\/","title":{"rendered":"Un peque\u00f1o departamento de 32 m2 es organizado con un almacenamiento inteligente"},"content":{"rendered":"<p>Un <strong>peque\u00f1o departamento de 32 metros cuadrados<\/strong>, se transforma tambi\u00e9n en un estudio de ballet, gracias al almacenamiento inteligente de su propietario.<\/p>\n<p>Durante a\u00f1os, Chun Wai Chan, bailar\u00edn principal del Ballet de la Ciudad de Nueva York, se acostumbr\u00f3 al modo de vida neoyorquino de la mayor\u00eda de los j\u00f3venes: escasez de espacio y compa\u00f1eros de departamento. Pero cuando hace tres a\u00f1os se encontr\u00f3 con un estudio de 32 metros cuadrados <strong>en el Upper West Side, el peque\u00f1o departamento<\/strong> se le present\u00f3 como la oportunidad perfecta para vivir por su cuenta, estar m\u00e1s cerca del trabajo en el Lincoln Center y tener un poco m\u00e1s de espacio para s\u00ed mismo. Sin embargo, debido a una desordenada acumulaci\u00f3n de muebles aleatorios, al principio el espacio resultaba estrecho. \u201cSab\u00eda que necesitaba ayuda\u201d, confiesa Chan.<\/p>\n<p>As\u00ed lleg\u00f3 el dise\u00f1ador de AD100, Josh Greene. El dise\u00f1ador, que se asoci\u00f3 exclusivamente con West Elm para amueblar la vivienda, apreci\u00f3 el reto de trabajar en espacios reducidos. \u201cTodo tiene que ser deliberado\u201d, se\u00f1ala. Lo primero fue entender c\u00f3mo quer\u00eda Chan que funcionara su hogar. <strong>Ten\u00eda que ser un lugar donde el bailar\u00edn pudiera descansar y recuperarse<\/strong> entre ensayos y actuaciones. Tambi\u00e9n ten\u00eda que estar ordenado y <strong>aprovechar al m\u00e1ximo cada metro cuadrado<\/strong>, porque Chan hace estiramientos o ense\u00f1a a sus alumnos a trav\u00e9s de Zoom en su tiempo libre.<\/p>\n<p><img decoding=\"async\" alt=\"Chun Wai Chan\" loading=\"lazy\" class=\"ResponsiveImageContainer-eNxvmU cfBbTk responsive-image__image\"   src=\"https:\/\/www.europesays.com\/es\/wp-content\/uploads\/2025\/09\/Josh%20Greene_Campaign_003.jpg\"\/><\/p>\n<p>Chun Wai Chan se sienta en un sof\u00e1 Teagan de terciopelo verde de West Elm, donde suele descansar despu\u00e9s de ensayar.<\/p>\n<p>Arturo Cubria<img decoding=\"async\" alt=\"Sala minimalista con sillones verdes y tapete en la misma tonalidad\" loading=\"lazy\" class=\"ResponsiveImageContainer-eNxvmU cfBbTk responsive-image__image\"   src=\"https:\/\/www.europesays.com\/es\/wp-content\/uploads\/2025\/09\/Josh%20Greene_Campaign_011.jpg\"\/><\/p>\n<p>Greene opt\u00f3 por tonos tierra c\u00e1lidos en la sala para crear una atm\u00f3sfera relajante que ayude a Chan a descansar y recuperarse entre actuaci\u00f3n y actuaci\u00f3n.<\/p>\n<p>Arturo CubriaUn peque\u00f1o departamento destaca por su perfecta distribuci\u00f3n<\/p>\n<p>Para Chan, el proceso de trabajar con un dise\u00f1ador era desconocido y desalentador. \u201cYo le explicaba a Chun todo lo que no entend\u00eda con met\u00e1foras de danza\u201d, dice Greene.<\/p>\n<p>Por otro lado, Greene tambi\u00e9n le coment\u00f3 que a trav\u00e9s de la colaboraci\u00f3n, el equipo estaba dise\u00f1ando un <strong>peque\u00f1o departamento<\/strong> y que, para que todo fuera cohesionado, ten\u00edan que confiar los unos en los otros.<\/p>\n","protected":false},"excerpt":{"rendered":"Un peque\u00f1o departamento de 32 metros cuadrados, se transforma tambi\u00e9n en un estudio de ballet, gracias al almacenamiento&hellip;\n","protected":false},"author":2,"featured_media":140182,"comment_status":"","ping_status":"","sticky":false,"template":"","format":"standard","meta":{"footnotes":""},"categories":[173],"tags":[229,233,231,230,9258,10615,232,234,146,147,25,24,23],"class_list":{"0":"post-140181","1":"post","2":"type-post","3":"status-publish","4":"format-standard","5":"has-post-thumbnail","7":"category-arte-y-diseno","8":"tag-arte","9":"tag-arte-y-diseno","10":"tag-arts","11":"tag-arts-and-design","12":"tag-casas-pequenas","13":"tag-departamento","14":"tag-design","15":"tag-diseno","16":"tag-entertainment","17":"tag-entretenimiento","18":"tag-es","19":"tag-espana","20":"tag-spain"},"share_on_mastodon":{"url":"","error":""},"_links":{"self":[{"href":"https:\/\/www.europesays.com\/es\/wp-json\/wp\/v2\/posts\/140181","targetHints":{"allow":["GET"]}}],"collection":[{"href":"https:\/\/www.europesays.com\/es\/wp-json\/wp\/v2\/posts"}],"about":[{"href":"https:\/\/www.europesays.com\/es\/wp-json\/wp\/v2\/types\/post"}],"author":[{"embeddable":true,"href":"https:\/\/www.europesays.com\/es\/wp-json\/wp\/v2\/users\/2"}],"replies":[{"embeddable":true,"href":"https:\/\/www.europesays.com\/es\/wp-json\/wp\/v2\/comments?post=140181"}],"version-history":[{"count":0,"href":"https:\/\/www.europesays.com\/es\/wp-json\/wp\/v2\/posts\/140181\/revisions"}],"wp:featuredmedia":[{"embeddable":true,"href":"https:\/\/www.europesays.com\/es\/wp-json\/wp\/v2\/media\/140182"}],"wp:attachment":[{"href":"https:\/\/www.europesays.com\/es\/wp-json\/wp\/v2\/media?parent=140181"}],"wp:term":[{"taxonomy":"category","embeddable":true,"href":"https:\/\/www.europesays.com\/es\/wp-json\/wp\/v2\/categories?post=140181"},{"taxonomy":"post_tag","embeddable":true,"href":"https:\/\/www.europesays.com\/es\/wp-json\/wp\/v2\/tags?post=140181"}],"curies":[{"name":"wp","href":"https:\/\/api.w.org\/{rel}","templated":true}]}}