{"id":140200,"date":"2025-09-26T13:39:07","date_gmt":"2025-09-26T13:39:07","guid":{"rendered":"https:\/\/www.europesays.com\/es\/140200\/"},"modified":"2025-09-26T13:39:07","modified_gmt":"2025-09-26T13:39:07","slug":"onu-suma-68-empresas-a-lista-negra-por-presunta-complicidad-en-violaciones-de-derechos-de-palestinos","status":"publish","type":"post","link":"https:\/\/www.europesays.com\/es\/140200\/","title":{"rendered":"ONU suma 68 empresas a lista negra por presunta complicidad en violaciones de derechos de palestinos"},"content":{"rendered":"<p>GINEBRA (AP) \u2014 Naciones Unidas incorpor\u00f3 casi 70 empresas m\u00e1s a una lista negra de compa\u00f1\u00edas de 11 pa\u00edses que, seg\u00fan afirma, son c\u00f3mplices de violar los derechos humanos palestinos a trav\u00e9s de sus v\u00ednculos comerciales con los asentamientos israel\u00edes en la Cisjordania ocupada.<\/p>\n<p>El nuevo listado destaca a las firmas que realizan negocios vistos como favorables a los asentamientos, que muchos consideran ilegales de acuerdo con el derecho internacional. Entre las compa\u00f1\u00edas hay proveedores de materiales de construcci\u00f3n y maquinaria pesada, as\u00ed como de servicios de seguridad, viajes y financieros.<\/p>\n<p>La lista, conocida formalmente como una \u201cbase de datos de empresas\u201d, contiene ahora 158 nombres, en su mayor\u00eda israel\u00edes. Las dem\u00e1s son de Estados Unidos, Canad\u00e1, China, Reino Unido, Francia, Alemania, Espa\u00f1a, Portugal, Holanda y Luxemburgo.<\/p>\n<p>Entre las incorporaciones se encuentran la empresa alemana de materiales de construcci\u00f3n Heidelberg Materials, el proveedor portugu\u00e9s de sistemas ferroviarios Steconfer y la firma espa\u00f1ola de ingenier\u00eda de transporte Ineco. El listado mantiene firmas del sector tur\u00edstico como Expedia Group, Booking Holdings Inc. y Airbnb, Inc., con sede en Estados Unidos.<\/p>\n<p>Aunque el viernes se a\u00f1adieron 68 nuevas empresas, la ONU retir\u00f3 otras siete de su registro. Un total de 215 firmas comerciales fueron evaluadas en esta ronda, pero cientos m\u00e1s podr\u00edan ser analizadas en el futuro.<\/p>\n<p>El principal organismo de derechos humanos de Naciones Unidas aprob\u00f3 hace casi una d\u00e9cada una resoluci\u00f3n para crear la lista, que Israel ha criticado con contundencia desde entonces. La revisi\u00f3n podr\u00eda aislar a\u00fan m\u00e1s a Israel en un momento en que algunos de sus aliados europeos han reconocido un Estado palestino independiente debido a las acciones israel\u00edes en su guerra contra Ham\u00e1s en Gaza.<\/p>\n<p>___<\/p>\n<p>Esta historia fue traducida del ingl\u00e9s por un editor de AP con la ayuda de una herramienta de inteligencia artificial generativa.<\/p>\n","protected":false},"excerpt":{"rendered":"GINEBRA (AP) \u2014 Naciones Unidas incorpor\u00f3 casi 70 empresas m\u00e1s a una lista negra de compa\u00f1\u00edas de 11&hellip;\n","protected":false},"author":2,"featured_media":10766,"comment_status":"","ping_status":"","sticky":false,"template":"","format":"standard","meta":{"footnotes":""},"categories":[42],"tags":[17,18,13,14,1714,11,61,62,63,64,19,20,9,10,15,16,12,21,22,65,66,67],"class_list":{"0":"post-140200","1":"post","2":"type-post","3":"status-publish","4":"format-standard","5":"has-post-thumbnail","7":"category-internacional","8":"tag-breaking-news","9":"tag-breakingnews","10":"tag-featured-news","11":"tag-featurednews","12":"tag-general-news","13":"tag-headlines","14":"tag-internacional","15":"tag-international","16":"tag-international-news","17":"tag-internationalnews","18":"tag-latest-news","19":"tag-latestnews","20":"tag-news","21":"tag-noticias","22":"tag-noticias-destacadas","23":"tag-noticiasdestacadas","24":"tag-titulares","25":"tag-ultimas-noticias","26":"tag-ultimasnoticias","27":"tag-world","28":"tag-world-news","29":"tag-worldnews"},"share_on_mastodon":{"url":"","error":""},"_links":{"self":[{"href":"https:\/\/www.europesays.com\/es\/wp-json\/wp\/v2\/posts\/140200","targetHints":{"allow":["GET"]}}],"collection":[{"href":"https:\/\/www.europesays.com\/es\/wp-json\/wp\/v2\/posts"}],"about":[{"href":"https:\/\/www.europesays.com\/es\/wp-json\/wp\/v2\/types\/post"}],"author":[{"embeddable":true,"href":"https:\/\/www.europesays.com\/es\/wp-json\/wp\/v2\/users\/2"}],"replies":[{"embeddable":true,"href":"https:\/\/www.europesays.com\/es\/wp-json\/wp\/v2\/comments?post=140200"}],"version-history":[{"count":0,"href":"https:\/\/www.europesays.com\/es\/wp-json\/wp\/v2\/posts\/140200\/revisions"}],"wp:featuredmedia":[{"embeddable":true,"href":"https:\/\/www.europesays.com\/es\/wp-json\/wp\/v2\/media\/10766"}],"wp:attachment":[{"href":"https:\/\/www.europesays.com\/es\/wp-json\/wp\/v2\/media?parent=140200"}],"wp:term":[{"taxonomy":"category","embeddable":true,"href":"https:\/\/www.europesays.com\/es\/wp-json\/wp\/v2\/categories?post=140200"},{"taxonomy":"post_tag","embeddable":true,"href":"https:\/\/www.europesays.com\/es\/wp-json\/wp\/v2\/tags?post=140200"}],"curies":[{"name":"wp","href":"https:\/\/api.w.org\/{rel}","templated":true}]}}