{"id":140212,"date":"2025-09-26T13:48:13","date_gmt":"2025-09-26T13:48:13","guid":{"rendered":"https:\/\/www.europesays.com\/es\/140212\/"},"modified":"2025-09-26T13:48:13","modified_gmt":"2025-09-26T13:48:13","slug":"red-bull-f1-y-su-atrevido-mensaje-a-lando-norris-y-oscar-piastri-sobre-max-verstappen-estamos-en-la-pelea","status":"publish","type":"post","link":"https:\/\/www.europesays.com\/es\/140212\/","title":{"rendered":"Red Bull F1 y su atrevido mensaje a Lando Norris y Oscar Piastri sobre Max Verstappen: \u00abEstamos en la pelea\u00bb"},"content":{"rendered":"<p data-journey-content=\"true\" data-node-id=\"3\" class=\"css-6wxqfj emevuu60\">Antes del par\u00f3n de verano, Helmut Marko y Max Verstappen aseguraron que el mundial estaba demasiado lejos como para seguir creyendo en la remontada. Sin embargo, a la vuelta de las vacaciones, el RB21 ha demostrado ser uno de los coches m\u00e1s competitivos de la parrilla, especialmente el neerland\u00e9s, logrando una 2\u00aa posici\u00f3n en el GP de los Pa\u00edses Bajos y dos victorias consecutivas entre Italia y Azerbaiy\u00e1n, y ahora el mensaje es diferente.<\/p>\n<p>Red Bull avisa a Lando Norris y Oscar Piastri<\/p>\n<p data-journey-content=\"true\" data-node-id=\"7\" class=\"css-6wxqfj emevuu60\">La distancia entre el \u20181\u2019 y Oscar Piastri se ha visto reducida de m\u00e1s de 100 puntos, a \u2018tan s\u00f3lo\u2019 69, <strong data-node-id=\"7.1\">lo que deja entrever que los austriacos van a tratar de mejorar un RB21 m\u00e1s competitivo en ritmo de carrera.<\/strong> De hecho, en la previa del GP de Azerbaiy\u00e1n, el propio Helmut Marko ya preve\u00eda que, en condiciones normales, <a href=\"https:\/\/www.caranddriver.com\/es\/formula-1\/a67961546\/helmut-marko-advertencia-lando-norris-oscar-piastri-gp-azerbaiyan-max-verstappen\/\" target=\"_blank\" data-vars-ga-outbound-link=\"https:\/\/www.caranddriver.com\/es\/formula-1\/a67961546\/helmut-marko-advertencia-lando-norris-oscar-piastri-gp-azerbaiyan-max-verstappen\/\" data-vars-ga-ux-element=\"Hyperlink\" data-vars-ga-call-to-action=\"Max Verstappen podr\u00eda estar en la pelea por la victoria,\" data-node-id=\"7.3\" class=\"body-link css-168zq96 emevuu60\" rel=\"nofollow noopener\">Max Verstappen podr\u00eda estar en la pelea por la victoria,<\/a> algo que fue as\u00ed durante la carrera del domingo en la que logr\u00f3 coronarse.<\/p>\n<p data-journey-content=\"true\" data-node-id=\"9\" class=\"css-6wxqfj emevuu60\">A todo ello, hay que sumarle las siete carreras restantes, que son una oportunidad para que Red Bull siga <strong data-node-id=\"9.1\"><a href=\"https:\/\/www.caranddriver.com\/es\/formula-1\/a68015680\/andrea-stella-advertencia-lando-norris-oscar-piastri-mclaren-max-verstappen\/\" target=\"_blank\" data-vars-ga-outbound-link=\"https:\/\/www.caranddriver.com\/es\/formula-1\/a68015680\/andrea-stella-advertencia-lando-norris-oscar-piastri-mclaren-max-verstappen\/\" data-vars-ga-ux-element=\"Hyperlink\" data-vars-ga-call-to-action=\"recortando distancias a Lando Norris y Oscar Piastri\" data-node-id=\"9.1.0\" class=\"body-link css-168zq96 emevuu60\" rel=\"nofollow noopener\">recortando distancias a Lando Norris y Oscar Piastri<\/a> en el mundial, algo que seg\u00fan el propio Laurent Mekies, van a tratar de hacer para 2025. <\/strong>Adem\u00e1s, tambi\u00e9n ha querido a\u00f1adir que el trabajo realizado para el monoplaza de esta temporada, tambi\u00e9n les servir\u00e1 de cara a la nueva normativa de 2026, especialmente en la parte procedimental, que todav\u00eda necesitan trabajar seg\u00fan el franc\u00e9s.<\/p>\n<p><img draggable=\"true\" alt=\"max verstappen red bull f1\" title=\"Max Verstappen Red Bull F1\" loading=\"lazy\" width=\"5180\" height=\"3453\" decoding=\"async\" data-nimg=\"1\" style=\"color:transparent;width:100%;height:auto;\"   src=\"https:\/\/www.europesays.com\/es\/wp-content\/uploads\/2025\/09\/gettyimages-2236547690-68d54c81572b6.jpg\" class=\"css-0 e1g79fud0\"\/><a target=\"_blank\" rel=\"noopener nofollow\" data-theme-key=\"base-link\" href=\"https:\/\/pinterest.com\/pin\/create\/button\/?url=https:\/\/www.caranddriver.com\/es\/formula-1\/a68054812\/red-bull-f1-mensaje-lando-norris-oscar-piastri-max-verstappen-pelea\/&amp;description=&amp;media=https:\/\/hips.hearstapps.com\/hmg-prod\/images\/gettyimages-2236547690-68d54c81572b6.jpg?resize=1600:*\" class=\"pinterest css-on9hn5 e1c1bym14\"><img decoding=\"async\" data-dynamic-svg=\"true\" src=\"https:\/\/www.caranddriver.com\/_assets\/design-tokens\/fre\/static\/icons\/social\/pinterest.e8cf655.svg?primary=%2523ffffff\" loading=\"lazy\" data-testid=\"dynamic-svg-base\" height=\"auto\" width=\"auto\" alt=\"pinterest\" class=\"css-4lml0h e1mlxuuw1\"\/><\/a><\/p>\n<p>Clive Rose<\/p>\n<p data-journey-content=\"true\" data-node-id=\"14\" class=\"css-6wxqfj emevuu60\">\u201cNo vamos a escatimar esfuerzos en esta campa\u00f1a de 2025. Esta victoria comenz\u00f3 con una clase magistral de Max en la clasificaci\u00f3n del s\u00e1bado. No sab\u00edamos c\u00f3mo ser\u00eda el ritmo de carrera, <strong data-node-id=\"14.1\">ya que nadie hizo tandas largas el viernes, pero \u00e9l se alej\u00f3 vuelta tras vuelta, otro Grand Chelem, la pole, liderando de principio a fin y marcando la vuelta r\u00e1pida<\/strong>\u201d, dec\u00eda el jefe de Red Bull.<\/p>\n<p data-journey-content=\"true\" data-node-id=\"16\" class=\"css-6wxqfj emevuu60\">\u201cNo hay una f\u00f3rmula m\u00e1gica, pero nadie se ha dado por vencido esta temporada en cuanto a entender por qu\u00e9 no est\u00e1bamos alcanzando el nivel que quer\u00edamos y, poco a poco, el trabajo que<strong data-node-id=\"16.1\"> Max Verstappen y Yuki Tsunoda han estado haciendo con todo el equipo ha dado sus frutos y, al menos, en Azerbaiy\u00e1n y Monza volvemos a estar en la pelea<\/strong>\u201d, prosigui\u00f3.<\/p>\n<p data-journey-content=\"true\" data-node-id=\"18\" class=\"css-6wxqfj emevuu60\">\u201cEstamos luchando por aprender cada vez m\u00e1s, por comprender mejor las cosas, porque aunque la normativa de <strong data-node-id=\"18.1\">2026 sea completamente diferente, siempre hay mucho que podemos trasladar de esta temporada<\/strong>\u201d, concluy\u00f3 Laurent Mekies.<\/p>\n<p data-journey-content=\"true\" data-node-id=\"20\" class=\"css-6wxqfj emevuu60\">Es as\u00ed como el <a href=\"https:\/\/www.caranddriver.com\/es\/formula-1\/equipos\/a3485\/red-bull\/\" target=\"_blank\" data-vars-ga-outbound-link=\"https:\/\/www.caranddriver.com\/es\/formula-1\/equipos\/a3485\/red-bull\/\" data-vars-ga-ux-element=\"Hyperlink\" data-vars-ga-call-to-action=\"jefe de Red Bull\" data-node-id=\"20.1\" class=\"body-link css-168zq96 emevuu60\" rel=\"nofollow noopener\">jefe de Red Bull<\/a> ha querido lanzar un aviso a Lando Norris y Oscar Piastri, asegurando que desde la f\u00e1brica van a trabajar para seguir peleando por el campeonato con Max Verstappen.<\/p>\n<p>Contenidos relacionados<\/p>\n","protected":false},"excerpt":{"rendered":"Antes del par\u00f3n de verano, Helmut Marko y Max Verstappen aseguraron que el mundial estaba demasiado lejos como&hellip;\n","protected":false},"author":2,"featured_media":140213,"comment_status":"","ping_status":"","sticky":false,"template":"","format":"standard","meta":{"footnotes":""},"categories":[270],"tags":[168,253,25,24,306,271,272,23,167],"class_list":{"0":"post-140212","1":"post","2":"type-post","3":"status-publish","4":"format-standard","5":"has-post-thumbnail","7":"category-formula-1","8":"tag-deportes","9":"tag-discover","10":"tag-es","11":"tag-espana","12":"tag-f1","13":"tag-formula-1","14":"tag-formula1","15":"tag-spain","16":"tag-sports"},"share_on_mastodon":{"url":"","error":""},"_links":{"self":[{"href":"https:\/\/www.europesays.com\/es\/wp-json\/wp\/v2\/posts\/140212","targetHints":{"allow":["GET"]}}],"collection":[{"href":"https:\/\/www.europesays.com\/es\/wp-json\/wp\/v2\/posts"}],"about":[{"href":"https:\/\/www.europesays.com\/es\/wp-json\/wp\/v2\/types\/post"}],"author":[{"embeddable":true,"href":"https:\/\/www.europesays.com\/es\/wp-json\/wp\/v2\/users\/2"}],"replies":[{"embeddable":true,"href":"https:\/\/www.europesays.com\/es\/wp-json\/wp\/v2\/comments?post=140212"}],"version-history":[{"count":0,"href":"https:\/\/www.europesays.com\/es\/wp-json\/wp\/v2\/posts\/140212\/revisions"}],"wp:featuredmedia":[{"embeddable":true,"href":"https:\/\/www.europesays.com\/es\/wp-json\/wp\/v2\/media\/140213"}],"wp:attachment":[{"href":"https:\/\/www.europesays.com\/es\/wp-json\/wp\/v2\/media?parent=140212"}],"wp:term":[{"taxonomy":"category","embeddable":true,"href":"https:\/\/www.europesays.com\/es\/wp-json\/wp\/v2\/categories?post=140212"},{"taxonomy":"post_tag","embeddable":true,"href":"https:\/\/www.europesays.com\/es\/wp-json\/wp\/v2\/tags?post=140212"}],"curies":[{"name":"wp","href":"https:\/\/api.w.org\/{rel}","templated":true}]}}