{"id":140242,"date":"2025-09-26T14:04:23","date_gmt":"2025-09-26T14:04:23","guid":{"rendered":"https:\/\/www.europesays.com\/es\/140242\/"},"modified":"2025-09-26T14:04:23","modified_gmt":"2025-09-26T14:04:23","slug":"el-ayuntamiento-de-mostoles-ilumina-de-azul-su-fachada-por-el-dia-de-la-retina","status":"publish","type":"post","link":"https:\/\/www.europesays.com\/es\/140242\/","title":{"rendered":"El Ayuntamiento de M\u00f3stoles ilumina de azul su fachada por el D\u00eda de la Retina"},"content":{"rendered":"<ul>\n<li class=\" cmAlignjustify\"><strong>Con esta acci\u00f3n M\u00f3stoles muestra su apoyo a la campa\u00f1a \u00abLuces que inspiran: Espa\u00f1a Ilumina la Retina\u00bb, para concienciar sobre las distrofias hereditarias y otras patolog\u00edas de retina y fomentar su diagn\u00f3stico precoz.<\/strong><\/li>\n<\/ul>\n<p class=\"cmParagraph cmAlignjustify\"><img loading=\"lazy\" decoding=\"async\" src=\"https:\/\/www.europesays.com\/es\/wp-content\/uploads\/2025\/09\/1390752-Destacada Ayuntamiento de M\u00f3stoles.jpg\" width=\"400\" height=\"266\" alt=\"Destacada Ayuntamiento de M\u00f3stoles\"\/>El Ayuntamiento de M\u00f3stoles se suma a la iniciativa de la Asociaci\u00f3n Retina Madrid, iluminando la fachada de la Casa Consistorial de color azul, en apoyo a la campa\u00f1a \u00abLuces que inspiran: Espa\u00f1a Ilumina la Retina\u00bb, con motivo del D\u00eda de la Retina, que se celebrar\u00e1 el domingo 28 de septiembre. <\/p>\n<p class=\"cmParagraph cmAlignjustify\">Esta entidad es miembro de la Federaci\u00f3n de Asociaciones de Distrofias Hereditarias de Retina de Espa\u00f1a (FARPE) y su Fundaci\u00f3n Lucha Contra la Ceguera (FUNDALUCE), cuyo objetivo es concienciar y visibilizar las distrofias hereditarias de retina, fomentar el diagn\u00f3stico precoz, apoyar a las personas afectadas y promover la investigaci\u00f3n. <\/p>\n<p class=\"cmParagraph cmAlignjustify\">En esta iniciativa, que comenz\u00f3 en 2021, ya han participado m\u00e1s de 150 municipios, de los que M\u00f3stoles forma parte, que han iluminado de azul o verde alg\u00fan edificio representativo para ayudar en la campa\u00f1a y utilizando los hashtags #LucesQueInspiran e #InspiringLights en las redes sociales. <\/p>\n<p class=\"cmParagraph cmAlignjustify\">La colaboraci\u00f3n entre las distintas entidades y asociaciones posibilita mejorar la calidad de vida de las personas afectadas con distrofias hereditarias de la retina y de aquellas que padecen otras patolog\u00edas de la retina.<\/p>\n","protected":false},"excerpt":{"rendered":"Con esta acci\u00f3n M\u00f3stoles muestra su apoyo a la campa\u00f1a \u00abLuces que inspiran: Espa\u00f1a Ilumina la Retina\u00bb, para&hellip;\n","protected":false},"author":2,"featured_media":140243,"comment_status":"","ping_status":"","sticky":false,"template":"","format":"standard","meta":{"footnotes":""},"categories":[5],"tags":[1201,6853,1250,17,18,6854,777,2800,5509,25,24,13,14,11,6852,1928,6850,19,20,6849,9,10,15,16,4111,6851,23,12,21,22,6855],"class_list":{"0":"post-140242","1":"post","2":"type-post","3":"status-publish","4":"format-standard","5":"has-post-thumbnail","7":"category-titulares","8":"tag-alcalde","9":"tag-atencioacuten-ciudadana","10":"tag-ayuntamiento","11":"tag-breaking-news","12":"tag-breakingnews","13":"tag-callejero","14":"tag-ciudad","15":"tag-distritos","16":"tag-empleo","17":"tag-es","18":"tag-espana","19":"tag-featured-news","20":"tag-featurednews","21":"tag-headlines","22":"tag-inversioacuten","23":"tag-joven","24":"tag-juventud","25":"tag-latest-news","26":"tag-latestnews","27":"tag-moacutestoles","28":"tag-news","29":"tag-noticias","30":"tag-noticias-destacadas","31":"tag-noticiasdestacadas","32":"tag-presupuestos","33":"tag-sede-electroacutenica","34":"tag-spain","35":"tag-titulares","36":"tag-ultimas-noticias","37":"tag-ultimasnoticias","38":"tag-webs-municipales"},"share_on_mastodon":{"url":"","error":""},"_links":{"self":[{"href":"https:\/\/www.europesays.com\/es\/wp-json\/wp\/v2\/posts\/140242","targetHints":{"allow":["GET"]}}],"collection":[{"href":"https:\/\/www.europesays.com\/es\/wp-json\/wp\/v2\/posts"}],"about":[{"href":"https:\/\/www.europesays.com\/es\/wp-json\/wp\/v2\/types\/post"}],"author":[{"embeddable":true,"href":"https:\/\/www.europesays.com\/es\/wp-json\/wp\/v2\/users\/2"}],"replies":[{"embeddable":true,"href":"https:\/\/www.europesays.com\/es\/wp-json\/wp\/v2\/comments?post=140242"}],"version-history":[{"count":0,"href":"https:\/\/www.europesays.com\/es\/wp-json\/wp\/v2\/posts\/140242\/revisions"}],"wp:featuredmedia":[{"embeddable":true,"href":"https:\/\/www.europesays.com\/es\/wp-json\/wp\/v2\/media\/140243"}],"wp:attachment":[{"href":"https:\/\/www.europesays.com\/es\/wp-json\/wp\/v2\/media?parent=140242"}],"wp:term":[{"taxonomy":"category","embeddable":true,"href":"https:\/\/www.europesays.com\/es\/wp-json\/wp\/v2\/categories?post=140242"},{"taxonomy":"post_tag","embeddable":true,"href":"https:\/\/www.europesays.com\/es\/wp-json\/wp\/v2\/tags?post=140242"}],"curies":[{"name":"wp","href":"https:\/\/api.w.org\/{rel}","templated":true}]}}