{"id":140278,"date":"2025-09-26T14:25:10","date_gmt":"2025-09-26T14:25:10","guid":{"rendered":"https:\/\/www.europesays.com\/es\/140278\/"},"modified":"2025-09-26T14:25:10","modified_gmt":"2025-09-26T14:25:10","slug":"tras-la-advertencia-de-trump-netanyahu-se-alista-para-intervenir-en-la-onu","status":"publish","type":"post","link":"https:\/\/www.europesays.com\/es\/140278\/","title":{"rendered":"Tras la advertencia de Trump, Netanyahu se alista para intervenir en la ONU"},"content":{"rendered":"<p>    <img src=\"https:\/\/www.europesays.com\/es\/wp-content\/uploads\/2025\/09\/2025-09-26T113A443A31Z-90072295.jpg\" width=\"1024\" height=\"683\" alt=\"\" loading=\"eager\" decoding=\"sync\" fetchpriority=\"high\"\/><\/p>\n<p>            afp_tickers        <\/p>\n<p>        Este contenido fue publicado en    <\/p>\n<p>        26 septiembre 2025 &#8211; 13:53\n<\/p>\n<p>El primer ministro israel\u00ed Benjamin Netanyahu hablar\u00e1 este viernes en la ONU, donde prometi\u00f3 alzar la voz contra quienes apoyan un Estado palestino, y tras advertencias de Donald Trump contra una anexi\u00f3n de Cisjordania.\u00a0<\/p>\n<p>Netanyahu discursar\u00e1 en la Asamblea General en Nueva York d\u00edas despu\u00e9s de que una decenas de pa\u00edses, entre ellos Francia, el Reino Unido, Canad\u00e1 y Australia, reconocieran formalmente el Estado de Palestina, en una cumbre sobre el futuro de la soluci\u00f3n de dos Estados.<\/p>\n<p>Y aunque al menos 151 de los 193 miembros de la ONU ya dieron ese paso, Netanyahu insiste en que \u00abno habr\u00e1 un Estado palestino\u00bb.<\/p>\n<p>\u00abDenunciar\u00e9 a esos dirigentes que, en lugar de condenar a los asesinos, violadores y quemadores de ni\u00f1os, quieren concederles un Estado en el coraz\u00f3n de la tierra de Israel\u00bb, dijo antes de partir hacia Nueva York para la Asamblea General.<\/p>\n<p>Adem\u00e1s, ya ha declarado que su gobierno planea ampliar la colonizaci\u00f3n jud\u00eda en Cisjordania ocupada.\u00a0<\/p>\n<p>Y los ministros israel\u00edes de extrema derecha de su gabinete Itamar Ben Gvir y Bezalel Smotrich van m\u00e1s all\u00e1, llamando a su anexi\u00f3n.<\/p>\n<p>\u2013 \u00abLos peligros de una anexi\u00f3n\u00bb \u2013<\/p>\n<p>Algunos temen posibles nuevas represalias israel\u00edes contra este gesto ampliamente simb\u00f3lico, en un momento en que la Franja de Gaza est\u00e1 siendo devastada por casi dos a\u00f1os de guerra.<\/p>\n<p>Pero Donald Trump tom\u00f3 p\u00fablicamente posici\u00f3n sobre este tema por primera vez el jueves, despu\u00e9s de reunirse con el jefe del gobierno israel\u00ed.<\/p>\n<p>\u00abNo permitir\u00e9 que Israel anexione Cisjordania. No, no lo permitir\u00e9. Eso no suceder\u00e1\u00bb, declar\u00f3.<\/p>\n<p>\u00abLos pa\u00edses \u00e1rabes y musulmanes han dejado claro al presidente (Trump) los peligros de cualquier anexi\u00f3n de Cisjordania y los riesgos que esto representar\u00eda no solo para una eventual paz en Gaza, sino tambi\u00e9n para cualquier paz duradera\u00bb, insisti\u00f3 a su vez el ministro saud\u00ed de Asuntos Exteriores, Fay\u00e7al ben Farhane.<\/p>\n<p>Este discurso ocurrir\u00e1 en un momento en el que las esperanzas de paz se concentran en un nuevo plan presentado esta semana por Trump a pa\u00edses \u00e1rabes y musulmanes.<\/p>\n<p>Seg\u00fan una fuente diplom\u00e1tica familiarizada con la reuni\u00f3n celebrada al margen de la Asamblea General de la ONU, este plan contempla 21 puntos.<\/p>\n<p>Entre ellos un alto el fuego permanente en Gaza, la liberaci\u00f3n de los rehenes israel\u00edes retenidos, una retirada israel\u00ed del enclave, as\u00ed como un futuro gobierno de Gaza sin Ham\u00e1s, cuyo ataque del 7 de octubre de 2023 desencaden\u00f3 la guerra.<\/p>\n<p>El ej\u00e9rcito israel\u00ed respondi\u00f3 con una ofensiva que deja m\u00e1s de 65.400 palestinos muertos, en su mayor\u00eda civiles, seg\u00fan el Ministerio de Salud de Gaza.<\/p>\n<p>\u2013 \u00abEstamos aqu\u00ed para record\u00e1rselo\u00bb \u2013<\/p>\n<p>Privado de visa por las autoridades estadounidenses, el presidente palestino Mahmud Ab\u00e1s se expres\u00f3 el jueves por video en la ONU, repitiendo los compromisos dados hace unos meses para convencer, entre otros, a Francia de reconocer el Estado de Palestina.<\/p>\n<p>\u00abHam\u00e1s no tendr\u00e1 un papel que jugar en la gobernanza\u00bb y deber\u00e1 entregar sus armas a la Autoridad Palestina, afirm\u00f3 con firmeza.<\/p>\n<p>Ab\u00e1s, presidente de la Autoridad Nacional Palestina, que gobierna en Cisjordania, tambi\u00e9n conden\u00f3 los ataques del 7 de octubre y el antisemitismo, que no quiere que se confunda con \u00abla solidaridad con la causa palestina\u00bb.<\/p>\n<p>\u00abNo pienso que lo dicho por Ab\u00e1s sobre Ham\u00e1s vaya a tener alg\u00fan impacto en lo que Netanyahu dir\u00e1 en la ONU\u00bb, dijo a la AFP Richard Gowan, del International Crisis Group.<\/p>\n<p>\u00abNetanyahu no solo est\u00e1 en contra de la idea de un Estado palestino dirigido por Ham\u00e1s, sino de la idea de un Estado palestino en general\u00bb, agreg\u00f3, anticipando un discurso de \u00abtono extremadamente estridente\u00bb.<\/p>\n<p>Manifestantes ten\u00edan previsto marchar en Nueva York contra Netanyahu, sobre quien pesa una orden de arresto emitida por la Corte Penal Internacional desde finales de 2024 por cr\u00edmenes de guerra y contra la humanidad.<\/p>\n<p>\u00abLos criminales de guerra no merecen tranquilidad, no merecen dormir. Estamos aqu\u00ed para record\u00e1rselo, cada minuto, cada segundo (\u2026) todo lo que ha hecho\u00bb, declar\u00f3 a la AFP Andrea Mirez, entre otros manifestantes que hac\u00edan ruido cerca del hotel donde se hospeda Netanyahu.\u00a0<\/p>\n<p>abd-rh\/lb\/aem\/cr\/mel<\/p>\n","protected":false},"excerpt":{"rendered":"afp_tickers Este contenido fue publicado en 26 septiembre 2025 &#8211; 13:53 El primer ministro israel\u00ed Benjamin Netanyahu hablar\u00e1&hellip;\n","protected":false},"author":2,"featured_media":140279,"comment_status":"","ping_status":"","sticky":false,"template":"","format":"standard","meta":{"footnotes":""},"categories":[42],"tags":[635,17,18,636,83,13,14,11,61,62,63,14688,86,64,19,20,9,10,15,16,88,90,12,21,22,65,66,67],"class_list":{"0":"post-140278","1":"post","2":"type-post","3":"status-publish","4":"format-standard","5":"has-post-thumbnail","7":"category-internacional","8":"tag-armed-conflict","9":"tag-breaking-news","10":"tag-breakingnews","11":"tag-conflict","12":"tag-diplomacy","13":"tag-featured-news","14":"tag-featurednews","15":"tag-headlines","16":"tag-internacional","17":"tag-international","18":"tag-international-news","19":"tag-international-organisation","20":"tag-international-relations","21":"tag-internationalnews","22":"tag-latest-news","23":"tag-latestnews","24":"tag-news","25":"tag-noticias","26":"tag-noticias-destacadas","27":"tag-noticiasdestacadas","28":"tag-politics","29":"tag-ticker","30":"tag-titulares","31":"tag-ultimas-noticias","32":"tag-ultimasnoticias","33":"tag-world","34":"tag-world-news","35":"tag-worldnews"},"share_on_mastodon":{"url":"","error":""},"_links":{"self":[{"href":"https:\/\/www.europesays.com\/es\/wp-json\/wp\/v2\/posts\/140278","targetHints":{"allow":["GET"]}}],"collection":[{"href":"https:\/\/www.europesays.com\/es\/wp-json\/wp\/v2\/posts"}],"about":[{"href":"https:\/\/www.europesays.com\/es\/wp-json\/wp\/v2\/types\/post"}],"author":[{"embeddable":true,"href":"https:\/\/www.europesays.com\/es\/wp-json\/wp\/v2\/users\/2"}],"replies":[{"embeddable":true,"href":"https:\/\/www.europesays.com\/es\/wp-json\/wp\/v2\/comments?post=140278"}],"version-history":[{"count":0,"href":"https:\/\/www.europesays.com\/es\/wp-json\/wp\/v2\/posts\/140278\/revisions"}],"wp:featuredmedia":[{"embeddable":true,"href":"https:\/\/www.europesays.com\/es\/wp-json\/wp\/v2\/media\/140279"}],"wp:attachment":[{"href":"https:\/\/www.europesays.com\/es\/wp-json\/wp\/v2\/media?parent=140278"}],"wp:term":[{"taxonomy":"category","embeddable":true,"href":"https:\/\/www.europesays.com\/es\/wp-json\/wp\/v2\/categories?post=140278"},{"taxonomy":"post_tag","embeddable":true,"href":"https:\/\/www.europesays.com\/es\/wp-json\/wp\/v2\/tags?post=140278"}],"curies":[{"name":"wp","href":"https:\/\/api.w.org\/{rel}","templated":true}]}}