{"id":140295,"date":"2025-09-26T14:39:08","date_gmt":"2025-09-26T14:39:08","guid":{"rendered":"https:\/\/www.europesays.com\/es\/140295\/"},"modified":"2025-09-26T14:39:08","modified_gmt":"2025-09-26T14:39:08","slug":"el-asesino-del-sello-un-juego-mortal-entre-un-cartero-y-una-inspectora-notas-libros","status":"publish","type":"post","link":"https:\/\/www.europesays.com\/es\/140295\/","title":{"rendered":"El asesino del sello: un juego mortal entre un cartero y una inspectora &#8211; Notas &#8211; Libros"},"content":{"rendered":"<p style=\"text-align:justify;\"><strong>2003<\/strong>. La vida de <strong>Guillem<\/strong>, un cartero que realiza su rutina diaria, da un giro sorprendente cuando descubre un cad\u00e1ver en un piso. Este hallazgo lo obsesiona hasta el punto de asumir la identidad del asesino, desatando una espiral de violencia y muerte que la inspectora <strong>Isabel Velasco<\/strong>, encargada de la investigaci\u00f3n, no logra controlar. Este desenlace sangriento establece las bases de un thriller que captura al lector en su red de intriga.<\/p>\n<p style=\"text-align:justify;\">Saltamos al a\u00f1o <strong>2019<\/strong>. <strong>Guillem<\/strong> ha regresado a su viejo juego y vuelve a asesinar, marcando a sus v\u00edctimas con un particular sello de lacre. Sin embargo, su motivaci\u00f3n ha cambiado dr\u00e1sticamente: ya no busca ocultarse, sino atraer deliberadamente la atenci\u00f3n de la inspectora <strong>Velasco<\/strong>. Esta decisi\u00f3n despierta interrogantes sobre la mente de un asesino que parece jugar con su presa, llevando a la inspectora a cuestionar hasta d\u00f3nde est\u00e1 dispuesta a llegar para resolver el caso.<\/p>\n<p style=\"text-align:justify;\">En este juego del gato y el rat\u00f3n, donde las apariencias enga\u00f1an, todo indica que no ser\u00e1 un encuentro sin consecuencias. A medida que las l\u00edneas entre el bien y el mal se difuminan, el lector se ve inmerso en una trama que desaf\u00eda la l\u00f3gica y lleva al l\u00edmite los conceptos de justicia y venganza. La narrativa de <strong>El asesino del sello<\/strong>, publicada por <strong>PLAZA &amp; JAN\u00c9S<\/strong>, se enmarca en el g\u00e9nero de la <strong>novela negra<\/strong> y ha sido esperada con ansias por todos los amantes del suspenso.<\/p>\n<p style=\"text-align:justify;\">El autor se adentra en la mente del criminal, explorando sus motivos y la delgada l\u00ednea que separa al cazador del cazado. \u00bfQu\u00e9 lleva a un hombre com\u00fan a convertirse en un asesino serial? \u00bfQu\u00e9 le impulsa a querer ser atrapado? Estas son solo algunas de las preguntas que esta intrigante novela busca responder a trav\u00e9s de su narrativa emocionante y oscura.<\/p>\n<p style=\"text-align:justify;\">Esta obra no solo aporta entretenimiento, sino que tambi\u00e9n ofrece una profunda reflexi\u00f3n sobre las obsesiones que pueden consumir a las personas. La obra, que promete mantener al lector al borde del sill\u00f3n, destaca por un ritmo envolvente y una construcci\u00f3n de personajes que deja huella.<\/p>\n<p>| Campo            | Informaci\u00f3n                      ||&#8212;&#8212;&#8212;&#8212;&#8212;&#8212;|&#8212;&#8212;&#8212;&#8212;&#8212;&#8212;&#8212;&#8212;&#8212;&#8212;&#8212;-|| G\u00e9nero           | Novela negra, intriga, terror    || Editorial        | PLAZA &amp; JAN\u00c9S                    || A\u00f1o de edici\u00f3n   | 2025                             || ISBN             | 9788401036699                    || ISBN digital     | 9788401036705                    || Idioma           | Espa\u00f1ol                          |<\/p>\n","protected":false},"excerpt":{"rendered":"2003. La vida de Guillem, un cartero que realiza su rutina diaria, da un giro sorprendente cuando descubre&hellip;\n","protected":false},"author":2,"featured_media":140296,"comment_status":"","ping_status":"","sticky":false,"template":"","format":"standard","meta":{"footnotes":""},"categories":[172],"tags":[224,3718,146,147,25,24,43775,225,8978,5206,23,6668],"class_list":{"0":"post-140295","1":"post","2":"type-post","3":"status-publish","4":"format-standard","5":"has-post-thumbnail","7":"category-libros","8":"tag-books","9":"tag-crimen","10":"tag-entertainment","11":"tag-entretenimiento","12":"tag-es","13":"tag-espana","14":"tag-intriga","15":"tag-libros","16":"tag-literatura-espanola","17":"tag-novela-negra","18":"tag-spain","19":"tag-thriller"},"share_on_mastodon":{"url":"","error":""},"_links":{"self":[{"href":"https:\/\/www.europesays.com\/es\/wp-json\/wp\/v2\/posts\/140295","targetHints":{"allow":["GET"]}}],"collection":[{"href":"https:\/\/www.europesays.com\/es\/wp-json\/wp\/v2\/posts"}],"about":[{"href":"https:\/\/www.europesays.com\/es\/wp-json\/wp\/v2\/types\/post"}],"author":[{"embeddable":true,"href":"https:\/\/www.europesays.com\/es\/wp-json\/wp\/v2\/users\/2"}],"replies":[{"embeddable":true,"href":"https:\/\/www.europesays.com\/es\/wp-json\/wp\/v2\/comments?post=140295"}],"version-history":[{"count":0,"href":"https:\/\/www.europesays.com\/es\/wp-json\/wp\/v2\/posts\/140295\/revisions"}],"wp:featuredmedia":[{"embeddable":true,"href":"https:\/\/www.europesays.com\/es\/wp-json\/wp\/v2\/media\/140296"}],"wp:attachment":[{"href":"https:\/\/www.europesays.com\/es\/wp-json\/wp\/v2\/media?parent=140295"}],"wp:term":[{"taxonomy":"category","embeddable":true,"href":"https:\/\/www.europesays.com\/es\/wp-json\/wp\/v2\/categories?post=140295"},{"taxonomy":"post_tag","embeddable":true,"href":"https:\/\/www.europesays.com\/es\/wp-json\/wp\/v2\/tags?post=140295"}],"curies":[{"name":"wp","href":"https:\/\/api.w.org\/{rel}","templated":true}]}}