{"id":140297,"date":"2025-09-26T14:40:08","date_gmt":"2025-09-26T14:40:08","guid":{"rendered":"https:\/\/www.europesays.com\/es\/140297\/"},"modified":"2025-09-26T14:40:08","modified_gmt":"2025-09-26T14:40:08","slug":"rtve-rescata-la-garita-para-la-2-tras-su-efimero-paso-por-la-1-como-sustituto-veraniego-de-la-revuelta","status":"publish","type":"post","link":"https:\/\/www.europesays.com\/es\/140297\/","title":{"rendered":"RTVE rescata &#8216;La Garita&#8217; para La 2 tras su ef\u00edmero paso por La 1 como sustituto veraniego de &#8216;La Revuelta&#8217;"},"content":{"rendered":"<p class=\"article-text\">\n        Sorpresa en la parrilla de <strong>RTVE<\/strong>: el programa <strong>La Garita<\/strong> vuelve a abrir sus puertas. El formato de humor capitaneado por<strong> J.J. Vaquero<\/strong> y <strong>\u00c1lex Clavero<\/strong>, que tuvo una <a href=\"https:\/\/www.eldiario.es\/vertele\/analisis\/rtve-garita-breve-historia-relevo-revuelta-broncano-cronologia-desahucio-precedentes-la1-access_1_12472333.html\" target=\"_blank\" data-mrf-recirculation=\"links-noticia\" class=\"link\" rel=\"nofollow noopener\">fugaz etapa en el access prime time<\/a> veraniego de<strong> La 1<\/strong>, reaparecer\u00e1 este s\u00e1bado, <strong>27 de septiembre<\/strong>, en <strong>La 2<\/strong>. La corporaci\u00f3n ha confirmado que se emitir\u00e1 a partir de las <strong>23:20 horas<\/strong>, despu\u00e9s del pase habitual de <strong>Al cielo con ella<\/strong>.\n    <\/p>\n<p>    <a href=\"https:\/\/www.eldiario.es\/vertele\/noticias\/vaquero-clavero-reaccionan-humor-cancelacion-garita-semana-echan-sitios_1_12479414.html\" data-mrf-recirculation=\"saber-mas\" data-dl-event=\"saber-mas\" rel=\"nofollow noopener\" target=\"_blank\"><\/p>\n<p class=\"know-more__title\">Vaquero y Clavero reaccionan con humor a la cancelaci\u00f3n de &#8216;La Garita&#8217;: \u00abEsta semana nos echan de todos los sitios\u00bb<\/p>\n<p>            <img decoding=\"async\" class=\"lazy\" loading=\"lazy\" data-src=\"https:\/\/static.eldiario.es\/clip\/06eaca40-dfb9-4e46-91e9-52e792f777d7_16-9-aspect-ratio_default_0.jpg\" src=\"data:image\/svg+xml,%3Csvg xmlns=\" http:=\"\" viewbox=\"0 0 880 495\" alt=\"Vaquero y Clavero reaccionan con humor a la cancelaci\u00f3n de 'La Garita': &quot;Esta semana nos echan de todos los sitios&quot;\"\/><\/p>\n<p>                        <\/a><\/p>\n<p class=\"article-text\">\n        El espacio de zapping, producido en colaboraci\u00f3n con 100 Balas (The Mediapro Studio), naci\u00f3 como <strong>relevo estival<\/strong> de <strong>La Revuelta<\/strong> de <strong>David Broncano<\/strong>. Sin embargo, su paso por el access prime time de La 1 fue mucho m\u00e1s breve de lo esperado. Seg\u00fan <strong>F\u00e9lix Mill\u00e1n<\/strong>, entonces productor ejecutivo de Contenidos de TVE, las grandes bazas de este formato eran \u201cel archivo de RTVE y el entretenimiento\u201d.\n    <\/p>\n<p class=\"article-text\">\n        Aunque su estreno arranc\u00f3 con <strong>audiencias <\/strong>correctas \u20149.6% de cuota y 965.000 espectadores\u2014, en su segunda entrega baj\u00f3 al 7.4% y 691.000. El descenso de los \u00edndices, unido a las cr\u00edticas recibidas por parte del p\u00fablico en las redes sociales, fue suficiente para que la corporaci\u00f3n decidiese <strong>retirar <\/strong><strong>La Garita<\/strong><strong> tras solo dos entregas<\/strong>. El reemplazo elegido entonces fue el programa Viaje al centro de la tele.\n    <\/p>\n<p class=\"article-text\">\n        Ya en julio, fuentes de RTVE consultadas por <a href=\"https:\/\/www.eldiario.es\/vertele\/\" target=\"_blank\" data-mrf-recirculation=\"links-noticia\" class=\"link\" rel=\"nofollow noopener\">verTele<\/a> confirmaron que el programa tendr\u00eda una <a href=\"https:\/\/www.eldiario.es\/vertele\/noticias\/rtve-cierra-garita-1-entregas-manda-destino-anuncia-viejo-conocido-relevo_1_12471037.html\" target=\"_blank\" data-mrf-recirculation=\"links-noticia\" class=\"link\" rel=\"nofollow noopener\"><strong>segunda vida en La 2<\/strong><\/a>, aunque entonces sin fecha fija. Ahora, la inc\u00f3gnita queda resuelta: La Garita regresar\u00e1 este s\u00e1bado a las 23:20 horas, en una franja muy distinta a la que ya prob\u00f3 durante el verano. El <strong>anuncio de su vuelta<\/strong> ha sido discreto y se ha limitado a la programaci\u00f3n oficial de la cadena.\n    <\/p>\n<p>    <a href=\"https:\/\/www.eldiario.es\/vertele\/audiencias-tv\/jueves-25-septiembre-2025-supervivientes-all-stars-lidera-record-buenafuente-sube-el-hormiguero-manda-access_1_12634052.html\" data-mrf-recirculation=\"saber-mas-abajo\" data-dl-event=\"saber-mas-abajo\" rel=\"nofollow noopener\" target=\"_blank\"><\/p>\n<p class=\"know-more__title\">&#8216;Supervivientes All Stars&#8217; (17%) lidera con otro r\u00e9cord, Buenafuente (11%) sube y &#8216;El Hormiguero&#8217; (14.5%) manda en el access<\/p>\n<p>            <img decoding=\"async\" class=\"lazy\" loading=\"lazy\" data-src=\"https:\/\/static.eldiario.es\/clip\/2f01ac9a-b60c-427b-9e1f-4b3850893c55_16-9-aspect-ratio_default_0.jpg\" src=\"data:image\/svg+xml,%3Csvg xmlns=\" http:=\"\" viewbox=\"0 0 880 495\" alt=\"'Supervivientes All Stars' (17%) lidera con otro r\u00e9cord, Buenafuente (11%) sube y 'El Hormiguero' (14.5%) manda en el access\"\/><\/p>\n<p>                        <\/a><\/p>\n<p class=\"article-text\">\n        El formato volver\u00e1 despu\u00e9s de la emisi\u00f3n de Al cielo con ella, presentado por <strong>Henar \u00c1lvarez<\/strong>, y servir\u00e1 de antesala al cl\u00e1sico <strong>C\u00f3mo nos re\u00edmos<\/strong>. As\u00ed queda oficialmente la parrilla del prime time de La 2 para este s\u00e1bado, salvo cambios de \u00faltima hora:\n    <\/p>\n<ul>\n<li><strong>21:00 horas<\/strong>: Festival de Cine de San Sebasti\u00e1n 2025<\/li>\n<li><strong>22:30 horas<\/strong>: Al cielo con ella, con Mar\u00eda del Monte<\/li>\n<li><strong>23:20 horas<\/strong>: La Garita<\/li>\n<\/ul>\n","protected":false},"excerpt":{"rendered":"Sorpresa en la parrilla de RTVE: el programa La Garita vuelve a abrir sus puertas. El formato de&hellip;\n","protected":false},"author":2,"featured_media":140298,"comment_status":"","ping_status":"","sticky":false,"template":"","format":"standard","meta":{"footnotes":""},"categories":[171],"tags":[146,147,25,24,43776,13037,6964,528,518,23,10579,214],"class_list":{"0":"post-140297","1":"post","2":"type-post","3":"status-publish","4":"format-standard","5":"has-post-thumbnail","7":"category-tv","8":"tag-entertainment","9":"tag-entretenimiento","10":"tag-es","11":"tag-espana","12":"tag-garita","13":"tag-la-2","14":"tag-rescata","15":"tag-revuelta","16":"tag-rtve","17":"tag-spain","18":"tag-sustituto","19":"tag-tv"},"share_on_mastodon":{"url":"","error":""},"_links":{"self":[{"href":"https:\/\/www.europesays.com\/es\/wp-json\/wp\/v2\/posts\/140297","targetHints":{"allow":["GET"]}}],"collection":[{"href":"https:\/\/www.europesays.com\/es\/wp-json\/wp\/v2\/posts"}],"about":[{"href":"https:\/\/www.europesays.com\/es\/wp-json\/wp\/v2\/types\/post"}],"author":[{"embeddable":true,"href":"https:\/\/www.europesays.com\/es\/wp-json\/wp\/v2\/users\/2"}],"replies":[{"embeddable":true,"href":"https:\/\/www.europesays.com\/es\/wp-json\/wp\/v2\/comments?post=140297"}],"version-history":[{"count":0,"href":"https:\/\/www.europesays.com\/es\/wp-json\/wp\/v2\/posts\/140297\/revisions"}],"wp:featuredmedia":[{"embeddable":true,"href":"https:\/\/www.europesays.com\/es\/wp-json\/wp\/v2\/media\/140298"}],"wp:attachment":[{"href":"https:\/\/www.europesays.com\/es\/wp-json\/wp\/v2\/media?parent=140297"}],"wp:term":[{"taxonomy":"category","embeddable":true,"href":"https:\/\/www.europesays.com\/es\/wp-json\/wp\/v2\/categories?post=140297"},{"taxonomy":"post_tag","embeddable":true,"href":"https:\/\/www.europesays.com\/es\/wp-json\/wp\/v2\/tags?post=140297"}],"curies":[{"name":"wp","href":"https:\/\/api.w.org\/{rel}","templated":true}]}}