{"id":140310,"date":"2025-09-26T14:48:09","date_gmt":"2025-09-26T14:48:09","guid":{"rendered":"https:\/\/www.europesays.com\/es\/140310\/"},"modified":"2025-09-26T14:48:09","modified_gmt":"2025-09-26T14:48:09","slug":"dinamarca-vuelve-a-cerrar-un-aeropuerto-por-una-alerta-de-drones","status":"publish","type":"post","link":"https:\/\/www.europesays.com\/es\/140310\/","title":{"rendered":"Dinamarca vuelve a cerrar un aeropuerto por una alerta de drones"},"content":{"rendered":"<p>    <img src=\"https:\/\/www.europesays.com\/es\/wp-content\/uploads\/2025\/09\/1758898089_927_2025-09-25T093A053A04Z-90064793.jpg\" width=\"1024\" height=\"727\" alt=\"\" loading=\"eager\" decoding=\"sync\" fetchpriority=\"high\"\/><\/p>\n<p>            afp_tickers        <\/p>\n<p>        Este contenido fue publicado en    <\/p>\n<p>        26 septiembre 2025 &#8211; 16:37\n<\/p>\n<p>Dinamarca volvi\u00f3 a cerrar un aeropuerto en la madrugada de este viernes tras una segunda alerta de drones en pocas horas, y despu\u00e9s de que la primera ministra, Mette Frederiksen, atribuyera a \u00abataques h\u00edbridos\u00bb incidentes similares esta semana.<\/p>\n<p>El espacio a\u00e9reo sobre la terminal de Aalborg, en el norte de Dinamarca, fue clausurado desde la \u00faltima hora del jueves debido a una alerta por esos aparatos, antes de reabrirse alrededor de las 00H35 del viernes (22H35 GMT del jueves), inform\u00f3 la polic\u00eda.<\/p>\n<p>El cierre oblig\u00f3 a un vuelo de KLM procedente de \u00c1msterdam a dar media vuelta y a la cancelaci\u00f3n de un viaje de Scandinavian Airlines desde la capital danesa, Copenhague, seg\u00fan sitios de seguimiento a\u00e9reo y las p\u00e1ginas web de las aerol\u00edneas.<\/p>\n<p>Sin embargo, las autoridades no han confirmado formalmente la presencia de drones.<\/p>\n<p>Varios pa\u00edses de la UE mantuvieron el viernes sus primeras conversaciones sobre una propuesta de la presidenta de la Comisi\u00f3n Europea, Ursula von der Leyen, para establecer un \u00abmuro\u00bb de defensa contra los drones.<\/p>\n<p>Ya se hab\u00edan detectado aparatos de ese tipo el mi\u00e9rcoles y el jueves en los aeropuertos de Aalborg, Esbjerg, Sonderborg y en la base a\u00e9rea de Skrydstrup, antes de que se marcharan por su cuenta, alert\u00f3 entonces la polic\u00eda.<\/p>\n<p>Ese incidente provoc\u00f3 un primer cierre en Aalborg durante varias horas.\u00a0<\/p>\n<p>El avistamiento de drones gener\u00f3 adem\u00e1s la clausura del aeropuerto de la capital, Copenhague, a principios de esta semana.<\/p>\n<p>La primera ministra danesa afirm\u00f3 el jueves en un mensaje de video que el pa\u00eds fue \u00abv\u00edctima de ataques h\u00edbridos\u00bb, en referencia a una forma de guerra no convencional.<\/p>\n<p>El Ministerio de Defensa denunci\u00f3 una operaci\u00f3n \u00absistem\u00e1tica\u00bb causada por un \u00abactor profesional\u00bb, sin precisar cu\u00e1l.<\/p>\n<p>Los incidentes se producen adem\u00e1s tras la incursi\u00f3n de drones rusos en Polonia y Rumania y de aviones de combate de Mosc\u00fa en el espacio a\u00e9reo de Estonia, aunque las autoridades danesas y europeas no han establecido por el momento ninguna relaci\u00f3n entre estos incidentes.<\/p>\n<p>La primera ministra Frederiksen afirm\u00f3, sin embargo, que Rusia es \u00abel principal pa\u00eds que supone una amenaza para la seguridad de Europa\u00bb.<\/p>\n<p>Rusia rechaz\u00f3 \u00abfirmemente\u00bb estar implicada en lo ocurrido, y su embajada en Copenhague denunci\u00f3 una \u00abprovocaci\u00f3n orquestada\u00bb.<\/p>\n<p>El fin de semana pasado, otros aeropuertos europeos, en particular los de Bruselas, Londres, Berl\u00edn y Dubl\u00edn, fueron afectados por un ciberataque cuyo origen no ha sido revelado.<\/p>\n<p>\u2013 \u00abMuro\u00bb contra drones \u2013<\/p>\n<p>El secretario general de la OTAN, Mark Rutte, dijo que la Alianza se toma \u00abmuy en serio\u00bb el incidente con drones se\u00f1alado el jueves en Dinamarca, y afirm\u00f3 que est\u00e1 trabajando para garantizar la seguridad de este tipo de infraestructuras.<\/p>\n<p>Tras una reuni\u00f3n con Frederiksen, el presidente franc\u00e9s, Emmanuel Macron, tambi\u00e9n se mostr\u00f3 dispuesto a \u00abcontribuir a la seguridad del espacio a\u00e9reo dan\u00e9s\u00bb.<\/p>\n<p>En cuanto a la videoconferencia del viernes sobre un \u00abmuro\u00bb antidrones, el comisario europeo de Defensa, Andrius Kubilius, declar\u00f3 que los participantes estimaron que su implementaci\u00f3n es un asunto \u00abprioritario\u00bb.<\/p>\n<p>Este sistema deber\u00e1 estar dotado de capacidades \u00abde detecci\u00f3n, rastreo e interceptaci\u00f3n\u00bb, declar\u00f3 desde Helsinki tras la reuni\u00f3n con los ministros de diez pa\u00edses de la UE -entre ellos los pa\u00edses b\u00e1lticos, Polonia, Finlandia y Dinamarca-, adem\u00e1s de Ucrania.<\/p>\n<p>Seg\u00fan un alto funcionario de la UE, el objetivo es disponer en el plazo de un a\u00f1o de una red de \u00absensores\u00bb, terrestres o por sat\u00e9lite, capaces de detectar drones y \u00abrastrearlos\u00bb.\u00a0<\/p>\n<p>A continuaci\u00f3n, se implementar\u00e1n capacidades de interceptaci\u00f3n, m\u00e1s pesadas y costosas.<\/p>\n<p>Luego de los primeros incidentes en Dinamarca, su ministro de Defensa, Troels Lund Poulsen, alert\u00f3 que los sobrevuelos fueron ejecutados por un \u00abactor profesional\u00bb y constituyen una \u00abamenaza sistem\u00e1tica\u00bb.<\/p>\n<p>Ya el lunes por la noche, drones de origen desconocido sobrevolaron, adem\u00e1s del aeropuerto de Copenhague, el de Oslo, en la vecina Noruega, lo que oblig\u00f3 a bloquear el tr\u00e1fico durante varias horas.<\/p>\n<p>El gobierno noruego anunci\u00f3 el jueves que detuvo un hombre de origen extranjero que operaba un dron cerca de esa terminal a\u00e9rea internacional y que el aparato fue incautado.<\/p>\n<p>po\/mas\/arm\/hgs\/avl\/hgs\/an<\/p>\n","protected":false},"excerpt":{"rendered":"afp_tickers Este contenido fue publicado en 26 septiembre 2025 &#8211; 16:37 Dinamarca volvi\u00f3 a cerrar un aeropuerto en&hellip;\n","protected":false},"author":2,"featured_media":140311,"comment_status":"","ping_status":"","sticky":false,"template":"","format":"standard","meta":{"footnotes":""},"categories":[42],"tags":[22914,17,18,82,13,14,11,61,62,63,64,19,20,7657,17067,9,10,15,16,1384,90,12,22917,21,22,65,66,67],"class_list":{"0":"post-140310","1":"post","2":"type-post","3":"status-publish","4":"format-standard","5":"has-post-thumbnail","7":"category-internacional","8":"tag-air-transport","9":"tag-breaking-news","10":"tag-breakingnews","11":"tag-business","12":"tag-featured-news","13":"tag-featurednews","14":"tag-headlines","15":"tag-internacional","16":"tag-international","17":"tag-international-news","18":"tag-internationalnews","19":"tag-latest-news","20":"tag-latestnews","21":"tag-law-and-order","22":"tag-law-enforcement","23":"tag-news","24":"tag-noticias","25":"tag-noticias-destacadas","26":"tag-noticiasdestacadas","27":"tag-police","28":"tag-ticker","29":"tag-titulares","30":"tag-transport","31":"tag-ultimas-noticias","32":"tag-ultimasnoticias","33":"tag-world","34":"tag-world-news","35":"tag-worldnews"},"share_on_mastodon":{"url":"","error":""},"_links":{"self":[{"href":"https:\/\/www.europesays.com\/es\/wp-json\/wp\/v2\/posts\/140310","targetHints":{"allow":["GET"]}}],"collection":[{"href":"https:\/\/www.europesays.com\/es\/wp-json\/wp\/v2\/posts"}],"about":[{"href":"https:\/\/www.europesays.com\/es\/wp-json\/wp\/v2\/types\/post"}],"author":[{"embeddable":true,"href":"https:\/\/www.europesays.com\/es\/wp-json\/wp\/v2\/users\/2"}],"replies":[{"embeddable":true,"href":"https:\/\/www.europesays.com\/es\/wp-json\/wp\/v2\/comments?post=140310"}],"version-history":[{"count":0,"href":"https:\/\/www.europesays.com\/es\/wp-json\/wp\/v2\/posts\/140310\/revisions"}],"wp:featuredmedia":[{"embeddable":true,"href":"https:\/\/www.europesays.com\/es\/wp-json\/wp\/v2\/media\/140311"}],"wp:attachment":[{"href":"https:\/\/www.europesays.com\/es\/wp-json\/wp\/v2\/media?parent=140310"}],"wp:term":[{"taxonomy":"category","embeddable":true,"href":"https:\/\/www.europesays.com\/es\/wp-json\/wp\/v2\/categories?post=140310"},{"taxonomy":"post_tag","embeddable":true,"href":"https:\/\/www.europesays.com\/es\/wp-json\/wp\/v2\/tags?post=140310"}],"curies":[{"name":"wp","href":"https:\/\/api.w.org\/{rel}","templated":true}]}}