{"id":140320,"date":"2025-09-26T14:57:10","date_gmt":"2025-09-26T14:57:10","guid":{"rendered":"https:\/\/www.europesays.com\/es\/140320\/"},"modified":"2025-09-26T14:57:10","modified_gmt":"2025-09-26T14:57:10","slug":"hamilton-se-retira-de-una-prueba-de-neumaticos-de-f1-para-estar-con-su-perro-enfermo","status":"publish","type":"post","link":"https:\/\/www.europesays.com\/es\/140320\/","title":{"rendered":"Hamilton se retira de una prueba de neum\u00e1ticos de F1 para estar con su perro enfermo"},"content":{"rendered":"<p class=\"paragraph text-xl pb-7 w-full text-pretty [&amp;_a]:text-link-normal dark:[&amp;_a]:text-link-dark [&amp;_a]:decoration-1 [&amp;_a:hover]:underline [&amp;_a:hover]:text-link-hover [&amp;_a:hover]:decoration-2 [&amp;_b_a]:text-link-normal dark:[&amp;_b_a]:text-link-dark [&amp;_b_a]:decoration-1 [&amp;_b_a:hover]:underline [&amp;_b_a:hover]:text-link-hover desktop:leading-relaxed break-words font-serif\" data-original-text-size=\"text-xl\">El piloto de Ferrari <b>Lewis Hamilton<\/b> se retir\u00f3 de una prueba de neum\u00e1ticos de <b>F\u00f3rmula Uno<\/b> con Pirelli para estar con su bulldog <b>Roscoe<\/b>, que se encuentra en coma.<\/p>\n<p class=\"paragraph text-xl pb-7 w-full text-pretty [&amp;_a]:text-link-normal dark:[&amp;_a]:text-link-dark [&amp;_a]:decoration-1 [&amp;_a:hover]:underline [&amp;_a:hover]:text-link-hover [&amp;_a:hover]:decoration-2 [&amp;_b_a]:text-link-normal dark:[&amp;_b_a]:text-link-dark [&amp;_b_a]:decoration-1 [&amp;_b_a:hover]:underline [&amp;_b_a:hover]:text-link-hover desktop:leading-relaxed break-words font-serif\" data-original-text-size=\"text-xl\">La escuder\u00eda italiana confirm\u00f3 que el siete veces campe\u00f3n del mundo de F1 <b>no participar\u00e1 en la prueba del viernes en el circuito italiano de Mugello<\/b>, y que el reserva chino Zhou Guanyu ocupar\u00eda el lugar del brit\u00e1nico.<\/p>\n<p class=\"paragraph text-xl pb-7 w-full text-pretty [&amp;_a]:text-link-normal dark:[&amp;_a]:text-link-dark [&amp;_a]:decoration-1 [&amp;_a:hover]:underline [&amp;_a:hover]:text-link-hover [&amp;_a:hover]:decoration-2 [&amp;_b_a]:text-link-normal dark:[&amp;_b_a]:text-link-dark [&amp;_b_a]:decoration-1 [&amp;_b_a:hover]:underline [&amp;_b_a:hover]:text-link-hover desktop:leading-relaxed break-words font-serif\" data-original-text-size=\"text-xl\">Hamilton tambi\u00e9n proporcion\u00f3 una actualizaci\u00f3n sobre la salud de Roscoe en <b>Instagram<\/b>.<\/p>\n<p class=\"paragraph text-xl pb-7 w-full text-pretty [&amp;_a]:text-link-normal dark:[&amp;_a]:text-link-dark [&amp;_a]:decoration-1 [&amp;_a:hover]:underline [&amp;_a:hover]:text-link-hover [&amp;_a:hover]:decoration-2 [&amp;_b_a]:text-link-normal dark:[&amp;_b_a]:text-link-dark [&amp;_b_a]:decoration-1 [&amp;_b_a:hover]:underline [&amp;_b_a:hover]:text-link-hover desktop:leading-relaxed break-words font-serif\" data-original-text-size=\"text-xl\">\u00abRoscoe cogi\u00f3 <b>neumon\u00eda <\/b>de nuevo y est\u00e1 luchando por respirar\u00bb, escribi\u00f3. \u00abFue ingresado en el hospital y sedado para calmarlo mientras le hac\u00edan chequeos y durante el proceso su coraz\u00f3n se detuvo\u00bb.<\/p>\n<p class=\"paragraph text-xl pb-7 w-full text-pretty [&amp;_a]:text-link-normal dark:[&amp;_a]:text-link-dark [&amp;_a]:decoration-1 [&amp;_a:hover]:underline [&amp;_a:hover]:text-link-hover [&amp;_a:hover]:decoration-2 [&amp;_b_a]:text-link-normal dark:[&amp;_b_a]:text-link-dark [&amp;_b_a]:decoration-1 [&amp;_b_a:hover]:underline [&amp;_b_a:hover]:text-link-hover desktop:leading-relaxed break-words font-serif\" data-original-text-size=\"text-xl\">\u00abConsiguieron que volviera a latir y <b>ahora est\u00e1 en coma<\/b>. No sabemos si despertar\u00e1. Ma\u00f1ana intentaremos despertarle. Estoy a su lado y quiero agradecerles a todos sus oraciones y apoyo\u00bb, agreg\u00f3.<\/p>\n<p><a class=\"content-image image-zoomin\">  <img decoding=\"async\" loading=\"lazy\" class=\"mx-auto\" alt=\"El piloto brit\u00e1nico de F1Lewis Hamilton con su perro Roscoe en el circuito de Silverstone Circuit (Reino Unido).\" title=\"El piloto brit\u00e1nico de F1Lewis Hamilton con su perro Roscoe en el circuito de Silverstone Circuit (Reino Unido).\" width=\"480\" height=\"480\" src=\"https:\/\/www.publico.es\/files\/image_square_mobile\/files\/fp\/uploads\/2025\/09\/26\/68d69d74ad4ca.r_d.1277-822-2925.jpeg\" data-full-src=\"https:\/\/www.europesays.com\/es\/wp-content\/uploads\/2025\/09\/68d69d74ad4ca.jpeg\"\/>El piloto brit\u00e1nico de F1Lewis Hamilton con su perro Roscoe en el circuito de Silverstone Circuit (Reino Unido).<strong title=\"REUTERS\/Andrew Couldridge\" class=\"author ml-1.5\">REUTERS\/Andrew Couldridge<\/strong><\/a><\/p>\n<p class=\"paragraph text-xl pb-7 w-full text-pretty [&amp;_a]:text-link-normal dark:[&amp;_a]:text-link-dark [&amp;_a]:decoration-1 [&amp;_a:hover]:underline [&amp;_a:hover]:text-link-hover [&amp;_a:hover]:decoration-2 [&amp;_b_a]:text-link-normal dark:[&amp;_b_a]:text-link-dark [&amp;_b_a]:decoration-1 [&amp;_b_a:hover]:underline [&amp;_b_a:hover]:text-link-hover desktop:leading-relaxed break-words font-serif\" data-original-text-size=\"text-xl\">La mascota de 12 a\u00f1os, <b>vegana como su due\u00f1o<\/b>, acompa\u00f1\u00f3 a Hamilton durante sus temporadas de t\u00edtulos con Mercedes, asistiendo a las carreras con su propio pase de paddock y viajando en jet privado, y <b>tiene 1,3 millones de seguidores propios en Instagram<\/b>.<\/p>\n<p><a class=\"content-image image-zoomin\">  <img decoding=\"async\" loading=\"lazy\" class=\"mx-auto\" alt=\"Roscoe, el bulldog del piloto brit\u00e1nico de F1 Lewis Hamilton, en el circuito de Silverstone (Reino Unido).\" title=\"Roscoe, el bulldog del piloto brit\u00e1nico de F1 Lewis Hamilton, en el circuito de Silverstone (Reino Unido).\" width=\"480\" height=\"270\" src=\"https:\/\/www.publico.es\/files\/image_horizontal_mobile\/uploads\/2025\/09\/26\/68d69f6cb65e5.jpeg\" data-full-src=\"https:\/\/www.europesays.com\/es\/wp-content\/uploads\/2025\/09\/68d69f6cb65e5.jpeg\"\/>Roscoe, el bulldog del piloto brit\u00e1nico de F1 Lewis Hamilton, en el circuito de Silverstone (Reino Unido).<strong title=\"REUTERS\/Andrew Boyers\" class=\"author ml-1.5\">REUTERS\/Andrew Boyers<\/strong><\/a><\/p>\n<p class=\"paragraph text-xl pb-7 w-full text-pretty [&amp;_a]:text-link-normal dark:[&amp;_a]:text-link-dark [&amp;_a]:decoration-1 [&amp;_a:hover]:underline [&amp;_a:hover]:text-link-hover [&amp;_a:hover]:decoration-2 [&amp;_b_a]:text-link-normal dark:[&amp;_b_a]:text-link-dark [&amp;_b_a]:decoration-1 [&amp;_b_a:hover]:underline [&amp;_b_a:hover]:text-link-hover desktop:leading-relaxed break-words font-serif\" data-original-text-size=\"text-xl\">Hamilton habl\u00f3 en mayo de su <b>ansiedad por la salud de su perro<\/b> y cu\u00e1nto tiempo podr\u00eda quedarle.<\/p>\n","protected":false},"excerpt":{"rendered":"El piloto de Ferrari Lewis Hamilton se retir\u00f3 de una prueba de neum\u00e1ticos de F\u00f3rmula Uno con Pirelli&hellip;\n","protected":false},"author":2,"featured_media":140321,"comment_status":"","ping_status":"","sticky":false,"template":"","format":"standard","meta":{"footnotes":""},"categories":[270],"tags":[168,25,24,306,271,272,3688,21136,15896,23,167,6313],"class_list":{"0":"post-140320","1":"post","2":"type-post","3":"status-publish","4":"format-standard","5":"has-post-thumbnail","7":"category-formula-1","8":"tag-deportes","9":"tag-es","10":"tag-espana","11":"tag-f1","12":"tag-formula-1","13":"tag-formula1","14":"tag-hamilton","15":"tag-neumaticos","16":"tag-retira","17":"tag-spain","18":"tag-sports","19":"tag-test"},"share_on_mastodon":{"url":"","error":""},"_links":{"self":[{"href":"https:\/\/www.europesays.com\/es\/wp-json\/wp\/v2\/posts\/140320","targetHints":{"allow":["GET"]}}],"collection":[{"href":"https:\/\/www.europesays.com\/es\/wp-json\/wp\/v2\/posts"}],"about":[{"href":"https:\/\/www.europesays.com\/es\/wp-json\/wp\/v2\/types\/post"}],"author":[{"embeddable":true,"href":"https:\/\/www.europesays.com\/es\/wp-json\/wp\/v2\/users\/2"}],"replies":[{"embeddable":true,"href":"https:\/\/www.europesays.com\/es\/wp-json\/wp\/v2\/comments?post=140320"}],"version-history":[{"count":0,"href":"https:\/\/www.europesays.com\/es\/wp-json\/wp\/v2\/posts\/140320\/revisions"}],"wp:featuredmedia":[{"embeddable":true,"href":"https:\/\/www.europesays.com\/es\/wp-json\/wp\/v2\/media\/140321"}],"wp:attachment":[{"href":"https:\/\/www.europesays.com\/es\/wp-json\/wp\/v2\/media?parent=140320"}],"wp:term":[{"taxonomy":"category","embeddable":true,"href":"https:\/\/www.europesays.com\/es\/wp-json\/wp\/v2\/categories?post=140320"},{"taxonomy":"post_tag","embeddable":true,"href":"https:\/\/www.europesays.com\/es\/wp-json\/wp\/v2\/tags?post=140320"}],"curies":[{"name":"wp","href":"https:\/\/api.w.org\/{rel}","templated":true}]}}