{"id":140327,"date":"2025-09-26T15:01:07","date_gmt":"2025-09-26T15:01:07","guid":{"rendered":"https:\/\/www.europesays.com\/es\/140327\/"},"modified":"2025-09-26T15:01:07","modified_gmt":"2025-09-26T15:01:07","slug":"la-jornada-abren-manana-casa-roja-de-frida-kahlo","status":"publish","type":"post","link":"https:\/\/www.europesays.com\/es\/140327\/","title":{"rendered":"La Jornada &#8211; Abren ma\u00f1ana Casa Roja de Frida Kahlo"},"content":{"rendered":"<p class=\"nota-justify\">El nuevo Museo Casa Kahlo, la Casa Roja, color que simboliza \u201cel coraz\u00f3n de la familia Kahlo\u201d, seg\u00fan Mara Romeo Kahlo, sobrina nieta de la pintora, ofrece al p\u00fablico un mundo de historias y emociones que se han tejido en este lugar a lo largo de los a\u00f1os.<\/p>\n<p class=\"nota-justify\">\u201cEn la Casa Azul conocemos a la Frida artista y luchadora. Aqu\u00ed vamos a encontrar a mi t\u00eda, en este c\u00edrculo de los afectos que tuvo y la gran persona que fue\u201d, expres\u00f3 a La Jornada la sobrina nieta de la artista, durante un recorrido para medios.<\/p>\n<p class=\"nota-justify\">Sobre la necesidad de abrir al p\u00fablico la casa ubicada en Aguayo 54, colonia Del Carmen, Coyoac\u00e1n, la cual fue adquirida en 1930 y habitada inicialmente por Guillermo Kahlo y Matilde Calder\u00f3n, padres de la pintora, Mara Romeo coment\u00f3: \u201ccreo que nadie conoce mucho la historia de la familia, y es importante; por ejemplo, mi bisabuelo Guillermo lleg\u00f3 de Alemania y se convirti\u00f3 en el primer fot\u00f3grafo oficial de Porfirio D\u00edaz. Aqu\u00ed tenemos muestras de sus negativos; nadie conoce las pinturas que hizo y regal\u00f3 a Frida\u201d.<\/p>\n<p class=\"nota-justify\">En el s\u00f3tano de la casa se muestra la correspondencia entre las hermanas Kahlo. Se dice que este lugar fue un refugio para Frida, ya que sol\u00eda ir ah\u00ed cuando se peleaba con Diego Rivera. Aqu\u00ed tambi\u00e9n se observa el microscopio de la familia y exvotos pintados por la artista, al igual que mu\u00f1ecas que compr\u00f3 en un viaje a San Francisco.<\/p>\n<p class=\"nota-justify\">Romeo Kahlo agreg\u00f3: \u201caqu\u00ed van a encontrar a la persona de carne y hueso con la que se podr\u00e1n identificar. Hace dos a\u00f1os me mud\u00e9, y todo lo que mi mam\u00e1 guard\u00f3 lo pueden ver ahora en este museo\u201d.<\/p>\n<p class=\"nota-justify\">Con su enfoque en la vida familiar y la intimidad de Frida Kahlo, la Casa Roja ofrece una visi\u00f3n fresca y personal de la artista mexicana; es un lugar que invita a la conexi\u00f3n con su vida y obra. Incluso en la cocina fue recuperado un fresco con flores y \u00e1rboles que realiz\u00f3 la pintora, con una inscripci\u00f3n que dice: \u201cel mes\u00f3n de los gorriones\u201d.<\/p>\n<p class=\"nota-justify\"><strong>Faceta acad\u00e9mica<\/strong><\/p>\n<p class=\"nota-justify\">Al recorrer la Casa Roja, el visitante tambi\u00e9n conocer\u00e1 los a\u00f1os de formaci\u00f3n y el despertar art\u00edstico de Frida, as\u00ed como la faceta que s\u00f3lo comparti\u00f3 con su familia, como su etapa de profesora en la reci\u00e9n abierta Escuela Nacional de Pintura, Escultura y Grabado La Esmeralda. En una sala se presentan obras creadas por sus alumnos, conocidos como Los Fridos, Arturo Estrada, Guillermo Monroy y Arturo Garc\u00eda Bustos.<\/p>\n<p class=\"nota-justify\">El recinto cuenta con un espacio dedicado a Cristina, hermana de Frida, quien fund\u00f3 una organizaci\u00f3n para apoyar a mujeres solteras.<\/p>\n<p class=\"nota-justify\">Ad\u00e1n Garc\u00eda Fajardo, director del museo, explic\u00f3 que para su apertura se modific\u00f3 el espacio abierto, que era un jard\u00edn, y se transform\u00f3 en patio, y se hicieron intervenciones que permiten transitar mejor por el lugar. La encargada de transformar el recinto fue la arquitecta Mariana Doet Zepeda Orozco, con experiencia en dise\u00f1o de exhibiciones del Rockwell Group, con sede en Nueva York.<\/p>\n<p class=\"nota-justify\">El director de la Casa Roja coment\u00f3 que los interesados en visitar el recinto pueden adquirir sus boletos en l\u00ednea o en las taquillas en el lugar. \u201cConsideramos que vamos a tener entre 550 y 530 personas al d\u00eda, pero como se trata de una casa tal vez podemos permitir el acceso a personas que lleguen de \u00faltimo momento; sin embargo, recomendamos comprar sus boletos en <a target=\"_blank\" rel=\"noopener noreferrer nofollow\" href=\"https:\/\/www.museocasakahlo.org.\/\">www.museocasakahlo.org.<\/a> El precio para visitantes mexicanos es de 130 pesos y para estudiantes, ni\u00f1os y adultos mayores es de 65 pesos\u201d.<\/p>\n<p class=\"nota-justify\">Garc\u00eda precis\u00f3 que el p\u00fablico tambi\u00e9n podr\u00e1 observar nueve obras de Kahlo, as\u00ed como objetos, fotograf\u00edas y joyas del archivo y la colecci\u00f3n Isolda P. Kahlo.<\/p>\n<p class=\"nota-justify\">Mara Romeo Kahlo y su hija Mara de Anda Romeo indicaron que la apertura de la Casa Roja cont\u00f3 con el apoyo de la Fundaci\u00f3n Kahlo, de reciente creaci\u00f3n en Nueva York, la cual apoyar\u00e1 actividades de todo tipo \u201cdentro de la cultura y las artes. El primer proyecto ser\u00e1 el Premio Arte Kahlo para las nuevas generaciones\u201d de creadores.<\/p>\n<p class=\"nota-justify\">De Anda detall\u00f3 que gracias a la fundaci\u00f3n presidida por Rick Miramontez, experto en relaciones p\u00fablicas de Nueva York y conocido por representar espect\u00e1culos de Broadway, lograron contactar a David Rockwell, quien tambi\u00e9n es miembro de esa organizaci\u00f3n.<\/p>\n<p class=\"nota-justify\">La Casa Roja abrir\u00e1 ma\u00f1ana al p\u00fablico, en horarios de mi\u00e9rcoles a lunes de 10 a 19 horas.<\/p>\n<p>\u00a0<\/p>\n","protected":false},"excerpt":{"rendered":"El nuevo Museo Casa Kahlo, la Casa Roja, color que simboliza \u201cel coraz\u00f3n de la familia Kahlo\u201d, seg\u00fan&hellip;\n","protected":false},"author":2,"featured_media":140328,"comment_status":"","ping_status":"","sticky":false,"template":"","format":"standard","meta":{"footnotes":""},"categories":[173],"tags":[229,233,231,230,43780,232,234,146,147,25,24,33621,43781,7080,11608,23],"class_list":{"0":"post-140327","1":"post","2":"type-post","3":"status-publish","4":"format-standard","5":"has-post-thumbnail","7":"category-arte-y-diseno","8":"tag-arte","9":"tag-arte-y-diseno","10":"tag-arts","11":"tag-arts-and-design","12":"tag-casa-roja","13":"tag-design","14":"tag-diseno","15":"tag-entertainment","16":"tag-entretenimiento","17":"tag-es","18":"tag-espana","19":"tag-frida-kahlo","20":"tag-museo-casa-kahlo","21":"tag-noticia","22":"tag-pintora","23":"tag-spain"},"share_on_mastodon":{"url":"","error":""},"_links":{"self":[{"href":"https:\/\/www.europesays.com\/es\/wp-json\/wp\/v2\/posts\/140327","targetHints":{"allow":["GET"]}}],"collection":[{"href":"https:\/\/www.europesays.com\/es\/wp-json\/wp\/v2\/posts"}],"about":[{"href":"https:\/\/www.europesays.com\/es\/wp-json\/wp\/v2\/types\/post"}],"author":[{"embeddable":true,"href":"https:\/\/www.europesays.com\/es\/wp-json\/wp\/v2\/users\/2"}],"replies":[{"embeddable":true,"href":"https:\/\/www.europesays.com\/es\/wp-json\/wp\/v2\/comments?post=140327"}],"version-history":[{"count":0,"href":"https:\/\/www.europesays.com\/es\/wp-json\/wp\/v2\/posts\/140327\/revisions"}],"wp:featuredmedia":[{"embeddable":true,"href":"https:\/\/www.europesays.com\/es\/wp-json\/wp\/v2\/media\/140328"}],"wp:attachment":[{"href":"https:\/\/www.europesays.com\/es\/wp-json\/wp\/v2\/media?parent=140327"}],"wp:term":[{"taxonomy":"category","embeddable":true,"href":"https:\/\/www.europesays.com\/es\/wp-json\/wp\/v2\/categories?post=140327"},{"taxonomy":"post_tag","embeddable":true,"href":"https:\/\/www.europesays.com\/es\/wp-json\/wp\/v2\/tags?post=140327"}],"curies":[{"name":"wp","href":"https:\/\/api.w.org\/{rel}","templated":true}]}}