{"id":140329,"date":"2025-09-26T15:02:35","date_gmt":"2025-09-26T15:02:35","guid":{"rendered":"https:\/\/www.europesays.com\/es\/140329\/"},"modified":"2025-09-26T15:02:35","modified_gmt":"2025-09-26T15:02:35","slug":"diez-libros-que-llegan-en-octubre-y-vas-a-querer-llevarte","status":"publish","type":"post","link":"https:\/\/www.europesays.com\/es\/140329\/","title":{"rendered":"diez libros que llegan en octubre y vas a querer llevarte"},"content":{"rendered":"<p>La ciudad se viste de sol y colores y las <strong>librer\u00edas <\/strong>se suman al esp\u00edritu <strong>primaveral <\/strong>con los colores de los <strong>libros <\/strong>que ocupan las mesas de novedades. El \u00faltimo trimestre del <strong>2025 <\/strong>est\u00e1 aqu\u00ed y todav\u00eda tiene mucho para ofrecer. Para quienes disfrutan de la lectura, encontrar\u00e1n una constelaci\u00f3n de t\u00edtulos firmados por autores consagrados y voces nuevas que buscan iluminar los dilemas contempor\u00e1neos, rescatar figuras olvidadas y narrar momentos decisivos de la historia pol\u00edtica, cultural y social.<\/p>\n<p>Entre los destacados figuran libros de <strong>Gabriel Rol\u00f3n, Giuliano Da Empoli, Byung Chul Han, Leonardo Padura, Nona Fern\u00e1ndez, Legna Rodr\u00edguez Iglesias y Laura Ramos<\/strong>. Tambi\u00e9n se suman propuestas que indagan en fen\u00f3menos actuales como el avance de las ultraderechas y una biograf\u00eda oficial del DT campe\u00f3n del mundo, Lionel Scaloni. <strong>Clar\u00edn <\/strong>anticipa diez t\u00edtulos imperdibles.<\/p>\n<p><img fetchpriority=\"high\" alt=\"Gabriel Rol\u00f3n, Feria del Libro 2022\" loading=\"eager\" width=\"720\" height=\"480\" decoding=\"async\" data-nimg=\"1\" style=\"color:transparent\" src=\"https:\/\/www.europesays.com\/es\/wp-content\/uploads\/2025\/09\/j7tu65veJ_720x0__1.jpg\"\/>Gabriel Rol\u00f3n, Feria del Libro 2022<\/p>\n<p>La soledad, de Gabriel Rol\u00f3n (Planeta)<\/p>\n<p>Un nuevo ensayo que aborda las contradicciones de la soledad: lo que aterra y a la vez define, lo que ahoga y libera, lo que separa y revela qui\u00e9nes somos. Para Rol\u00f3n, la soledad no es condena sino parte constitutiva de la condici\u00f3n humana.<\/p>\n<p><img alt=\"La hora de los depredadores, de Giuliano Da Empoli (Seix Barral). Foto: gentileza.\" loading=\"eager\" width=\"720\" height=\"480\" decoding=\"async\" data-nimg=\"1\" style=\"color:transparent\" src=\"https:\/\/www.europesays.com\/es\/wp-content\/uploads\/2025\/09\/JtlA7nmbc_720x0__1.jpg\"\/>La hora de los depredadores, de Giuliano Da Empoli (Seix Barral). Foto: gentileza.<\/p>\n<p>La hora de los depredadores, de Giuliano Da Empoli (Seix Barral)<\/p>\n<p>El autor traza un mapa del poder en un mundo donde la IA desborda controles y las instituciones se desmoronan frente a aut\u00f3cratas y magnates tecnol\u00f3gicos. Entre reuniones secretas, luchas violentas y l\u00edderes como Trump, Putin, Milei o Bukele, Da Empoli describe el ascenso de los nuevos depredadores globales.<\/p>\n<p><img alt=\"Sobre Dios, de Byung Chul Han (Paid\u00f3s). Foto: gentileza.\" loading=\"eager\" width=\"720\" height=\"480\" decoding=\"async\" data-nimg=\"1\" style=\"color:transparent\" src=\"https:\/\/www.europesays.com\/es\/wp-content\/uploads\/2025\/09\/KbH8a66le_720x0__1.jpg\"\/>Sobre Dios, de Byung Chul Han (Paid\u00f3s). Foto: gentileza.<\/p>\n<p>Sobre Dios, de Byung Chul Han (Paid\u00f3s)<\/p>\n<p>En di\u00e1logo con Simone Weil, el fil\u00f3sofo surcoreano propone un ensayo breve y meditativo que invita a redescubrir el silencio, el vac\u00edo y la atenci\u00f3n como formas vitales frente a la hiperactividad y el consumo contempor\u00e1neo. Un libro que ofrece consuelo y trascendencia en tiempos de crisis.<\/p>\n<p><img alt=\"Mi ni\u00f1era de la KGB, de Laura Ramos (Lumen). Foto: gentileza.\" loading=\"eager\" width=\"720\" height=\"480\" decoding=\"async\" data-nimg=\"1\" style=\"color:transparent\" src=\"https:\/\/www.europesays.com\/es\/wp-content\/uploads\/2025\/09\/JJOxgHQ_2_720x0__1.jpg\"\/>Mi ni\u00f1era de la KGB, de Laura Ramos (Lumen). Foto: gentileza.<\/p>\n<p>Mi ni\u00f1era de la KGB, de Laura Ramos (Lumen)<\/p>\n<p>La autora reconstruye la vida de la legendaria esp\u00eda sovi\u00e9tica \u00c1frica de las Heras, desde su participaci\u00f3n en el asesinato de Trotsky hasta su vida en Uruguay, donde fue conocida como \u201cla modista\u201d Mar\u00eda Luisa. La narraci\u00f3n se entrelaza con los recuerdos de la infancia de Ramos en una familia de intelectuales trotskistas.<\/p>\n<p><img alt=\"El molde y la receta, de Horacio Rosatti (Sudamericana). Foto: gentileza.\" loading=\"eager\" width=\"720\" height=\"480\" decoding=\"async\" data-nimg=\"1\" style=\"color:transparent\" src=\"https:\/\/www.europesays.com\/es\/wp-content\/uploads\/2025\/09\/ZyxYoiatm_720x0__1.jpg\"\/>El molde y la receta, de Horacio Rosatti (Sudamericana). Foto: gentileza.<\/p>\n<p>El molde y la receta, de Horacio Rosatti (Sudamericana)<\/p>\n<p>Una novela que revive el nacimiento de la Constituci\u00f3n Nacional en 1852, cuando los convencionales se reunieron en Santa Fe. Entre debates pol\u00edticos, cambios en la vida social y romances inesperados, se gesta la ley fundamental de la organizaci\u00f3n argentina.<\/p>\n<p><img alt=\"Morir en la arena, de Leonardo Padura (Tusquets). Foto: gentileza.\" loading=\"eager\" width=\"720\" height=\"480\" decoding=\"async\" data-nimg=\"1\" style=\"color:transparent\" src=\"https:\/\/www.europesays.com\/es\/wp-content\/uploads\/2025\/09\/Wt1ZyUrIw_720x0__1.jpg\"\/>Morir en la arena, de Leonardo Padura (Tusquets). Foto: gentileza.<\/p>\n<p>Morir en la arena, de Leonardo Padura (Tusquets)<\/p>\n<p>La historia de Rodolfo, veterano de la guerra de Angola, que enfrenta el regreso de su hermano parricida a la casa familiar. En una Habana desahuciada emergen secretos, rencores y recuerdos de un asesinato que marc\u00f3 a toda la familia durante cincuenta a\u00f1os.<\/p>\n<p><img alt=\"Cartas a su madre, de Charles Baudelaire (Blatt &amp; R\u00edos). Foto: gentileza.\" loading=\"eager\" width=\"720\" height=\"480\" decoding=\"async\" data-nimg=\"1\" style=\"color:transparent\" src=\"https:\/\/www.europesays.com\/es\/wp-content\/uploads\/2025\/09\/yRu_zcFAQ_720x0__1.jpg\"\/>Cartas a su madre, de Charles Baudelaire (Blatt &amp; R\u00edos). Foto: gentileza.<\/p>\n<p>Cartas a su madre, de Charles Baudelaire (Blatt &amp; R\u00edos)<\/p>\n<p>Selecci\u00f3n de cartas que el poeta envi\u00f3 a su madre durante treinta a\u00f1os, donde se refleja la compleja relaci\u00f3n marcada por traiciones, tensiones econ\u00f3micas y el fulgor del periodismo de \u00e9poca. La edici\u00f3n incluye traducci\u00f3n, pr\u00f3logo y notas de Walter Romero.<\/p>\n<p><img alt=\"P\u00e1lido caballo, p\u00e1lido jinete, de Katherine Anne Porter (Palmeras Salvajes). Foto: gentileza.\" loading=\"eager\" width=\"720\" height=\"480\" decoding=\"async\" data-nimg=\"1\" style=\"color:transparent\" src=\"https:\/\/www.europesays.com\/es\/wp-content\/uploads\/2025\/09\/3Hjfj_LLv_720x0__1.jpg\"\/>P\u00e1lido caballo, p\u00e1lido jinete, de Katherine Anne Porter (Palmeras Salvajes). Foto: gentileza.<\/p>\n<p>P\u00e1lido caballo, p\u00e1lido jinete, de Katherine Anne Porter (Palmeras Salvajes)<\/p>\n<p>Tres novelas cortas que exploran la memoria, el g\u00f3tico sure\u00f1o y la epidemia de gripe espa\u00f1ola. Desde leyendas familiares hasta tragedias b\u00e9licas, Porter ofrece un retrato psicol\u00f3gico y social de la vida estadounidense en tiempos de guerra y enfermedad.<\/p>\n<p><img alt=\"Todo lo que quer\u00edas saber sobre las ultraderechas y no te atrev\u00edas a preguntarle a H. P. Lovecraft, de Yago Franco (Prometeo). Foto: gentileza.\" loading=\"eager\" width=\"720\" height=\"480\" decoding=\"async\" data-nimg=\"1\" style=\"color:transparent\" src=\"https:\/\/www.europesays.com\/es\/wp-content\/uploads\/2025\/09\/Gm8pZqNe4_720x0__1.jpg\"\/>Todo lo que quer\u00edas saber sobre las ultraderechas y no te atrev\u00edas a preguntarle a H. P. Lovecraft, de Yago Franco (Prometeo). Foto: gentileza.<\/p>\n<p>Todo lo que quer\u00edas saber sobre las ultraderechas y no te atrev\u00edas a preguntarle a H. P. Lovecraft, de Yago Franco (Prometeo)<\/p>\n<p>El autor analiza el ascenso de las ultraderechas neoliberales desde una perspectiva psicoanal\u00edtica, indagando en las formas del deseo, el odio y el miedo que las sostienen. El caso argentino funciona como ejemplo de un fen\u00f3meno global.<\/p>\n<p><img alt=\"Scaloni, la intimidad de un l\u00edder inesperado, de Diego Borinskyd (Sudamericana). Foto: gentileza.\" loading=\"eager\" width=\"720\" height=\"480\" decoding=\"async\" data-nimg=\"1\" style=\"color:transparent\" src=\"https:\/\/www.europesays.com\/es\/wp-content\/uploads\/2025\/09\/QTYtTcFOo_720x0__1.jpg\"\/>Scaloni, la intimidad de un l\u00edder inesperado, de Diego Borinskyd (Sudamericana). Foto: gentileza.<\/p>\n<p>Scaloni, la intimidad de un l\u00edder inesperado, de Diego Borinsky (Sudamericana)<\/p>\n<p>La biograf\u00eda oficial del entrenador campe\u00f3n del mundo traza un retrato \u00edntimo y coral con m\u00e1s de 40 voces, incluida la de Lionel Messi. Desde su infancia hasta el Mundial de Qatar, el libro muestra c\u00f3mo un hombre com\u00fan logr\u00f3 guiar a la Argentina hacia la gloria eterna.<\/p>\n","protected":false},"excerpt":{"rendered":"La ciudad se viste de sol y colores y las librer\u00edas se suman al esp\u00edritu primaveral con los&hellip;\n","protected":false},"author":2,"featured_media":140330,"comment_status":"","ping_status":"","sticky":false,"template":"","format":"standard","meta":{"footnotes":""},"categories":[172],"tags":[224,146,147,25,24,225,23],"class_list":{"0":"post-140329","1":"post","2":"type-post","3":"status-publish","4":"format-standard","5":"has-post-thumbnail","7":"category-libros","8":"tag-books","9":"tag-entertainment","10":"tag-entretenimiento","11":"tag-es","12":"tag-espana","13":"tag-libros","14":"tag-spain"},"share_on_mastodon":{"url":"","error":""},"_links":{"self":[{"href":"https:\/\/www.europesays.com\/es\/wp-json\/wp\/v2\/posts\/140329","targetHints":{"allow":["GET"]}}],"collection":[{"href":"https:\/\/www.europesays.com\/es\/wp-json\/wp\/v2\/posts"}],"about":[{"href":"https:\/\/www.europesays.com\/es\/wp-json\/wp\/v2\/types\/post"}],"author":[{"embeddable":true,"href":"https:\/\/www.europesays.com\/es\/wp-json\/wp\/v2\/users\/2"}],"replies":[{"embeddable":true,"href":"https:\/\/www.europesays.com\/es\/wp-json\/wp\/v2\/comments?post=140329"}],"version-history":[{"count":0,"href":"https:\/\/www.europesays.com\/es\/wp-json\/wp\/v2\/posts\/140329\/revisions"}],"wp:featuredmedia":[{"embeddable":true,"href":"https:\/\/www.europesays.com\/es\/wp-json\/wp\/v2\/media\/140330"}],"wp:attachment":[{"href":"https:\/\/www.europesays.com\/es\/wp-json\/wp\/v2\/media?parent=140329"}],"wp:term":[{"taxonomy":"category","embeddable":true,"href":"https:\/\/www.europesays.com\/es\/wp-json\/wp\/v2\/categories?post=140329"},{"taxonomy":"post_tag","embeddable":true,"href":"https:\/\/www.europesays.com\/es\/wp-json\/wp\/v2\/tags?post=140329"}],"curies":[{"name":"wp","href":"https:\/\/api.w.org\/{rel}","templated":true}]}}