{"id":140383,"date":"2025-09-26T15:38:23","date_gmt":"2025-09-26T15:38:23","guid":{"rendered":"https:\/\/www.europesays.com\/es\/140383\/"},"modified":"2025-09-26T15:38:23","modified_gmt":"2025-09-26T15:38:23","slug":"juan-ortega-y-pablo-aguado","status":"publish","type":"post","link":"https:\/\/www.europesays.com\/es\/140383\/","title":{"rendered":"Juan Ortega y Pablo Aguado"},"content":{"rendered":"<p class=\"paragraph\">La Feria de San Miguel de Sevilla vivir\u00e1 esta viernes 26 de septiembre su antepen\u00faltimo cap\u00edtulo en 2025. <a href=\"https:\/\/www.heraldo.es\/noticias\/ocio-y-cultura\/2025\/09\/25\/horario-donde-ver-gratis-corrida-28septiembre-maestranza-sevilla-morante-roca-rey-1856687.html\" title=\"Horario y d\u00f3nde ver gratis la corrida del 28 de septiembre en La Maestranza de Sevilla: Morante de la Puebla y Roca Rey\" rel=\"nofollow noopener\" target=\"_blank\">La Maestranza vivir\u00e1 una emocionante tarde en la que concurrir\u00e1n dos de los toreros m\u00e1s interesantes del panorama actual<\/a> y, como aliciente, la corrida<b> ser\u00e1 retransmitida en directo <\/b>y de forma gratuita por televisi\u00f3n.\u00a0<\/p>\n<p class=\"paragraph\">La acci\u00f3n en el coso sevillano dar\u00e1 inicio a partir de las 18.30 y se lidiar\u00e1n<b> seis toros de la ganader\u00eda de Victoriano del R\u00edo-Toros de Cort\u00e9s<\/b> para Juan Ortega, David de Miranda (que sustituye a Manzanares) y Pablo Aguado.<\/p>\n<p class=\"paragraph\">Juan Ortega es uno de los toreros del momento.<b> El diestro sevillano representa con su toreo los valores cl\u00e1sicos de la tauromaquia. <\/b>Tom\u00f3 la alternativa el 27 de septiembre de 2014 en la localidad cordobesa de Pozoblanco, con Enrique Ponce y Jos\u00e9 Mar\u00eda Manzanares. Consigui\u00f3 desorejar a un animal de Zalduendo aquella tarde. El 20 de marzo de 2016 confirm\u00f3 la alternativa en Las Ventas compartiendo cartel con Curro D\u00edaz y David Galv\u00e1n. Adem\u00e1s, en Las Ventas, el 15 de agosto de 2018, pase\u00f3 una oreja de un astado de Valdefresno.<\/p>\n<p class=\"paragraph\">Por su parte,<b> el sevillano Pablo Aguado tom\u00f3 la alternativa en 2017 en Sevilla de manos de Ponce y Talavante<\/b>. Dos a\u00f1os despu\u00e9s consegu\u00eda abrir la Puerta del Pr\u00edncipe tras cortar cuatro orejas hist\u00f3ricas a su lote de Jandilla. Confirm\u00f3 alternativa en Madrid en 2018 cortando una oreja a \u2018Bolero\u2019 de Victoriano del R\u00edo. En 2019, dejar\u00eda otra faena hist\u00f3rica en Madrid ante el sexto de Montalvo, perdiendo el gran triunfo por el fallo con los aceros.<\/p>\n<p class=\"paragraph\"><b>El onubense David de Miranda abri\u00f3 la Puerta Grande de Las Ventas el 24 de mayo de 2019, <\/b>d\u00eda de su confirmaci\u00f3n de alternativa. Cort\u00f3 dos orejas al sexto de Juan Pedro Domecq. Le acompa\u00f1aban en el cartel El Juli, que ejerc\u00eda de padrino, y Paco Ure\u00f1a, de testigo. Tom\u00f3 la alternativa en Huelva el 5 de agosto de 2016. Jos\u00e9 Tom\u00e1s le cedi\u00f3 los trastos en presencia de L\u00f3pez Sim\u00f3n. Pase\u00f3 dos orejas del toro de su doctorado, de Victoriano del R\u00edo.<\/p>\n<p class=\"paragraph\"><b>Canal Sur retransmitir\u00e1 en directo la corrida. <\/b>Para ver Canal Sur fuera de Andaluc\u00eda, se pueden emplear varias opciones: Canal Sur tiene su emisi\u00f3n internacional a trav\u00e9s del sat\u00e9lite Hispasat. Tambi\u00e9n est\u00e1 disponible a trav\u00e9s de plataformas de televisi\u00f3n &#8216;online&#8217; como Samsung TV Plus y a trav\u00e9s de su plataforma de contenidos bajo demanda, CanalSur M\u00e1s.<\/p>\n","protected":false},"excerpt":{"rendered":"La Feria de San Miguel de Sevilla vivir\u00e1 esta viernes 26 de septiembre su antepen\u00faltimo cap\u00edtulo en 2025.&hellip;\n","protected":false},"author":2,"featured_media":140384,"comment_status":"","ping_status":"","sticky":false,"template":"","format":"standard","meta":{"footnotes":""},"categories":[277],"tags":[373,1569,168,25,24,319,34395,23,167,807,374],"class_list":{"0":"post-140383","1":"post","2":"type-post","3":"status-publish","4":"format-standard","5":"has-post-thumbnail","7":"category-toreo","8":"tag-bullfighting","9":"tag-corrida","10":"tag-deportes","11":"tag-es","12":"tag-espana","13":"tag-horario","14":"tag-maestranza","15":"tag-spain","16":"tag-sports","17":"tag-television","18":"tag-toreo"},"share_on_mastodon":{"url":"","error":""},"_links":{"self":[{"href":"https:\/\/www.europesays.com\/es\/wp-json\/wp\/v2\/posts\/140383","targetHints":{"allow":["GET"]}}],"collection":[{"href":"https:\/\/www.europesays.com\/es\/wp-json\/wp\/v2\/posts"}],"about":[{"href":"https:\/\/www.europesays.com\/es\/wp-json\/wp\/v2\/types\/post"}],"author":[{"embeddable":true,"href":"https:\/\/www.europesays.com\/es\/wp-json\/wp\/v2\/users\/2"}],"replies":[{"embeddable":true,"href":"https:\/\/www.europesays.com\/es\/wp-json\/wp\/v2\/comments?post=140383"}],"version-history":[{"count":0,"href":"https:\/\/www.europesays.com\/es\/wp-json\/wp\/v2\/posts\/140383\/revisions"}],"wp:featuredmedia":[{"embeddable":true,"href":"https:\/\/www.europesays.com\/es\/wp-json\/wp\/v2\/media\/140384"}],"wp:attachment":[{"href":"https:\/\/www.europesays.com\/es\/wp-json\/wp\/v2\/media?parent=140383"}],"wp:term":[{"taxonomy":"category","embeddable":true,"href":"https:\/\/www.europesays.com\/es\/wp-json\/wp\/v2\/categories?post=140383"},{"taxonomy":"post_tag","embeddable":true,"href":"https:\/\/www.europesays.com\/es\/wp-json\/wp\/v2\/tags?post=140383"}],"curies":[{"name":"wp","href":"https:\/\/api.w.org\/{rel}","templated":true}]}}