{"id":140395,"date":"2025-09-26T15:47:07","date_gmt":"2025-09-26T15:47:07","guid":{"rendered":"https:\/\/www.europesays.com\/es\/140395\/"},"modified":"2025-09-26T15:47:07","modified_gmt":"2025-09-26T15:47:07","slug":"fotos-operacion-sorolla-de-madrid-a-valencia-como-se-muda-un-museo-las-provincias","status":"publish","type":"post","link":"https:\/\/www.europesays.com\/es\/140395\/","title":{"rendered":"FOTOS | &#039;Operaci\u00f3n Sorolla&#039;, de Madrid a Valencia: c\u00f3mo se muda un museo &#8211; Las Provincias"},"content":{"rendered":"<ol>\n<li><a href=\"https:\/\/news.google.com\/rss\/articles\/CBMisAFBVV95cUxNQmVnV2ZRbklGdkRTX194M2pvRnhSNUdoY2ViVzdaMFNWc2NlZlZBbnVrUF82MTlaTFdvOEM0cFF1LWMwUExMdldZcVFudmR4b1B0UldmbFFqSTdieTQ4V2p0QTg1QV9WQkJIaWwydmt1R2E4NVZMSFFsZUVpOEpaU05PSzlNaGQ0V3pTdDh2Y0kzZUZTM2swNU51NFc2NXZkTEs1SHB1cTZ1M2ZyNVNkZNIBtgFBVV95cUxOQlpWdXVKdXQ5ZGQ3RldWUmRmSkQ5WTQtdjlVVlhQVmdRZ1JmZjZlWXpoZUhJVjdMQlBpTDJrOE5QRlpfckI2RWNkcGV6VWhIR3YtTjd6a2l4RU5lYUh2LUFwRkp0NDVORVc2NUxmTWx5UTA0OTBrRzNmSVpSSm1WSE5SNV9sWDd2WnRnQXRVM2tBS005dXR5Z0xCVFJrdWlUX2l1aXJXTm9HS253VmxzSGljWndHdw?oc=5\" target=\"_blank\" rel=\"nofollow noopener\">FOTOS | &#8216;Operaci\u00f3n Sorolla&#8217;, de Madrid a Valencia: c\u00f3mo se muda un museo<\/a>&nbsp;&nbsp;Las Provincias<\/li>\n<li><a href=\"https:\/\/news.google.com\/rss\/articles\/CBMiqAFBVV95cUxOX3IzTjVPaGdsd256cTd6ZThSSzBlY0wwZThQbTlyUlBrRk1DVG84U0ZsajcxbXlvMm5aekJiemdVQjczZ3FGRVY1MDBxaWFMYWNIU2dzTXBveWpmLVlMT3N1WEdLaHA1R3hFdGNORGEtTzNmSlZmLUFzX2FFeWUyZlY4RnljdGxDLVdndWJBdWhLWTdXTEJlXzBnZF9Tc2E0b0lBMzJndmc?oc=5\" target=\"_blank\" rel=\"nofollow noopener\">Intervenci\u00f3n de Netanyahu en la Asamblea de la ONU, en directo<\/a>&nbsp;&nbsp;El Correo<\/li>\n<li><a href=\"https:\/\/news.google.com\/rss\/articles\/CBMinAFBVV95cUxPQ0NLdzJFYU9LVXZQZlJ1Vko5U1IwN0Y1SFI4MkFnUmJsYndLdXpuOHlMSzM3YkEydGw3bW15R3lkckhwWjZFY1E5TmdzNWl1MEM5R3hqWEZaUnBFaVFqTlJqNFRLckdydjBlZ3ZaQzdxYmtsYXc5TmpKT3MtQUxDUmxwZ0tnTmVNaThnekZoRjYycVlKVHNfb0FpRWvSAaIBQVVfeXFMTVVWZ1c2MGFvcWN1UVBjejJsZ2lzYjJOc0xuODNQem4zSXZvQnVmamVZOXFvem1MUlptWmhka205dWZpaEtLajhfWHpCVWlkQ1Fja2laM2xBTHJka05PeDd3eW94NXBTYkdUb001MlNWdl9ETlMyWW1nN2dTOF9RTVMxcGtmVnFTaWJQckhicU5RMC1Ra0REbGczTVk4VjBPTW5R?oc=5\" target=\"_blank\" rel=\"nofollow noopener\">\u00c1lex Sola: \u201cLos resultados van a llegar\u201d<\/a>&nbsp;&nbsp;Granada Hoy<\/li>\n<li><a href=\"https:\/\/news.google.com\/rss\/articles\/CBMinwFBVV95cUxQN3BRY3hIOEp0dWZfdUVMX3E0Uk03QzZ3bVExZTFtVWktM2Z5bmNBQkpaUG1pN2ZCd0k2d0pONFAwVHNTbGMyalplUVdYLUQ4UmQ1U0N2TWJMaE8wYUh2M1FaTUZla0VYRGZGUS1VcFZsckI3b2xTclNTNGI1TmlzNWpuYndEQUF1cFRNUHlLeFJucVN5QmFINDJfOUktc2M?oc=5\" target=\"_blank\" rel=\"nofollow noopener\">Queda confirmado lo de Curro S\u00e1nchez<\/a>&nbsp;&nbsp;Estadio Deportivo<\/li>\n<li><a href=\"https:\/\/news.google.com\/rss\/articles\/CBMieEFVX3lxTE1jWS1OMVBtQVFIX2Zka1RUTWpPM2RZNklKQ2lIN1ozMzduT09vU0FsZURvcG8tV2FfYVRGRndwYkhVRWJnSzh3UUtiUUQ4TlhZR1lXc1pEMlRFT3BQV3VfbDFYLW1oVnRlUk5lTWZoMmY0Unh3ZlVReQ?oc=5\" target=\"_blank\" rel=\"nofollow noopener\">Podcast | Empate del Granada en Burgos que sabe a poco<\/a>&nbsp;&nbsp;GranadaDigital<\/li>\n<\/ol>\n","protected":false},"excerpt":{"rendered":"FOTOS | &#8216;Operaci\u00f3n Sorolla&#8217;, de Madrid a Valencia: c\u00f3mo se muda un museo&nbsp;&nbsp;Las Provincias Intervenci\u00f3n de Netanyahu en&hellip;\n","protected":false},"author":2,"featured_media":140396,"comment_status":"","ping_status":"","sticky":false,"template":"","format":"standard","meta":{"footnotes":""},"categories":[173],"tags":[229,233,231,230,232,234,146,147,25,24,1016,205,23124,470,2885,471,23,235],"class_list":{"0":"post-140395","1":"post","2":"type-post","3":"status-publish","4":"format-standard","5":"has-post-thumbnail","7":"category-arte-y-diseno","8":"tag-arte","9":"tag-arte-y-diseno","10":"tag-arts","11":"tag-arts-and-design","12":"tag-design","13":"tag-diseno","14":"tag-entertainment","15":"tag-entretenimiento","16":"tag-es","17":"tag-espana","18":"tag-fotos","19":"tag-madrid","20":"tag-muda","21":"tag-museo","22":"tag-operacion","23":"tag-sorolla","24":"tag-spain","25":"tag-valencia"},"share_on_mastodon":{"url":"","error":""},"_links":{"self":[{"href":"https:\/\/www.europesays.com\/es\/wp-json\/wp\/v2\/posts\/140395","targetHints":{"allow":["GET"]}}],"collection":[{"href":"https:\/\/www.europesays.com\/es\/wp-json\/wp\/v2\/posts"}],"about":[{"href":"https:\/\/www.europesays.com\/es\/wp-json\/wp\/v2\/types\/post"}],"author":[{"embeddable":true,"href":"https:\/\/www.europesays.com\/es\/wp-json\/wp\/v2\/users\/2"}],"replies":[{"embeddable":true,"href":"https:\/\/www.europesays.com\/es\/wp-json\/wp\/v2\/comments?post=140395"}],"version-history":[{"count":0,"href":"https:\/\/www.europesays.com\/es\/wp-json\/wp\/v2\/posts\/140395\/revisions"}],"wp:featuredmedia":[{"embeddable":true,"href":"https:\/\/www.europesays.com\/es\/wp-json\/wp\/v2\/media\/140396"}],"wp:attachment":[{"href":"https:\/\/www.europesays.com\/es\/wp-json\/wp\/v2\/media?parent=140395"}],"wp:term":[{"taxonomy":"category","embeddable":true,"href":"https:\/\/www.europesays.com\/es\/wp-json\/wp\/v2\/categories?post=140395"},{"taxonomy":"post_tag","embeddable":true,"href":"https:\/\/www.europesays.com\/es\/wp-json\/wp\/v2\/tags?post=140395"}],"curies":[{"name":"wp","href":"https:\/\/api.w.org\/{rel}","templated":true}]}}