{"id":140415,"date":"2025-09-26T15:57:09","date_gmt":"2025-09-26T15:57:09","guid":{"rendered":"https:\/\/www.europesays.com\/es\/140415\/"},"modified":"2025-09-26T15:57:09","modified_gmt":"2025-09-26T15:57:09","slug":"la-ue-confia-en-quedar-exenta-de-los-aranceles-del-100-a-los-farmacos-por-el-acuerdo-con-trump-de-este-verano-internacional","status":"publish","type":"post","link":"https:\/\/www.europesays.com\/es\/140415\/","title":{"rendered":"La UE conf\u00eda en quedar exenta de los aranceles del 100% a los f\u00e1rmacos por el acuerdo con Trump de este verano | Internacional"},"content":{"rendered":"<p class=\"\">La Comisi\u00f3n Europea conf\u00eda en que <a href=\"https:\/\/elpais.com\/internacional\/2025-09-26\/trump-impondra-aranceles-del-100-a-los-farmacos-que-no-se-produzcan-en-estados-unidos.html\" target=\"_self\" rel=\"nofollow noopener\" title=\"https:\/\/elpais.com\/internacional\/2025-09-26\/trump-impondra-aranceles-del-100-a-los-farmacos-que-no-se-produzcan-en-estados-unidos.html\">el anuncio del presidente de Estados Unidos, Donald Trump<\/a>, de que impondr\u00e1 aranceles del 100% a las importaciones de f\u00e1rmacos no le afecte. Y lo hace bas\u00e1ndose en el comunicado conjunto que Bruselas y Washington emitieron <a href=\"https:\/\/policy.trade.ec.europa.eu\/news\/joint-statement-united-states-european-union-framework-agreement-reciprocal-fair-and-balanced-trade-2025-08-21_en\" target=\"_self\" rel=\"nofollow noopener\" title=\"https:\/\/policy.trade.ec.europa.eu\/news\/joint-statement-united-states-european-union-framework-agreement-reciprocal-fair-and-balanced-trade-2025-08-21_en\">el pasado 21 de agosto sobre el acuerdo comercial<\/a> al que ambas partes llegaron a finales de julio: \u201cLos Estados Unidos tienen la intenci\u00f3n de garantizar sin demora que el tipo arancelario [&#8230;] sobre productos farmac\u00e9uticos, semiconductores y madera no supere el 15%\u201d, dice el texto expl\u00edcitamente, como ha recordado el portavoz del Ejecutivo comunitario, Olof Gill, para asuntos comerciales. <\/p>\n<p class=\"\">No es este el \u00fanico elemento que lleva a la Comisi\u00f3n a confiar en que Estados Unidos cumplir\u00e1 con lo acordado este verano en Escocia entre Trump y la presidenta, Ursula von der Leyen. En Bruselas ponen otro ejemplo de esta misma semana: en el club de golf de Turnberry, Washington se comprometi\u00f3 a que los coches europeos pagar\u00edan un arancel del 15% y no del 25% como sucede para los de todo el mundo desde marzo; ese compromiso ha comenzado a aplicarse de forma retroactiva desde este jueves. Tambi\u00e9n la exenci\u00f3n arancelaria para las exportaciones aeron\u00e1uticas europeas est\u00e1n ya aplic\u00e1ndose. <\/p>\n<p class=\"\">Hay que tener en cuenta que, incluso cumpli\u00e9ndose el pacto de Escocia, habr\u00e1 un incremento en los aranceles a productos farmac\u00e9uticos. Ese sector, como los otros sobre los que hab\u00eda investigaciones abiertas, no estaba incluido en la tanda de aranceles masivos que Trump anunci\u00f3 a comienzos de abril y que abrieron la guerra comercial de Estados Unidos con todo el mundo. Y, por tanto, segu\u00edan con el arancel previo, que en el caso de los medicamentos era del 0%. Ser\u00e1 a partir del 1 de octubre cuando se incrementen los derechos de entrada en las aduanas que pagan este tipo de productos en la potencia norteamericana. <\/p>\n<p class=\"\">La menci\u00f3n que hay en el comunicado conjunto de agosto a \u201cproductos farmac\u00e9uticos, semiconductores y madera\u201d serv\u00eda, en teor\u00eda, para aclarar lo que hab\u00edan acordado Bruselas y Washington sobre tres sectores sobre los que la Administraci\u00f3n estadounidense ten\u00eda abierta una investigaci\u00f3n. El objetivo de los expedientes sobre los productos de estos tres sectores es demostrar que su venta a Estados Unidos no cumple con las normas internacionales del comercio y, por tanto, Washington tiene derecho a imponer un arancel compensatorio. <\/p>\n<p class=\"\"><a href=\"https:\/\/elpais.com\/internacional\/2025-08-07\/medicamentos-semiconductores-y-productos-exentos-las-incognitas-por-despejar-de-los-aranceles-de-trump-a-la-ue.html\" target=\"_self\" rel=\"nofollow noopener\" title=\"https:\/\/elpais.com\/internacional\/2025-08-07\/medicamentos-semiconductores-y-productos-exentos-las-incognitas-por-despejar-de-los-aranceles-de-trump-a-la-ue.html\">Esas inclusiones no estaban claras cuando la delegaci\u00f3n europea se march\u00f3 del club de golf de Turnberry<\/a>. Los portavoces de la Comisi\u00f3n repitieron que s\u00ed una y otra vez ese d\u00eda y en los posteriores. Sin embargo, lo que dijo Trump antes y despu\u00e9s del encuentro sembr\u00f3 muchas dudas hasta que lleg\u00f3 ese comunicado conjunto. Lleg\u00f3 a apuntar a aranceles del 150% y del 250%. Finalmente, el anuncio ha sido que a partir del 1 de octubre ser\u00e1n del 100%. <\/p>\n<p class=\"\">Fuentes de Bruselas explican que el comisario de Comercio, Maros Sefcovic, y el representante de Comercio de Estados Unidos, Jamieson Greer, hablaron esta semana en Indonesia. El tema que abordaron ambos fue la aplicaci\u00f3n y el despliegue del acuerdo alcanzado en julio, y ya despu\u00e9s buscar salidas a otros frentes abiertos entre ambas partes como los aranceles al acero y el aluminio, que siguen en el 50% desde mayo. <\/p>\n","protected":false},"excerpt":{"rendered":"La Comisi\u00f3n Europea conf\u00eda en que el anuncio del presidente de Estados Unidos, Donald Trump, de que impondr\u00e1&hellip;\n","protected":false},"author":2,"featured_media":140416,"comment_status":"","ping_status":"","sticky":false,"template":"","format":"standard","meta":{"footnotes":""},"categories":[42],"tags":[5854,17,18,5853,352,629,13,14,11,61,62,63,64,19,20,5698,9,10,15,16,952,1670,12,21,22,1617,65,66,67],"class_list":{"0":"post-140415","1":"post","2":"type-post","3":"status-publish","4":"format-standard","5":"has-post-thumbnail","7":"category-internacional","8":"tag-balanza-comercial","9":"tag-breaking-news","10":"tag-breakingnews","11":"tag-comercio-internacional","12":"tag-donald-trump","13":"tag-estados-unidos","14":"tag-featured-news","15":"tag-featurednews","16":"tag-headlines","17":"tag-internacional","18":"tag-international","19":"tag-international-news","20":"tag-internationalnews","21":"tag-latest-news","22":"tag-latestnews","23":"tag-medicamentos","24":"tag-news","25":"tag-noticias","26":"tag-noticias-destacadas","27":"tag-noticiasdestacadas","28":"tag-politica","29":"tag-politicos","30":"tag-titulares","31":"tag-ultimas-noticias","32":"tag-ultimasnoticias","33":"tag-union-europea","34":"tag-world","35":"tag-world-news","36":"tag-worldnews"},"share_on_mastodon":{"url":"","error":""},"_links":{"self":[{"href":"https:\/\/www.europesays.com\/es\/wp-json\/wp\/v2\/posts\/140415","targetHints":{"allow":["GET"]}}],"collection":[{"href":"https:\/\/www.europesays.com\/es\/wp-json\/wp\/v2\/posts"}],"about":[{"href":"https:\/\/www.europesays.com\/es\/wp-json\/wp\/v2\/types\/post"}],"author":[{"embeddable":true,"href":"https:\/\/www.europesays.com\/es\/wp-json\/wp\/v2\/users\/2"}],"replies":[{"embeddable":true,"href":"https:\/\/www.europesays.com\/es\/wp-json\/wp\/v2\/comments?post=140415"}],"version-history":[{"count":0,"href":"https:\/\/www.europesays.com\/es\/wp-json\/wp\/v2\/posts\/140415\/revisions"}],"wp:featuredmedia":[{"embeddable":true,"href":"https:\/\/www.europesays.com\/es\/wp-json\/wp\/v2\/media\/140416"}],"wp:attachment":[{"href":"https:\/\/www.europesays.com\/es\/wp-json\/wp\/v2\/media?parent=140415"}],"wp:term":[{"taxonomy":"category","embeddable":true,"href":"https:\/\/www.europesays.com\/es\/wp-json\/wp\/v2\/categories?post=140415"},{"taxonomy":"post_tag","embeddable":true,"href":"https:\/\/www.europesays.com\/es\/wp-json\/wp\/v2\/tags?post=140415"}],"curies":[{"name":"wp","href":"https:\/\/api.w.org\/{rel}","templated":true}]}}