{"id":140423,"date":"2025-09-26T16:01:08","date_gmt":"2025-09-26T16:01:08","guid":{"rendered":"https:\/\/www.europesays.com\/es\/140423\/"},"modified":"2025-09-26T16:01:08","modified_gmt":"2025-09-26T16:01:08","slug":"me-gustaria-que-morante-de-la-puebla-fuera-el-padrino-de-mi-alternativa","status":"publish","type":"post","link":"https:\/\/www.europesays.com\/es\/140423\/","title":{"rendered":"Me gustar\u00eda que Morante de la Puebla fuera el padrino de mi alternativa"},"content":{"rendered":"<p>Crist\u00f3bal de Lara Ponce naci\u00f3 en Villalba del Alcor y, a pesar de tener su mente en la fiesta nacional, saca tiempo para estudiar administraci\u00f3n.<\/p>\n<p>Pero vamos a centrarnos en su gran pasi\u00f3n y conozcamos su corta, pero apasionante, carrera taurina hasta el momento. Estos son los festejos donde ha actuado Crist\u00f3bal:<\/p>\n<p><img loading=\"lazy\" decoding=\"async\" width=\"1080\" height=\"1920\" alt=\"Cristo\u0301bal de Lara \" src=\"https:\/\/www.europesays.com\/es\/wp-content\/uploads\/2025\/09\/2025092614392721000.jpg\" class=\"lazyload\"\/><br \/>\nCristo\u0301bal de Lara<\/p>\n<p>Festejos en 2024:<\/p>\n<p>\u2043 Bols\u00edn oportunidad Taurina en la provincia de Extremadura, clasificado para las semifinales, pasando a esa ronda por un tentadero en la ganader\u00eda de Jos\u00e9 Luis Bertol.<\/p>\n<p>\u2043 Becerrada de promoci\u00f3n de Andaluc\u00eda, televisada por canal sur.<\/p>\n<p>\u2043 Tentadero de machos en Beas (Huelva)<\/p>\n<p>\u2043 Novillada en Tamames (Salamanca). Debut de novillero sin picadores.<\/p>\n<p>\u2043 Festival en Camas (Sevilla). 1 oreja a un eral de Albarreal.<\/p>\n<p>\u2043 Novillada en Villarrasa (Huelva). 2 orejas y puerta grande.<\/p>\n<p>Para su primer a\u00f1o en la profesi\u00f3n no estuvo nada mal, pero en esta, su segunda temporada, su presencia en los ruedos, donde ha hecho el pase\u00edllo, todo ha sido mejor\u00a0dando pasos importantes.<\/p>\n<p>Festejos en 2025:<\/p>\n<p>\u2043\u00a0Participante del Bols\u00edn Mirobrigense (Ciudad Rodrigo).<\/p>\n<p>\u2043\u00a0Novillada en Beas (Huelva). 2 orejas y puerta grande.<\/p>\n<p>\u2043\u00a0Tentadero de machos en San Juan del Puerto (Huelva).<\/p>\n<p>\u2043\u00a0Novillada en Villalba del Alcor. 2 orejas y 1 rabo y puerta grande.<\/p>\n<p>\u2043\u00a0Novillada en Campofr\u00edo. 1 oreja<\/p>\n<p>\u2043\u00a0Novillada en la plaza de toros La Merced (Huelva). 2 orejas y puerta grande.<\/p>\n<p>\u2043\u00a0Novillada en Navas de San Juan (Ja\u00e9n) del ciclo de promoci\u00f3n de novilladas sin caballo de Andaluc\u00eda (televisado por canal sur). 1 oreja<\/p>\n<p>\u2043\u00a0Novillada en Castellar.<\/p>\n<p>\u2043\u00a0Ganador del bols\u00edn I bols\u00edn taurino \u00abPablo G\u00f3mez Terr\u00f3n\u201d en Trigueros (Huelva).<\/p>\n<p>\u2043\u00a0Novillada en La Algaba (Sevilla). 2 orejas y puerta grande.<\/p>\n<p>Cuando llamo a este novillero para proponerle charlar un ratito y que los lectores de Diario de Huelva lo conozcan un poquito m\u00e1s, acepta encantado y este es el resultado:<\/p>\n<p><strong>P.- Crist\u00f3bal, \u00bfcu\u00e1ndo naci\u00f3 tu afici\u00f3n por el mundo del toro?<\/strong><\/p>\n<p>R.- Mi afici\u00f3n viene desde que era chico, no tengo recuerdos de cuando dije me gustan los toros, pero desde que tengo uso de raz\u00f3n siempre he estado jugando al toro y viendo toros.<\/p>\n<p><strong>P.- \u00bfTienes antecedentes en tu casa de toreros?<\/strong><\/p>\n<p>R &#8211; Un t\u00edo de mi padre lleg\u00f3 a torear algunas novilladas, pero no lleg\u00f3. Mi familia, al ser muy taurina y vivir en un pueblo taurino, siempre ha\u00a0estado viendo y hablando de toros.<\/p>\n<p><strong>P.- \u00bfCon qu\u00e9 edad te pusiste delante de un eral y qu\u00e9\u00a0fue lo que sentiste?<\/strong><\/p>\n<p>R.- La primera vez que me puse delante con una muleta fue hace 3 a\u00f1os. Y sent\u00ed unas sensaciones \u00fanicas, ese miedo, la incertidumbre, alegr\u00eda\u2026 Sentimientos \u00fanicos\u00a0que, gracias a Dios, cuando toreo las sigo sintiendo como el primer d\u00eda y con muchas ganas de seguir.<\/p>\n<p><img loading=\"lazy\" decoding=\"async\" width=\"1920\" height=\"1281\" alt=\"En un festival toreando de corto \" src=\"https:\/\/www.europesays.com\/es\/wp-content\/uploads\/2025\/09\/2025092614400315911.jpg\" class=\"lazyload\" \/><br \/>\nEn un festival toreando de corto<\/p>\n<p><strong>P.- \u00bfQui\u00e9nes son tus toreros de referencia?<\/strong><\/p>\n<p>R.- Jos\u00e9 Luis, qu\u00e9\u00a0dif\u00edcil me lo pones, pues me suelo fijar en todos los toreros para poder coger lo bueno y lo que me gusta de cada uno, pero mis referentes en los que m\u00e1s me he fijado son: Morante de la Puebla, Rafael de Paula, Curro Romero, Manzanares padre, Juan Ortega y Paquirri.<\/p>\n<p><strong>P.- \u00bfC\u00f3mo definir\u00edas tu toreo?<\/strong><\/p>\n<p>R &#8211; Mi toreo es poderoso y art\u00edstico, que es lo que busco cada vez que me pongo delante del novillo, para poder expresar lo que siento y que le llegue al aficionado.<\/p>\n<p><strong>P.- \u00bfD\u00f3nde pretendes llegar en este mundo del toro?<\/strong><\/p>\n<p>R.- Mi sue\u00f1o es ser figura del toreo. Para ello hay que luchar mucho, seguir disfrutando del camino que, aunque sea duro y dif\u00edcil, hay que disfrutarlo.\u00a0<\/p>\n<p><strong>P.- \u00bfC\u00f3mo te ha ido la temporada?<\/strong><\/p>\n<p>R.- Una temporada muy bonita en mi primer a\u00f1o como novillero sin caballos, con triunfos y tardes importantes en las que he podido disfrutar mucho y darme a conocer poco a poco.\u00a0<\/p>\n<p><strong>P.- \u00bfPor qu\u00e9 resulta tan dif\u00edcil llegar a ser figura del toreo?<\/strong><\/p>\n<p>R.- El camino no es f\u00e1cil, el d\u00eda a d\u00eda cuenta mucho con el sacrificio, la constancia y el trabajo diario.<\/p>\n<p><strong>P.- \u00bfD\u00f3nde destacas m\u00e1s, con el capote o la muleta?<\/strong><\/p>\n<p>R.- Destacar no s\u00e9, eso los aficionados son los que lo tendr\u00edan que decidir, pero lo que m\u00e1s me gusta y disfruto cuando me sale\u00a0es torear a la ver\u00f3nica y al natural con la mano izquierda.\u00a0<\/p>\n<p><img loading=\"lazy\" decoding=\"async\" width=\"1170\" height=\"764\" alt=\"Instrumentando con la mano de la verdad\u00a0\" src=\"https:\/\/www.europesays.com\/es\/wp-content\/uploads\/2025\/09\/2025092614403571609.jpg\" class=\"lazyload\" \/><br \/>\nInstrumentando con la mano de la verdad\u00a0<\/p>\n<p><strong>P.- \u00bfQu\u00e9 opinas de las antitaurinos?<\/strong><\/p>\n<p>R.- Los respeto, y es normal que los haya, pero solo con que nos respeten me conformo. Esas personas que se manifiestan por las calles no son antitaurinos son gentes de reba\u00f1o del gobierno, as\u00ed va todo en el pa\u00eds\u2026 Poco m\u00e1s que a\u00f1adir viendo c\u00f3mo va todo en el pa\u00eds.\u00a0<\/p>\n<p><strong>P -\u00bfCu\u00e1les son tus metas m\u00e1s inmediatas?\u00a0<\/strong><\/p>\n<p>R.- Mis metas m\u00e1s inmediatas es triunfar en toda plaza que vaya a torear y seguir disfrutando de la profesi\u00f3n.<\/p>\n<p><img loading=\"lazy\" decoding=\"async\" width=\"1066\" height=\"1600\" alt=\"Ya conoce la sensacio\u0301n de abrir puertas grandes\" src=\"https:\/\/www.europesays.com\/es\/wp-content\/uploads\/2025\/09\/2025092614410916448.jpg\" class=\"lazyload\"\/><br \/>\nYa conoce la sensacio\u0301n de abrir puertas grandes<\/p>\n<p><strong>P.- \u00bfQui\u00e9n te compr\u00f3 t\u00fa primer traje de torear ?<\/strong><\/p>\n<p>R.- Mi primer traje lo compr\u00e9 de segunda mano y me ayud\u00f3 mi familia para comprarlo.<\/p>\n<p><strong>P.- \u00bfD\u00f3nde te gustar\u00eda tomar la alternativa y quien ser\u00eda el padrino y el testigo?\u00a0\u00a0<\/strong><\/p>\n<p>R.- En la Real Maestranza de caballer\u00edas de Sevilla, de padrino Morante de la Puebla y como testigo Juan Ortega.<\/p>\n<p><img loading=\"lazy\" decoding=\"async\" width=\"1920\" height=\"1280\" alt=\"Derrochando valenti\u0301a \" src=\"https:\/\/www.europesays.com\/es\/wp-content\/uploads\/2025\/09\/2025092614420938737.jpg\" class=\"lazyload\" \/><br \/>\nDerrochando valenti\u0301a<\/p>\n<p>Crist\u00f3bal, que ha sido todo un placer que te hayas asomado a esta ventana publica\u00a0donde he comprobado que tienes una gran ilusi\u00f3n por hacerte un hueco en esta dif\u00edcil profesi\u00f3n y que, para ello, no est\u00e1s regateando ning\u00fan tipo de esfuerzo.<\/p>\n<p>Te deseo toda clase de \u00e9xitos, que los astados que te toquen en los festejos embistan, que la suerte te acompa\u00f1e y que todos tus sue\u00f1os se vayan cumpliendo.<\/p>\n","protected":false},"excerpt":{"rendered":"Crist\u00f3bal de Lara Ponce naci\u00f3 en Villalba del Alcor y, a pesar de tener su mente en la&hellip;\n","protected":false},"author":2,"featured_media":140424,"comment_status":"","ping_status":"","sticky":false,"template":"","format":"standard","meta":{"footnotes":""},"categories":[277],"tags":[373,168,3141,25,24,4397,23,167,374],"class_list":{"0":"post-140423","1":"post","2":"type-post","3":"status-publish","4":"format-standard","5":"has-post-thumbnail","7":"category-toreo","8":"tag-bullfighting","9":"tag-deportes","10":"tag-entrevista","11":"tag-es","12":"tag-espana","13":"tag-huelva","14":"tag-spain","15":"tag-sports","16":"tag-toreo"},"share_on_mastodon":{"url":"","error":""},"_links":{"self":[{"href":"https:\/\/www.europesays.com\/es\/wp-json\/wp\/v2\/posts\/140423","targetHints":{"allow":["GET"]}}],"collection":[{"href":"https:\/\/www.europesays.com\/es\/wp-json\/wp\/v2\/posts"}],"about":[{"href":"https:\/\/www.europesays.com\/es\/wp-json\/wp\/v2\/types\/post"}],"author":[{"embeddable":true,"href":"https:\/\/www.europesays.com\/es\/wp-json\/wp\/v2\/users\/2"}],"replies":[{"embeddable":true,"href":"https:\/\/www.europesays.com\/es\/wp-json\/wp\/v2\/comments?post=140423"}],"version-history":[{"count":0,"href":"https:\/\/www.europesays.com\/es\/wp-json\/wp\/v2\/posts\/140423\/revisions"}],"wp:featuredmedia":[{"embeddable":true,"href":"https:\/\/www.europesays.com\/es\/wp-json\/wp\/v2\/media\/140424"}],"wp:attachment":[{"href":"https:\/\/www.europesays.com\/es\/wp-json\/wp\/v2\/media?parent=140423"}],"wp:term":[{"taxonomy":"category","embeddable":true,"href":"https:\/\/www.europesays.com\/es\/wp-json\/wp\/v2\/categories?post=140423"},{"taxonomy":"post_tag","embeddable":true,"href":"https:\/\/www.europesays.com\/es\/wp-json\/wp\/v2\/tags?post=140423"}],"curies":[{"name":"wp","href":"https:\/\/api.w.org\/{rel}","templated":true}]}}