{"id":140427,"date":"2025-09-26T16:06:37","date_gmt":"2025-09-26T16:06:37","guid":{"rendered":"https:\/\/www.europesays.com\/es\/140427\/"},"modified":"2025-09-26T16:06:37","modified_gmt":"2025-09-26T16:06:37","slug":"alonso-cae-eliminado-en-la-primera-ronda-de-la-calificacion-de-belgica","status":"publish","type":"post","link":"https:\/\/www.europesays.com\/es\/140427\/","title":{"rendered":"Alonso cae eliminado en la primera ronda de la calificaci\u00f3n de B\u00e9lgica"},"content":{"rendered":"<p><strong>VAL\u00c8NCIA<\/strong>.\u00a0El espa\u00f1ol Fernando Alonso (Aston Martin), con el decimonoveno tiempo, y el argentino Franco Colapinto (Alpine), con el decimos\u00e9ptimo, quedaron eliminados este s\u00e1bado en la primera ronda (Q1) de la calificaci\u00f3n para el Gran Premio de B\u00e9lgica, el decimotercero del Mundial de F\u00f3rmula Uno, que se disputa en el circuito de Spa-Francorchamps.<\/p>\n<p>El s\u00e9ptuple campe\u00f3n mundial ingl\u00e9s Lewis Hamilton (Ferrari), al que se le anul\u00f3 una vuelta por rebasar los l\u00edmites de pista en la cuarta de las 19 curvas del circuito belga, tambi\u00e9n cay\u00f3 en la primera ronda, al igual que el canadiense Lance Stroll, compa\u00f1ero de Alonso en Aston Martin; que saldr\u00e1 vig\u00e9simo este domingo.<\/p>\n<p>El ingl\u00e9s Lando Norris (McLaren) marc\u00f3 el mejor tiempo de la ronda, al cubrir los 7.004 metros de la legendaria pista de Las \u00c1rdenas -la m\u00e1s larga del campeonato- en un minuto, 41 segundos y diez mil\u00e9simas, 11 menos que su compa\u00f1ero, el australiano Oscar Piastri -l\u00edder del Mundial- y con 324 de ventaja sobre el cu\u00e1druple campe\u00f3n mundial neerland\u00e9s Max Verstappen (Red Bull); que marc\u00f3 el tercer tiempo, al igual que los anteriores, con el neum\u00e1tico de compuesto blando.<\/p>\n<p>La segunda ronda (Q2) se disputar\u00e1 a continuaci\u00f3n.<\/p>\n<p>&#8211; Eliminados en la primera ronda:<\/p>\n<p>16. Lewis Hamilton (Ferrari): 1:41,939<\/p>\n<p>17. Franco Colapinto (Alpine): 1:42,022<\/p>\n<p>18. Andrea Kimi Antonelli (Mercedes): 1:42,139<\/p>\n<p>19. Fernando Alonso (Aston Martin): 1:42,385<\/p>\n<p>20. Lance Stroll (Aston Martin): 1:42,502<\/p>\n","protected":false},"excerpt":{"rendered":"VAL\u00c8NCIA.\u00a0El espa\u00f1ol Fernando Alonso (Aston Martin), con el decimonoveno tiempo, y el argentino Franco Colapinto (Alpine), con el&hellip;\n","protected":false},"author":2,"featured_media":140428,"comment_status":"","ping_status":"","sticky":false,"template":"","format":"standard","meta":{"footnotes":""},"categories":[270],"tags":[168,25,24,306,271,272,23,167],"class_list":{"0":"post-140427","1":"post","2":"type-post","3":"status-publish","4":"format-standard","5":"has-post-thumbnail","7":"category-formula-1","8":"tag-deportes","9":"tag-es","10":"tag-espana","11":"tag-f1","12":"tag-formula-1","13":"tag-formula1","14":"tag-spain","15":"tag-sports"},"share_on_mastodon":{"url":"","error":""},"_links":{"self":[{"href":"https:\/\/www.europesays.com\/es\/wp-json\/wp\/v2\/posts\/140427","targetHints":{"allow":["GET"]}}],"collection":[{"href":"https:\/\/www.europesays.com\/es\/wp-json\/wp\/v2\/posts"}],"about":[{"href":"https:\/\/www.europesays.com\/es\/wp-json\/wp\/v2\/types\/post"}],"author":[{"embeddable":true,"href":"https:\/\/www.europesays.com\/es\/wp-json\/wp\/v2\/users\/2"}],"replies":[{"embeddable":true,"href":"https:\/\/www.europesays.com\/es\/wp-json\/wp\/v2\/comments?post=140427"}],"version-history":[{"count":0,"href":"https:\/\/www.europesays.com\/es\/wp-json\/wp\/v2\/posts\/140427\/revisions"}],"wp:featuredmedia":[{"embeddable":true,"href":"https:\/\/www.europesays.com\/es\/wp-json\/wp\/v2\/media\/140428"}],"wp:attachment":[{"href":"https:\/\/www.europesays.com\/es\/wp-json\/wp\/v2\/media?parent=140427"}],"wp:term":[{"taxonomy":"category","embeddable":true,"href":"https:\/\/www.europesays.com\/es\/wp-json\/wp\/v2\/categories?post=140427"},{"taxonomy":"post_tag","embeddable":true,"href":"https:\/\/www.europesays.com\/es\/wp-json\/wp\/v2\/tags?post=140427"}],"curies":[{"name":"wp","href":"https:\/\/api.w.org\/{rel}","templated":true}]}}