{"id":140461,"date":"2025-09-26T16:25:08","date_gmt":"2025-09-26T16:25:08","guid":{"rendered":"https:\/\/www.europesays.com\/es\/140461\/"},"modified":"2025-09-26T16:25:08","modified_gmt":"2025-09-26T16:25:08","slug":"mcgregor-pide-100-millones-y-visas-doradas-para-pelear-en-ufc-casa-blanca-tudn-mas-deportes","status":"publish","type":"post","link":"https:\/\/www.europesays.com\/es\/140461\/","title":{"rendered":"McGregor pide 100 millones y visas doradas para pelear en UFC Casa Blanca | TUDN M\u00e1s Deportes"},"content":{"rendered":"<p>Como si fuera poco, el irland\u00e9s exige al gobierno de <b> Donald Trump<\/b> un trato muy especial para familiares y amigos que buscan viajar a Estados Unidos para el evento.<\/p>\n<p>Por medio de su cuenta en &#8216;X&#8217;, McGregor lanz\u00f3 as\u00ed su prepotente exigencia:<\/p>\n<p>\u00ab100 millones para pelearen la Casa Blanca adem\u00e1s de 100 visas doradas para m\u00ed, mi familia y amigos. Espero con ansias entretener al mundo de los deportes de contacto una vez m\u00e1s. \u00a1Un placer que nunca doy por sentado!\u00bb.<\/p>\n<p>McGregor buscar\u00eda ganar 15 millones m\u00e1s que en su pelea m\u00e1s rentable de toda su carrera, es decir, m\u00e1s de los 85 millones que se embols\u00f3 en 2017 por enfrentar a Floyd Mayweather Jr., logrando el r\u00e9cord de la contienda con mayores ingresos en la historia con un total de 600 millones recaudados.<\/p>\n","protected":false},"excerpt":{"rendered":"Como si fuera poco, el irland\u00e9s exige al gobierno de Donald Trump un trato muy especial para familiares&hellip;\n","protected":false},"author":2,"featured_media":140462,"comment_status":"","ping_status":"","sticky":false,"template":"","format":"standard","meta":{"footnotes":""},"categories":[276],"tags":[43803,4329,168,25,24,351,23,167,343,43804],"class_list":{"0":"post-140461","1":"post","2":"type-post","3":"status-publish","4":"format-standard","5":"has-post-thumbnail","7":"category-ufc","8":"tag-100-millones","9":"tag-casa-blanca","10":"tag-deportes","11":"tag-es","12":"tag-espana","13":"tag-mcgregor","14":"tag-spain","15":"tag-sports","16":"tag-ufc","17":"tag-visa-dorada"},"share_on_mastodon":{"url":"","error":""},"_links":{"self":[{"href":"https:\/\/www.europesays.com\/es\/wp-json\/wp\/v2\/posts\/140461","targetHints":{"allow":["GET"]}}],"collection":[{"href":"https:\/\/www.europesays.com\/es\/wp-json\/wp\/v2\/posts"}],"about":[{"href":"https:\/\/www.europesays.com\/es\/wp-json\/wp\/v2\/types\/post"}],"author":[{"embeddable":true,"href":"https:\/\/www.europesays.com\/es\/wp-json\/wp\/v2\/users\/2"}],"replies":[{"embeddable":true,"href":"https:\/\/www.europesays.com\/es\/wp-json\/wp\/v2\/comments?post=140461"}],"version-history":[{"count":0,"href":"https:\/\/www.europesays.com\/es\/wp-json\/wp\/v2\/posts\/140461\/revisions"}],"wp:featuredmedia":[{"embeddable":true,"href":"https:\/\/www.europesays.com\/es\/wp-json\/wp\/v2\/media\/140462"}],"wp:attachment":[{"href":"https:\/\/www.europesays.com\/es\/wp-json\/wp\/v2\/media?parent=140461"}],"wp:term":[{"taxonomy":"category","embeddable":true,"href":"https:\/\/www.europesays.com\/es\/wp-json\/wp\/v2\/categories?post=140461"},{"taxonomy":"post_tag","embeddable":true,"href":"https:\/\/www.europesays.com\/es\/wp-json\/wp\/v2\/tags?post=140461"}],"curies":[{"name":"wp","href":"https:\/\/api.w.org\/{rel}","templated":true}]}}