{"id":140493,"date":"2025-09-26T16:44:13","date_gmt":"2025-09-26T16:44:13","guid":{"rendered":"https:\/\/www.europesays.com\/es\/140493\/"},"modified":"2025-09-26T16:44:13","modified_gmt":"2025-09-26T16:44:13","slug":"brazaletes-negros-agirre-y-manzanera-racing-de-santander-los-dos-futbolistas-que-plantaron-cara-a-las-ultimas-ejecuciones-del-franquismo","status":"publish","type":"post","link":"https:\/\/www.europesays.com\/es\/140493\/","title":{"rendered":"Brazaletes negros: Agirre y Manzanera (Racing de Santander), los dos futbolistas que plantaron cara a las \u00faltimas ejecuciones del franquismo"},"content":{"rendered":"<p class=\"ft-text\">&#8216;\u00bfAlg\u00fan fallecido reciente? \u00bfAlguien por quien guardar luto?&#8217;, debieron de preguntarse los aficionados que aquella tarde de <strong>septiembre de 1975, hace 50 a\u00f1os, <\/strong>se acercaron al viejo estadio de El Sardinero para ver el partido de la cuarta jornada de Liga entre el <a class=\"ft-link ft-link--decoration\" href=\"https:\/\/www.bdfutbol.com\/es\/p\/p.php?id=10834\" rel=\"nofollow noopener\" target=\"_blank\">Racing de Santander y el Elche<\/a>.<\/p>\n<p class=\"ft-text\">Dos futbolistas del equipo local llevaban <a class=\"ft-link ft-link--decoration\" href=\"https:\/\/www.movistarplus.es\/deportes\/programa\/informe-robinson-5\/brazaletes\/ficha?tipo=E&amp;id=1460193\" rel=\"nofollow noopener\" target=\"_blank\">un brazalete negro<\/a> en el brazo izquierdo. <strong>El resto de sus compa\u00f1eros, no. <\/strong>\u00bfC\u00f3mo se explicaba algo as\u00ed?<\/p>\n<p class=\"ft-text\">B\u00e1sicamente, por el contexto pol\u00edtico que viv\u00eda Espa\u00f1a: en los \u00faltimos coletazos del franquismo, el r\u00e9gimen boqueaba como un pez fuera del agua.<\/p>\n<p class=\"ft-text\">La transici\u00f3n a la democracia a\u00fan era una imagen borrosa en el horizonte.<strong> Franco morir\u00eda apenas dos meses m\u00e1s tarde<\/strong>, pero antes de expirar, firm\u00f3 cinco sentencias de muerte contra cinco presos acusados de \u00abterrorismo y agresi\u00f3n a la fuerza armada\u00bb.<\/p>\n<p>Consejo de guerra<\/p>\n<p class=\"ft-text\">Hab\u00edan sido juzgados por <strong>un consejo de guerra.<\/strong> Se les hab\u00eda aplicado la nueva legislaci\u00f3n antiterrorista, pero las pruebas y los testimonios para condenarlos se hab\u00edan obtenido tras un sinf\u00edn de irregularidades y torturas policiales.<strong> <\/strong><\/p>\n<p class=\"ft-text\"><strong>De los once presos inicialmente encausados, <\/strong>el consejo de ministros firm\u00f3 cinco sentencias de muerte y seis indultos.<\/p>\n<p class=\"ft-text\">Pese a la oleada de protestas contra esas sentencias de muerte, se ejecutaron cinco de ellas en las primeras horas del s\u00e1bado 27 de septiembre de 1975. <strong>Jos\u00e9 Humberto Francisco Baena, Ram\u00f3n Garc\u00eda Sanz y Jos\u00e9 Luis S\u00e1nchez Bravo<\/strong>, militantes del Frente Revolucionario Antifascista y Patri\u00f3tico (FRAP), el precursor de los GRAPO, fueron fusilados en Madrid.<\/p>\n<p class=\"ft-text\"><strong>\u00c1ngel Otaegi corri\u00f3 la misma suerte en Burgos y Juan Paredes Manot, alias &#8216;Txiki&#8217;<\/strong>, en Barcelona, ambos acusados de pertenecer a ETA.<\/p>\n<p class=\"ft-text\">La carta que uno de los acusados, el gallego J<strong>os\u00e9 Humberto Francisco Baena<\/strong>, escribi\u00f3 a sus padres horas antes de su ejecuci\u00f3n, trascendi\u00f3 d\u00edas despu\u00e9s:<\/p>\n<blockquote class=\"ft-mol-quote\" data-aida-quote=\"\"><p>Pap\u00e1, mam\u00e1:<\/p>\n<p>Me ejecutar\u00e1n ma\u00f1ana de ma\u00f1ana. Quiero daros \u00e1nimos. Pensad que yo muero, pero que la vida sigue. Cuando me fusilen ma\u00f1ana pedir\u00e9 que no me tapen los ojos, para ver la muerte de frente. Siento tener que dejaros. <\/p>\n<p>Lo siento por vosotros que sois viejos y s\u00e9 que me quer\u00e9is mucho, como yo os quiero. No por m\u00ed. Pero ten\u00e9is que consolaros pensando que ten\u00e9is muchos hijos, que todo el pueblo es vuestro hijo.<\/p>\n<p>\u00bfRecord\u00e1is lo que dije en el juicio? Que mi muerte sea la \u00faltima que dicte un tribunal militar. Ese era mi deseo. Pero tengo la seguridad de que habr\u00e1 muchos m\u00e1s. \u00a1Mala suerte!<\/p>\n<p>Una semana m\u00e1s y cumplir\u00eda 25 a\u00f1os. Muero joven, pero estoy contento y convencido.<\/p>\n<p>Nada m\u00e1s. Un abrazo muy fuerte, el \u00faltimo.<\/p>\n<p>Adi\u00f3s pap\u00e1, adi\u00f3s mam\u00e1.<\/p>\n<p>Vuestro hijo,<\/p>\n<\/blockquote>\n<p class=\"ft-text\">[Roger Mateos, periodista de la agencia EFE, acaba de publicar en Anagrama un libro <strong>sobre el caso de Jos\u00e9 Humberto Baena<\/strong>, el \u00faltimo ejecutado por el franquismo, titulado &#8216;El verano de los inocentes&#8217;. Y la novelista madrile\u00f1a Aroa Moreno Dur\u00e1n presenta &#8216;Ma\u00f1ana matar\u00e1n a Daniel&#8217; (Penguin), tambi\u00e9n basada en los \u00faltimos condenados a muerte en Espa\u00f1a].<\/p>\n<p class=\"ft-text\">Las condenas a muerte<strong> hab\u00edan desatado una movilizaci\u00f3n internacional sin precedentes<\/strong> en el franquismo. Desde numerosos rincones del mundo llegaron peticiones para que esas penas de muerte fueran conmutadas.<\/p>\n<p class=\"ft-text\">En el Pa\u00eds Vasco se declararon tres d\u00edas de huelga. Varias embajadas espa\u00f1olas en el extranjero (en Portugal, Turqu\u00eda o los Pa\u00edses Bajos) fueron atacadas.<strong> <\/strong><\/p>\n<p>La petici\u00f3n del Papa<\/p>\n<p class=\"ft-text\"><strong>Incluso el Papa, Pablo VI, emiti\u00f3 un mensaje pidiendo clemencia.<\/strong> \u00abLas condenas a muerte de los terroristas de Espa\u00f1a, cuyos hemos criminales deploramos, <strong>desear\u00edamos que fuesen redimidas por una justicia que sepa afirmarse magn\u00e1nima<\/strong> en la clemencia\u00bb, dijo el Pont\u00edfice desde la plaza de San Pedro.<\/p>\n<p class=\"ft-text\">Horas antes de las ejecuciones, el Papa llam\u00f3 al palacio de El Pardo, <strong>la residencia de Franco<\/strong>, en un \u00faltimo intento de detener los fusilamientos. Franco no quiso cogerle el tel\u00e9fono: sus asistentes argumentaron que estaba durmiendo.<\/p>\n<p><img decoding=\"async\" src=\"https:\/\/www.europesays.com\/es\/wp-content\/uploads\/2025\/09\/355fa4eb-0105-4296-a4a9-c4e8c064a888_alta-libre-aspect-ratio_default_0.jpg\" width=\"1200\" height=\"1885\" alt=\"'El verano de los inocentes'\" class=\"ft-helper-img-rd\" loading=\"lazy\" hasdataaida=\"true\"\/><\/p>\n<p class=\"ft-helper-fontColor-quaternary ft-helper-fontSize-body-S ft-helper-spacer-t-xxs\">&#8216;El verano de los inocentes&#8217;  \/ &#8211;<\/p>\n<p class=\"ft-text\">El presidente de M\u00e9xico, Luis Echeverr\u00eda, <strong>pidi\u00f3 la suspensi\u00f3n de Espa\u00f1a como miembro de las Naciones Unidas<\/strong>; primer ministro de Suecia, el Olof Palme, sali\u00f3 a las calles de Estocolmo con una hucha para recaudar fondos \u201cpor la libertad de Espa\u00f1a\u201d.<\/p>\n<p class=\"ft-text\">No sirvi\u00f3 de nada. <strong>Las cinco ejecuciones se llevaron a cabo el s\u00e1bado 27 de septiembre de 1975, hace 50 a\u00f1os. <\/strong>Fueron las \u00faltimas del r\u00e9gimen, inmortalizadas tiempo despu\u00e9s por Luis Eduardo Aute en su inolvidable canci\u00f3n &#8216;Al alba&#8217;, compuesta meses antes pero convertida en homenaje a los ejecutados.<\/p>\n<p class=\"ft-text\">En ese contexto, apenas unas horas despu\u00e9s, en un partido de Primera divisi\u00f3n, dos futbolistas del Racing de Santander exhiben <a class=\"ft-link ft-link--decoration\" href=\"https:\/\/www.movistarplus.es\/deportes\/programa\/informe-robinson-5\/brazaletes\/ficha?tipo=E&amp;id=1460193\" rel=\"nofollow noopener\" target=\"_blank\">brazaletes negros<\/a>.<\/p>\n<p class=\"ft-text\">Al principio, la confusi\u00f3n: en Santander, una ciudad por entonces con predominio de la derecha tradicional, <strong>choc\u00f3 que dos de los jugadores del equipo se posicionasen de manera tan clara contra el r\u00e9gimen. <\/strong><\/p>\n<p>Un vizca\u00edno y un valenciano<\/p>\n<p class=\"ft-text\">Los dos jugadores en cuesti\u00f3n eran<strong> el vizca\u00edno Aitor Agirre y el valenciano Sergio Manzanera<\/strong>. El primero, nacionalista vasco, proced\u00eda de una familia muy significada en lo pol\u00edtico (su padre hab\u00eda logrado bautizarlo como Aitor, pese a que en ese momento estaban oficialmente prohibidos los nombres vascos).<\/p>\n<p class=\"ft-text\">El segundo no ten\u00eda v\u00ednculos con Euskadi,<strong> pero estaba muy comprometido con las opciones pol\u00edticas de izquierda y con<\/strong> <strong>movimientos antifranquistas<\/strong>. El compromiso pol\u00edtico le ven\u00eda de familia: su padre, republicano y funcionario de Correos, perdi\u00f3 su plaza tras ser represaliado por las autoridades franquistas.<\/p>\n<p class=\"ft-text\">A medida que avanzan los minutos del partido ante el Elche, <strong>se extiende el rumor, a todas luces evidente<\/strong>: los dos futbolistas locales est\u00e1n manifest\u00e1ndose contra las ejecuciones de los presos. Se oyen silbidos, y eso que curiosamente es Aitor Agirre quien firma los goles del Racing que servir\u00e1n para ganar el partido (2-1).<\/p>\n<p>Radio Pirenaica, la radio contra la censura<\/p>\n<p class=\"ft-text\">Aitor y Sergio hab\u00edan preparado su gesto unas horas antes.<\/p>\n<p class=\"ft-text\">Desde su hotel de concentraci\u00f3n -compart\u00edan habitaci\u00f3n-<strong> sintonizaron Radio Pirenaica, la emisora con la que el Partido Comunista<\/strong> emit\u00eda lo que el franquismo quer\u00eda silenciar. &#8216;Las cinco ejecuciones de esta ma\u00f1ana han sido un acto b\u00e1rbaro y criminal de un r\u00e9gimen agonizante&#8217;, escucharon.<\/p>\n<p class=\"ft-text\"><strong>Y tomaron la decisi\u00f3n de preparar sendos brazaletes negros.<\/strong> No lo compartieron con sus compa\u00f1eros.<strong> No estaba el horno para bollos. <\/strong><\/p>\n<p class=\"ft-text\">Justo antes de saltar al campo, algunos compa\u00f1eros, como el argentino Zuvir\u00eda (que luego jugar\u00eda en el Bar\u00e7a), pregunt\u00f3 qu\u00e9 significaba aquel brazalete.<strong> \u00abNada, una cosa nuestra\u00bb,<\/strong> respondieron Agirre y Manzanera.<\/p>\n<p><img decoding=\"async\" src=\"https:\/\/www.europesays.com\/es\/wp-content\/uploads\/2025\/09\/5d423b28-d840-49b6-803c-b3cf9fdadc22_alta-libre-aspect-ratio_default_0.jpg\" width=\"1200\" height=\"675\" alt=\"Aitor y Sergio, los dos valientes que se rebelaron contra las \u00faltimas ejecuciones del franquismo\" class=\"ft-helper-img-rd\" loading=\"lazy\" hasdataaida=\"true\"\/><\/p>\n<p class=\"ft-helper-fontColor-quaternary ft-helper-fontSize-body-S ft-helper-spacer-t-xxs\">Aitor y Sergio, los dos valientes que se rebelaron contra las \u00faltimas ejecuciones del franquismo  \/ &#8211;<\/p>\n<p>Polic\u00edas en el vestuario<\/p>\n<p class=\"ft-text\">Su gesto no tard\u00f3 en llamar la atenci\u00f3n del p\u00fablico y de las autoridades. Al descanso del partido, varios polic\u00edas bajaron al vestuario del Racing. <strong>Algunos entraron al vestuario: les instaron a quitarse los brazaletes, bajo la amenaza de detenci\u00f3n.<\/strong> Otros, esperaron en el pasillo por si hab\u00eda alg\u00fan altercado.<\/p>\n<p class=\"ft-text\">El entrenador,<strong> Jos\u00e9 Maria Maguregi<\/strong>, fue el primer sorprendido. \u00ab\u00bfQu\u00e9 hab\u00e9is hecho? \u00bfQu\u00e9 hab\u00e9is hecho?\u00bb, preguntaba repetidamente a sus futbolistas.<\/p>\n<p class=\"ft-text\"><strong>Ambos tuvieron que jugar la segunda parte sin los brazaletes. <\/strong>Aitor Agirre marc\u00f3 un gol en la primera parte y otro en la segunda; <strong>es decir, uno con brazalete y el otro ya sin \u00e9l.<\/strong><\/p>\n<p>Multa y petici\u00f3n de c\u00e1rcel<\/p>\n<p class=\"ft-text\">Las consecuencias no tardaron en llegar. Para empezar, ambos tuvieron que acudir -por separado- a los juzgados para ser interrogados. Los dos jugadores del Racing argumentaron que el brazalete negro respond\u00eda a la muerte de Santiuste, una figura importante del racinguismo. <strong>El club les respald\u00f3. <\/strong><\/p>\n<p class=\"ft-text\">Sin embargo, <strong>ambos fueron multados por alteraci\u00f3n del orden p\u00fablico con 500.000 pesetas<\/strong>, una cifra muy considerable:<a class=\"ft-link ft-link--decoration\" href=\"https:\/\/www.lasprovincias.es\/valenciacf\/sergio-manzanera-futbolistas-20200528140636-nt.html?ref=https%3A%2F%2Fwww.lasprovincias.es%2Fvalenciacf%2Fsergio-manzanera-futbolistas-20200528140636-nt.html\" rel=\"nofollow noopener\" target=\"_blank\"> Sergio Manzanera<\/a> comentar\u00eda tiempo despu\u00e9s que el primer piso que hab\u00eda comprado en Valencia le hab\u00eda costado 100.000 pesetas.<\/p>\n<p class=\"ft-text\">\u00abSe han instruido diligencias contra Agirre y Manzanera por <strong>actos que pudieran ser punibles <\/strong>por la vigente ley antiterrorista\u00bb, public\u00f3 la prensa un d\u00eda despu\u00e9s.<\/p>\n<p class=\"ft-text\">El fiscal del <strong>Tribunal de Orden P\u00fablico<\/strong> lleg\u00f3 a pedir cinco a\u00f1os y un d\u00eda de prisi\u00f3n para cada uno, aunque la causa qued\u00f3 diluida tras la muerte de Franco, el 20 de noviembre de 1975.<\/p>\n<p>Amenazas de la extrema derecha<\/p>\n<p class=\"ft-text\"><strong>Tanto Aitor como Sergio continuaron su trayectoria futbol\u00edstica con normalidad<\/strong>, pese a recibir amenazas. Los &#8216;guerrilleros de Cristo Rey&#8217;, por ejemplo, les amenazaron de muerte. Su nombre aparec\u00eda en la lista de objetivos de varios grupos de extrema derecha.<\/p>\n<p class=\"ft-text\">Manzanera confes\u00f3 tiempo despu\u00e9s, <a class=\"ft-link ft-link--decoration\" href=\"https:\/\/www.lasprovincias.es\/valenciacf\/sergio-manzanera-futbolistas-20200528140636-nt.html?ref=https%3A%2F%2Fwww.lasprovincias.es%2Fvalenciacf%2Fsergio-manzanera-futbolistas-20200528140636-nt.html\" rel=\"nofollow noopener\" target=\"_blank\">entrevistado en &#8216;Las Provincias&#8217;<\/a>, que durante unos d\u00edas durmi\u00f3 con una escopeta cerca de la cama. \u00abYo era cazador en esa \u00e9poca. Nos amenaz\u00f3 la extrema derecha, Fuerza Nueva, y <strong>hab\u00eda grupos de estos que estaban totalmente incontrolados<\/strong> y bajo las \u00f3rdenes del r\u00e9gimen\u00bb.<\/p>\n<p class=\"ft-text\">De hecho, ambos siguieron jugando en el Racing de Santander. <strong>Sergio Manzanera, que hab\u00eda sido campe\u00f3n de Liga con el Valencia en 1971, dej\u00f3 el equipo a finales del curso 1977-78. <\/strong><\/p>\n<p class=\"ft-text\">Agirre, por su parte, <strong>estuvo en la plantilla del equipo c\u00e1ntabro hasta el curso 1976-77<\/strong> y posteriormente firm\u00f3 por el Athletic Club.<\/p>\n<p><img decoding=\"async\" src=\"https:\/\/www.europesays.com\/es\/wp-content\/uploads\/2025\/09\/6e597682-21a5-494b-90a3-ac3a72407f1c_alta-libre-aspect-ratio_default_0.jpg\" width=\"1200\" height=\"1802\" alt=\"Brazaletes, el reportaje de Movistar+\" class=\"ft-helper-img-rd\" loading=\"lazy\" hasdataaida=\"true\"\/><\/p>\n<p class=\"ft-helper-fontColor-quaternary ft-helper-fontSize-body-S ft-helper-spacer-t-xxs\">Brazaletes, el reportaje de Movistar+  \/ &#8211;<\/p>\n<p>La mirada de Michael Robinson<\/p>\n<p class=\"ft-text\"><a class=\"ft-link ft-link--decoration\" href=\"https:\/\/www.movistarplus.es\/deportes\/programa\/informe-robinson-5\/brazaletes\/ficha?tipo=E&amp;id=1460193\" rel=\"nofollow noopener\" target=\"_blank\">Michael Robinson<\/a> dedic\u00f3 en su momento uno de los cap\u00edtulos de su &#8216;Informe Robinson&#8217; al caso de los brazaletes negros.<\/p>\n<p class=\"ft-text\">En el reportaje, Agirre y Manzanera se reencuentran en Santander para revivir aquel ic\u00f3nico momento. Recordaron c\u00f3mo se pusieron los brazaletes<strong> -\u00abt\u00fa me lo pusiste a m\u00ed y yo a ti\u00bb-<\/strong> y salieron los \u00faltimos al campo, para posar en la foto previa al partido. \u00abFue emocionante\u00bb, resume Agirre.<\/p>\n<p class=\"ft-text\">(Pudieron haber sido ser tres, en lugar de dos, los jugadores con brazalete: su compa\u00f1ero de equipo, <strong>el navarro Jos\u00e9 Mar\u00eda Errandonea<\/strong>, tambi\u00e9n se hubiera sumado a la causa, pero aquella tarde no fue titular).<\/p>\n<p class=\"ft-text\">\u00abNunca me arrepent\u00ed de aquello. <strong>Creo que hicimos lo que ten\u00edamos que hacer<\/strong> para pelear por una sociedad m\u00e1s justa\u00bb, apostilla Manzanera.<\/p>\n<p class=\"ft-text\">Tres a\u00f1os despu\u00e9s de su gesto, en 1978, la pena de muerte qued\u00f3 abolida en Espa\u00f1a.<\/p>\n","protected":false},"excerpt":{"rendered":"&#8216;\u00bfAlg\u00fan fallecido reciente? \u00bfAlguien por quien guardar luto?&#8217;, debieron de preguntarse los aficionados que aquella tarde de septiembre&hellip;\n","protected":false},"author":2,"featured_media":140494,"comment_status":"","ping_status":"","sticky":false,"template":"","format":"standard","meta":{"footnotes":""},"categories":[8],"tags":[43814,43811,43816,43815,43810,17,18,4875,1471,43813,25,24,13,14,4999,1470,33391,11,19,20,43812,16338,9,10,15,16,9923,23,12,20013,21,22],"class_list":{"0":"post-140493","1":"post","2":"type-post","3":"status-publish","4":"format-standard","5":"has-post-thumbnail","7":"category-espana","8":"tag-50-anos","9":"tag-agirre","10":"tag-al-alba","11":"tag-aute","12":"tag-brazaletes","13":"tag-breaking-news","14":"tag-breakingnews","15":"tag-democracia","16":"tag-dictadura","17":"tag-ejecuciones","18":"tag-es","19":"tag-espana","20":"tag-featured-news","21":"tag-featurednews","22":"tag-franco","23":"tag-franquismo","24":"tag-fusilados","25":"tag-headlines","26":"tag-latest-news","27":"tag-latestnews","28":"tag-manzanera","29":"tag-negros","30":"tag-news","31":"tag-noticias","32":"tag-noticias-destacadas","33":"tag-noticiasdestacadas","34":"tag-regimen","35":"tag-spain","36":"tag-titulares","37":"tag-transicion","38":"tag-ultimas-noticias","39":"tag-ultimasnoticias"},"share_on_mastodon":{"url":"","error":""},"_links":{"self":[{"href":"https:\/\/www.europesays.com\/es\/wp-json\/wp\/v2\/posts\/140493","targetHints":{"allow":["GET"]}}],"collection":[{"href":"https:\/\/www.europesays.com\/es\/wp-json\/wp\/v2\/posts"}],"about":[{"href":"https:\/\/www.europesays.com\/es\/wp-json\/wp\/v2\/types\/post"}],"author":[{"embeddable":true,"href":"https:\/\/www.europesays.com\/es\/wp-json\/wp\/v2\/users\/2"}],"replies":[{"embeddable":true,"href":"https:\/\/www.europesays.com\/es\/wp-json\/wp\/v2\/comments?post=140493"}],"version-history":[{"count":0,"href":"https:\/\/www.europesays.com\/es\/wp-json\/wp\/v2\/posts\/140493\/revisions"}],"wp:featuredmedia":[{"embeddable":true,"href":"https:\/\/www.europesays.com\/es\/wp-json\/wp\/v2\/media\/140494"}],"wp:attachment":[{"href":"https:\/\/www.europesays.com\/es\/wp-json\/wp\/v2\/media?parent=140493"}],"wp:term":[{"taxonomy":"category","embeddable":true,"href":"https:\/\/www.europesays.com\/es\/wp-json\/wp\/v2\/categories?post=140493"},{"taxonomy":"post_tag","embeddable":true,"href":"https:\/\/www.europesays.com\/es\/wp-json\/wp\/v2\/tags?post=140493"}],"curies":[{"name":"wp","href":"https:\/\/api.w.org\/{rel}","templated":true}]}}