{"id":140507,"date":"2025-09-26T16:53:14","date_gmt":"2025-09-26T16:53:14","guid":{"rendered":"https:\/\/www.europesays.com\/es\/140507\/"},"modified":"2025-09-26T16:53:14","modified_gmt":"2025-09-26T16:53:14","slug":"punt-a-punt-retransmite-al-valencia-basket-en-las-supercopas-de-espana","status":"publish","type":"post","link":"https:\/\/www.europesays.com\/es\/140507\/","title":{"rendered":"\u2018Punt a punt\u2019 retransmite al Valencia Basket en las Supercopas de Espa\u00f1a"},"content":{"rendered":"<p class=\"ft-text\"><strong>El programa Punt a punt comienza ma\u00f1ana s\u00e1bado a partir de las 12:00 h con las retransmisiones de dos partidos de Primera Divisi\u00f3n, Getafe-Levante y Villarreal-Athletic de Bilbao<\/strong>, y con las semifinales de las Supercopas de Espa\u00f1a de baloncesto. E<strong>l Valencia Basket femenino &#8211; Perfumer\u00edas Avenida se emitir\u00e1 a las 17:15 h y el Valencia Basket masculino &#8211; Unicaja se jugar\u00e1 a las 18:00 h. En la Copa del Rey de f\u00fatbol, en fases preliminares,<\/strong> el Manises se enfrenta a Los Garres con la ilusi\u00f3n de avanzar en la competici\u00f3n y encontrarse, m\u00e1s adelante, con un equipo de Primera Divisi\u00f3n.<\/p>\n<p class=\"ft-text\">El domingo a las 11:00 h viviremos <strong>el estreno europeo del equipo de balonmano femenino Atticgo Elche en directo desde el pabell\u00f3n Esperanza Lag contra el Dunajska Streda de Eslovaquia. Adem\u00e1s, disfrutaremos de f\u00fatbol de Primera con el Elche-Celta a partir de las 16:15 h<\/strong> y, tambi\u00e9n, de Primera femenina con el Levante-Eibar, as\u00ed como de las finales de las Supercopas de Espa\u00f1a masculina y femenina de baloncesto.<\/p>\n<p class=\"ft-text\"><strong>El programa que dirige Luis Urrutia continuar\u00e1 entre semana con una interesante oferta que comienza el lunes 29 de septiembre<\/strong>. A partir de las 20:00 h, viviremos el cierre de la sexta jornada en Primera Divisi\u00f3n <strong>con el Valencia-Oviedo, y tambi\u00e9n el partido de Segunda con el Legan\u00e9s-Castell\u00f3n, <\/strong>que incluir\u00e1 la previa, la retransmisi\u00f3n y los protagonistas en directo.<\/p>\n<p><img decoding=\"async\" src=\"https:\/\/www.europesays.com\/es\/wp-content\/uploads\/2025\/09\/031e0f49-e234-4c97-9f8c-6c00b3b894d1_alta-libre-aspect-ratio_default_0.jpg\" width=\"1200\" height=\"772\" alt=\"Valencia VLC SPD partido de f\u00fatbol Liga EAsports entre el Valencia CF y el Athletic Club Bilbao\" class=\"ft-helper-img-rd\" loading=\"lazy\" hasdataaida=\"true\"\/><\/p>\n<p class=\"ft-helper-fontColor-quaternary ft-helper-fontSize-body-S ft-helper-spacer-t-xxs\">Valencia VLC SPD partido de f\u00fatbol Liga EAsports entre el Valencia CF y el Athletic Club Bilbao  \/ Francisco Calabuig<\/p>\n<p class=\"ft-text\">Punt a punt volver\u00e1 a abrir su ventana en la programaci\u00f3n de \u00c0 Punt R\u00e0dio el mi\u00e9rcoles 1 de octubre desde las 19:30 h.<strong> La Champions regresa a La Cer\u00e1mica en directo con el Villarreal-Juventus, y tambi\u00e9n se estrena el Valencia Basket en la Euroliga: desde Francia, nos narrar\u00e1n el partido contra el Asvel Villeurbanne.<\/strong><\/p>\n<p>La banda y Minut i resultat (fin de semana)<\/p>\n<p class=\"ft-text\">La presencia de cinco equipos valencianos<strong> en la \u00e9lite del f\u00fatbol nacional ha brindado una oportunidad a \u00c0 Punt para emitir un nuevo contenido deportivo de inter\u00e9s que quiere cautivar a la audiencia. <\/strong>Por este motivo,<strong> la cadena ha recuperado el esp\u00edritu de Minut a minut, el programa que durante dos d\u00e9cadas lider\u00f3 las noches de f\u00fatbol de la radiotelevisi\u00f3n valenciana<\/strong>. Ahora, rebautizado como La banda y Minut i resultat, el programa se emite entre semana y todos los s\u00e1bados y domingos a partir de las 23:15 h.<\/p>\n<p class=\"ft-text\">El objetivo es claro: ser los primeros en repasar el papel de los equipos valencianos y de los principales duelos de la jornada en 1\u00aa y 2\u00aa Divisi\u00f3n. As\u00ed pues,<strong> el presentador, Sergi Escriv\u00e0, cuenta con un gran equipo de profesionales que le ayudan a analizar los res\u00famenes, las jugadas m\u00e1s interesantes, la pol\u00e9mica y las reacciones postpartido de los protagonistas<\/strong>. Se trata de un formato informativo y din\u00e1mico con los res\u00famenes de los enfrentamientos m\u00e1s pol\u00e9micos como eje principal.<\/p>\n<p class=\"ft-text\">Por \u00faltimo,<strong> si el Valencia Basket femenino gana el partido de semifinales de la Supercopa de Espa\u00f1a que se disputa el s\u00e1bado a las 17:15 h en el Palacio de los Deportes de Huesca, la final se podr\u00e1 disfrutar en directo por \u00c0 Punt<\/strong> el domingo 28 de septiembre a partir de las 17:00 h.<\/p>\n","protected":false},"excerpt":{"rendered":"El programa Punt a punt comienza ma\u00f1ana s\u00e1bado a partir de las 12:00 h con las retransmisiones de&hellip;\n","protected":false},"author":2,"featured_media":140508,"comment_status":"","ping_status":"","sticky":false,"template":"","format":"standard","meta":{"footnotes":""},"categories":[269],"tags":[299,1918,298,168,13463,25,24,3151,1945,19344,19567,23,167,4611,235,2916,10560],"class_list":{"0":"post-140507","1":"post","2":"type-post","3":"status-publish","4":"format-standard","5":"has-post-thumbnail","7":"category-baloncesto","8":"tag-baloncesto","9":"tag-basket","10":"tag-basketball","11":"tag-deportes","12":"tag-el-valencia","13":"tag-es","14":"tag-espana","15":"tag-levante","16":"tag-primera-division","17":"tag-punt","18":"tag-retransmite","19":"tag-spain","20":"tag-sports","21":"tag-supercopa","22":"tag-valencia","23":"tag-valencia-basket","24":"tag-villarreal"},"share_on_mastodon":{"url":"","error":""},"_links":{"self":[{"href":"https:\/\/www.europesays.com\/es\/wp-json\/wp\/v2\/posts\/140507","targetHints":{"allow":["GET"]}}],"collection":[{"href":"https:\/\/www.europesays.com\/es\/wp-json\/wp\/v2\/posts"}],"about":[{"href":"https:\/\/www.europesays.com\/es\/wp-json\/wp\/v2\/types\/post"}],"author":[{"embeddable":true,"href":"https:\/\/www.europesays.com\/es\/wp-json\/wp\/v2\/users\/2"}],"replies":[{"embeddable":true,"href":"https:\/\/www.europesays.com\/es\/wp-json\/wp\/v2\/comments?post=140507"}],"version-history":[{"count":0,"href":"https:\/\/www.europesays.com\/es\/wp-json\/wp\/v2\/posts\/140507\/revisions"}],"wp:featuredmedia":[{"embeddable":true,"href":"https:\/\/www.europesays.com\/es\/wp-json\/wp\/v2\/media\/140508"}],"wp:attachment":[{"href":"https:\/\/www.europesays.com\/es\/wp-json\/wp\/v2\/media?parent=140507"}],"wp:term":[{"taxonomy":"category","embeddable":true,"href":"https:\/\/www.europesays.com\/es\/wp-json\/wp\/v2\/categories?post=140507"},{"taxonomy":"post_tag","embeddable":true,"href":"https:\/\/www.europesays.com\/es\/wp-json\/wp\/v2\/tags?post=140507"}],"curies":[{"name":"wp","href":"https:\/\/api.w.org\/{rel}","templated":true}]}}