{"id":140509,"date":"2025-09-26T16:54:09","date_gmt":"2025-09-26T16:54:09","guid":{"rendered":"https:\/\/www.europesays.com\/es\/140509\/"},"modified":"2025-09-26T16:54:09","modified_gmt":"2025-09-26T16:54:09","slug":"valencia-cf-buenas-noticias-para-hugo-duro-y-jose-luis-gaya","status":"publish","type":"post","link":"https:\/\/www.europesays.com\/es\/140509\/","title":{"rendered":"VALENCIA CF | Buenas noticias para Hugo Duro y Jos\u00e9 Luis Gay\u00e0"},"content":{"rendered":"<p class=\"ft-text\"><a class=\"ft-link ft-link--decoration\" href=\"https:\/\/www.superdeporte.es\/valencia-cf\/2025\/09\/26\/valencia-julen-agirrezabala-molestias-alarma-121982681.html\" rel=\"nofollow noopener\" target=\"_blank\"><strong>El entrenamiento del Valencia CF ha dejado la ausencia de Julen Agirrezabala <\/strong><\/a>por molestias, pero tambi\u00e9n ha tenido cosas positivas. Despu\u00e9s de quedarse fuera de la \u00faltima sesi\u00f3n de trabajo por dolencias provocadas por el partido contra el RCD Espany<strong>ol, tanto Hugo Duro como Jos\u00e9 Luis Gay\u00e0 pudieron volver a trabajar con normalidad con el resto de sus compa\u00f1eros.<\/strong><\/p>\n<p class=\"ft-text\">En el \u00faltimo d\u00eda de &#8216;curro&#8217; en Paterna los entrenaron en la Ciudad Deportiva de Paterna con un trabajo adaptado a sus molestias. Desde el club, no obstante, ya se desprend\u00eda optimismo con que el defensa y el delantero puedan estar sin ning\u00fan tipo de problema para\u00a0<strong>el partido del lunes ante el Real Oviedo en Mestalla.<\/strong><\/p>\n<p><img decoding=\"async\" src=\"https:\/\/www.europesays.com\/es\/wp-content\/uploads\/2025\/09\/d7f6a7bc-46cc-4342-b492-87702a75835a_alta-libre-aspect-ratio_default_0.jpg\" width=\"1200\" height=\"750\" alt=\"Hugo Duro no par\u00f3 de presionar la salida del bal\u00f3n del Espanyol\" class=\"ft-helper-img-rd\" loading=\"lazy\" hasdataaida=\"true\"\/><\/p>\n<p class=\"ft-helper-fontColor-quaternary ft-helper-fontSize-body-S ft-helper-spacer-t-xxs\">Hugo Duro no par\u00f3 de presionar la salida del bal\u00f3n del Espanyol  \/ LaLiga<\/p>\n<p>Todos los jugadores de campo, disponibles<\/p>\n<p class=\"ft-text\">El que ya ha dejado atr\u00e1s sus dolencias <strong>despu\u00e9s de una dur\u00edsima entrada el s\u00e1bado anterior es Largie Ramazani<\/strong>. El extremo belga sufri\u00f3 un golpe muy fuerte contra el Athletic Club y hasta \u00faltima hora fue duda para enfrentarse al Espanyol, finalmente entr\u00f3 en la convocatoria, pero no goz\u00f3 de minutos.<\/p>\n<p class=\"ft-text\">Con esto, Carlos Corber\u00e1n <strong>tiene disponibles y a buen tono f\u00edsico a todos sus jugadores de campo para poder escoger el &#8216;once tipo&#8217; <\/strong>que prefiera teniendo en cuenta que su equipo (de martes a lunes) ha tenido muchos d\u00edas para descansar antes del siguiente encuentro, m\u00e1s que ning\u00fan otro equipo de LaLiga.<\/p>\n<p>Pendientes de Julen<\/p>\n<p class=\"ft-text\">Ahora todas las miradas se centran el estado f\u00edsico del guardameta vasco, que est\u00e1 en su mejor momento de la temporada, y que no ha podido entrenar por unas molestias de las que se desconoce el alcance, pero<strong> sobre las que este fin de semana podr\u00e1 arrojar luz Carlos Corber\u00e1n en su comparecencia de prensa. <\/strong><\/p>\n","protected":false},"excerpt":{"rendered":"El entrenamiento del Valencia CF ha dejado la ausencia de Julen Agirrezabala por molestias, pero tambi\u00e9n ha tenido&hellip;\n","protected":false},"author":2,"featured_media":140510,"comment_status":"","ping_status":"","sticky":false,"template":"","format":"standard","meta":{"footnotes":""},"categories":[268],"tags":[2605,168,2562,25,24,280,282,38998,9026,27896,2467,10,281,23,167,5419],"class_list":{"0":"post-140509","1":"post","2":"type-post","3":"status-publish","4":"format-standard","5":"has-post-thumbnail","7":"category-futbol","8":"tag-buenas","9":"tag-deportes","10":"tag-duro","11":"tag-es","12":"tag-espana","13":"tag-football","14":"tag-futbol","15":"tag-gaya","16":"tag-hugo","17":"tag-hugo-duro","18":"tag-jose","19":"tag-noticias","20":"tag-soccer","21":"tag-spain","22":"tag-sports","23":"tag-valencia-cf"},"share_on_mastodon":{"url":"","error":""},"_links":{"self":[{"href":"https:\/\/www.europesays.com\/es\/wp-json\/wp\/v2\/posts\/140509","targetHints":{"allow":["GET"]}}],"collection":[{"href":"https:\/\/www.europesays.com\/es\/wp-json\/wp\/v2\/posts"}],"about":[{"href":"https:\/\/www.europesays.com\/es\/wp-json\/wp\/v2\/types\/post"}],"author":[{"embeddable":true,"href":"https:\/\/www.europesays.com\/es\/wp-json\/wp\/v2\/users\/2"}],"replies":[{"embeddable":true,"href":"https:\/\/www.europesays.com\/es\/wp-json\/wp\/v2\/comments?post=140509"}],"version-history":[{"count":0,"href":"https:\/\/www.europesays.com\/es\/wp-json\/wp\/v2\/posts\/140509\/revisions"}],"wp:featuredmedia":[{"embeddable":true,"href":"https:\/\/www.europesays.com\/es\/wp-json\/wp\/v2\/media\/140510"}],"wp:attachment":[{"href":"https:\/\/www.europesays.com\/es\/wp-json\/wp\/v2\/media?parent=140509"}],"wp:term":[{"taxonomy":"category","embeddable":true,"href":"https:\/\/www.europesays.com\/es\/wp-json\/wp\/v2\/categories?post=140509"},{"taxonomy":"post_tag","embeddable":true,"href":"https:\/\/www.europesays.com\/es\/wp-json\/wp\/v2\/tags?post=140509"}],"curies":[{"name":"wp","href":"https:\/\/api.w.org\/{rel}","templated":true}]}}