{"id":140525,"date":"2025-09-26T17:03:10","date_gmt":"2025-09-26T17:03:10","guid":{"rendered":"https:\/\/www.europesays.com\/es\/140525\/"},"modified":"2025-09-26T17:03:10","modified_gmt":"2025-09-26T17:03:10","slug":"corte-britanica-desestima-cargo-vinculado-al-terrorismo-contra-miembro-de-grupo-de-hip-hop-kneecap","status":"publish","type":"post","link":"https:\/\/www.europesays.com\/es\/140525\/","title":{"rendered":"Corte brit\u00e1nica desestima cargo vinculado al terrorismo contra miembro de grupo de hip-hop Kneecap"},"content":{"rendered":"<p>LONDRES (AP) \u2014 Un tribunal de Londres desestim\u00f3 el viernes un cargo relacionado con terrorismo contra un miembro del grupo de hip-hop en irland\u00e9s Kneecap.<\/p>\n<p>El rapero Mo Chara, cuyo nombre real es Liam \u00d3g \u00d3 hAnnaidh, hab\u00eda sido acusado de un \u00fanico cargo por ondear una bandera del grupo pol\u00edtico-paramilitar liban\u00e9s Hezbollah, proscrito en Reino Unido como organizaci\u00f3n terrorista, durante un concierto en Londres el a\u00f1o pasado.<\/p>\n<p>El magistrado principal del Tribunal de la Corona de Woolwich dijo el viernes que el caso deb\u00eda desestimarse debido a un error t\u00e9cnico en la forma en que se present\u00f3 el cargo contra el rapero.<\/p>\n<p>Kneecap sido criticado por declaraciones pol\u00edticas que parecen glorificar a grupos insurgentes como Ham\u00e1s y Hezbollah. Hungr\u00eda y Canad\u00e1 hab\u00eda vetado antes al grupo.<\/p>\n<p>Kneecap ha acusado a los cr\u00edticos de intentar silenciar a la banda debido a su apoyo a la causa palestina durante la guerra en Gaza. Los raperos dicen que no apoyan a Hezbollah ni a Ham\u00e1s ni condonan la violencia.<\/p>\n<p>___<\/p>\n<p>Esta historia fue traducida del ingl\u00e9s por un editor de AP con la ayuda de una herramienta de inteligencia artificial generativa.<\/p>\n","protected":false},"excerpt":{"rendered":"LONDRES (AP) \u2014 Un tribunal de Londres desestim\u00f3 el viernes un cargo relacionado con terrorismo contra un miembro&hellip;\n","protected":false},"author":2,"featured_media":140526,"comment_status":"","ping_status":"","sticky":false,"template":"","format":"standard","meta":{"footnotes":""},"categories":[91],"tags":[146,147,25,24,2793,1714,10,23,66],"class_list":{"0":"post-140525","1":"post","2":"type-post","3":"status-publish","4":"format-standard","5":"has-post-thumbnail","7":"category-entretenimiento","8":"tag-entertainment","9":"tag-entretenimiento","10":"tag-es","11":"tag-espana","12":"tag-espectaculos","13":"tag-general-news","14":"tag-noticias","15":"tag-spain","16":"tag-world-news"},"share_on_mastodon":{"url":"","error":""},"_links":{"self":[{"href":"https:\/\/www.europesays.com\/es\/wp-json\/wp\/v2\/posts\/140525","targetHints":{"allow":["GET"]}}],"collection":[{"href":"https:\/\/www.europesays.com\/es\/wp-json\/wp\/v2\/posts"}],"about":[{"href":"https:\/\/www.europesays.com\/es\/wp-json\/wp\/v2\/types\/post"}],"author":[{"embeddable":true,"href":"https:\/\/www.europesays.com\/es\/wp-json\/wp\/v2\/users\/2"}],"replies":[{"embeddable":true,"href":"https:\/\/www.europesays.com\/es\/wp-json\/wp\/v2\/comments?post=140525"}],"version-history":[{"count":0,"href":"https:\/\/www.europesays.com\/es\/wp-json\/wp\/v2\/posts\/140525\/revisions"}],"wp:featuredmedia":[{"embeddable":true,"href":"https:\/\/www.europesays.com\/es\/wp-json\/wp\/v2\/media\/140526"}],"wp:attachment":[{"href":"https:\/\/www.europesays.com\/es\/wp-json\/wp\/v2\/media?parent=140525"}],"wp:term":[{"taxonomy":"category","embeddable":true,"href":"https:\/\/www.europesays.com\/es\/wp-json\/wp\/v2\/categories?post=140525"},{"taxonomy":"post_tag","embeddable":true,"href":"https:\/\/www.europesays.com\/es\/wp-json\/wp\/v2\/tags?post=140525"}],"curies":[{"name":"wp","href":"https:\/\/api.w.org\/{rel}","templated":true}]}}