{"id":140542,"date":"2025-09-26T17:12:08","date_gmt":"2025-09-26T17:12:08","guid":{"rendered":"https:\/\/www.europesays.com\/es\/140542\/"},"modified":"2025-09-26T17:12:08","modified_gmt":"2025-09-26T17:12:08","slug":"cierre-de-zonas-correspondencias-y-sorteo-de-invitaciones-para-pro-am-con-motivo-del-open-de-espana-presented-by-madrid-de-golf-2025","status":"publish","type":"post","link":"https:\/\/www.europesays.com\/es\/140542\/","title":{"rendered":"Cierre de zonas, correspondencias y sorteo de invitaciones para pro-am con motivo del Open de Espa\u00f1a presented by Madrid de golf 2025"},"content":{"rendered":"<p>Un a\u00f1o m\u00e1s, el Club tiene el<strong> honor de volver a ser sede del Open de Espa\u00f1a 2025 presented by Madrid, <\/strong>y de esta forma situar, nuevamente, a nuestro Club en el foco de inter\u00e9s mundial.<\/p>\n<p>Somos conscientes de que, como abonados y principales usuarios de nuestras instalaciones, esto le provoca una serie de inconvenientes, los cuales tratamos de mitigar de la mejor manera posible, por lo que tratamos de mantenerle puntualmente informado de lo relativo a este evento y sus implicaciones.<\/p>\n<p>El Open de Espa\u00f1a tendr\u00e1 lugar la semana del 6 al 12 de octubre <strong>(d\u00edas del torneo del 9 al 12). En breve les informaremos de la manera en que podr\u00e1n conseguir sus invitaciones gratuitas.<\/strong><\/p>\n<p><strong>CIERRES AREAS Y ZONAS DEL GOLF<\/strong><\/p>\n<p>Los cierres de las diferentes instalaciones afectadas se realizar\u00e1n conforme a la siguiente planificaci\u00f3n:<br \/><strong>El Recorrido Negro y \u201cPutting Green de arriba\u201d<\/strong><br \/>Permanecer\u00e1 cerrado del lunes 29 de septiembre al martes 14 de octubre, ambos incluidos.<\/p>\n<p><strong>El Recorrido amarillo y pares 3<\/strong><br \/>Permanecer\u00e1 cerrado del s\u00e1bado 4 al martes 14 de octubre, ambos incluidos.<\/p>\n<p><strong>La cancha de pr\u00e1cticas, Putting Greens <\/strong>anexos a la misma, permanecer\u00e1n cerrados desde el domingo 5 hasta la finalizaci\u00f3n del Open.<\/p>\n<p><strong>La zona de approach <\/strong>anexa al campo de pr\u00e1cticas permanecer\u00e1 cerrada desde hoy viernes 26 de septiembre hasta el martes 14 de octubre incluido.<\/p>\n<p><strong>El Sal\u00f3n del chalet social, vestuarios y cuarto de palos, <\/strong>permanecer\u00e1n cerrados desde el s\u00e1bado 4 hasta el lunes 13 de octubre, ambos incluidos.<\/p>\n<p><strong>Las Salas pabell\u00f3n social (sala consejo y bridge)<\/strong> cerradas desde el lunes 29 de septiembre hasta el mi\u00e9rcoles 15 de octubre (ambos inclusive).<\/p>\n<p><strong>CORRESPONDENCIAS DURANTE EL OPEN<\/strong><\/p>\n<p>Con el fin de que, nuestros abonados, puedan seguir jugando al golf en la Comunidad de Madrid, estamos llegando a diferentes acuerdos con diferentes campos, a trav\u00e9s de la Asociaci\u00f3n de campos de Golf de Madrid. A continuaci\u00f3n, tiene a su disposici\u00f3n un enlace con toda la informaci\u00f3n sobre las correspondencias y se incluye al final de la informaci\u00f3n, la tabla donde pueden ver las salidas acordadas con los diferentes campos, precios y condiciones. S<strong>e actualizar\u00e1 en funci\u00f3n de los nuevos acuerdos que se est\u00e1n negociando.\u00a0<\/strong><\/p>\n<p><a href=\"https:\/\/www.ccvm.es\/noticias\/correspondencias-durante-la-celebracion-y-preparacion-del-open\" rel=\"nofollow noopener\" target=\"_blank\"><strong>CORRESPONDENCIAS CLUBES INFORMACION<\/strong><\/a><\/p>\n<p>La reserva de estos greenfees se realizar\u00e1 mediante el sistema de reservas de la misma forma que se tramita una correspondencia con los clubes de Madrid (mediante la APP o WEB), y siendo reservas en firme, no necesitando confirmaci\u00f3n por parte del CCVM. Los horarios que figuran en la tabla, al no coincidir con los horarios del CCVM pueden variar m\u00e1ximo 12 minutos respecto del club de la correspondencia. Se ruega confirmen con el campo horario definitivo (y recorrido en caso de tener varios). Para solicitar hora de salida en RSHECC y RACE deber\u00e1n ponerse en contacto con ellos con 24 horas de antelaci\u00f3n al d\u00eda de la reserva.\u00a0<\/p>\n<p>Los plazos de estas reservas ser\u00e1n los siguientes:<\/p>\n<p>&#8211; Apertura reservas: 7 d\u00edas antes, a las 9:00 horas*.<\/p>\n<p>&#8211; Cierre reservas: 5 d\u00edas antes, a las 14:00 horas*.<\/p>\n<p>* Las correspondencias de la primera semana se ir\u00e1n abriendo conforme se vayan cerrando los acuerdos.<\/p>\n<p>En el momento en que todas las correspondencias de un campo hayan sido reservadas, \u00e9ste desaparecer\u00e1 del sistema de reservas.<\/p>\n<p>En caso de no poder acudir a una reserva realizada o de necesitar modificar alg\u00fan componente de la misma, deber\u00e1 llamar a la Oficina del CCVM (915502010 \u2013 GOLF) en horario de apertura de \u00e9sta, o mandar un correo electr\u00f3nico a correspondenciasgolf@ccvm.es con una antelaci\u00f3n m\u00ednima de 72 horas previas a la reserva. La<strong> incomparecencia, <\/strong>por cualquier motivo, a una reserva de correspondencia, o la falta de comunicaci\u00f3n al CCVM de la no asistencia o cambio de componentes, en las condiciones descritas anteriormente, <strong>implicar\u00e1 la sanci\u00f3n de 30 d\u00edas sin poder realizar ninguna otra correspondencia.<\/strong><\/p>\n<p><strong>SORTEO INVITACIONES PARA EL PRO-AM DEL OPEN DE ESPA\u00d1A<\/strong>\u00a0<\/p>\n<p>El mi\u00e9rcoles 8 de octubre se celebrar\u00e1 el Pro-Am del \u201cOpen de Espa\u00f1a \u00a0presented by Madrid 2025\u201d.\u00a0<\/p>\n<p>El Club, a trav\u00e9s del acuerdo cerrado con la empresa MTP, organizadora del evento, dispone de 12 invitaciones para el mismo. Estas plazas ser\u00e1n sorteadas entre los abonados interesados en participar en el mismo. Para inscribirse, deber\u00e1 acceder al siguiente link: <a href=\"https:\/\/www.golfdirecto.com\/embed\/booking?game=68d5237d0dad096a9fe88832&amp;lang=es\" target=\"_blank\" rel=\"nofollow noopener\"><strong>INSCRIPCIONES SORTEO PLAZAS OPENE DE ESPA\u00d1A PRESENTED BY MADRID 2025,<\/strong><\/a><strong> <\/strong>entre el viernes 26 de septiembre a las 0:00 y el martes 30 de septiembre a las 23:59 horas.<\/p>\n<p>El sorteo se realizar\u00e1 abierto al p\u00fablico, el <strong>mi\u00e9rcoles 1 de octubre a las 12:00 horas. <\/strong>Se informar\u00e1 de los ganadores en la web, y mediante correo electr\u00f3nico a los jugadores agraciados).<br \/>\u00a0<\/p>\n","protected":false},"excerpt":{"rendered":"Un a\u00f1o m\u00e1s, el Club tiene el honor de volver a ser sede del Open de Espa\u00f1a 2025&hellip;\n","protected":false},"author":2,"featured_media":140543,"comment_status":"","ping_status":"","sticky":false,"template":"","format":"standard","meta":{"footnotes":""},"categories":[275],"tags":[168,25,24,329,23,167],"class_list":{"0":"post-140542","1":"post","2":"type-post","3":"status-publish","4":"format-standard","5":"has-post-thumbnail","7":"category-golf","8":"tag-deportes","9":"tag-es","10":"tag-espana","11":"tag-golf","12":"tag-spain","13":"tag-sports"},"share_on_mastodon":{"url":"","error":""},"_links":{"self":[{"href":"https:\/\/www.europesays.com\/es\/wp-json\/wp\/v2\/posts\/140542","targetHints":{"allow":["GET"]}}],"collection":[{"href":"https:\/\/www.europesays.com\/es\/wp-json\/wp\/v2\/posts"}],"about":[{"href":"https:\/\/www.europesays.com\/es\/wp-json\/wp\/v2\/types\/post"}],"author":[{"embeddable":true,"href":"https:\/\/www.europesays.com\/es\/wp-json\/wp\/v2\/users\/2"}],"replies":[{"embeddable":true,"href":"https:\/\/www.europesays.com\/es\/wp-json\/wp\/v2\/comments?post=140542"}],"version-history":[{"count":0,"href":"https:\/\/www.europesays.com\/es\/wp-json\/wp\/v2\/posts\/140542\/revisions"}],"wp:featuredmedia":[{"embeddable":true,"href":"https:\/\/www.europesays.com\/es\/wp-json\/wp\/v2\/media\/140543"}],"wp:attachment":[{"href":"https:\/\/www.europesays.com\/es\/wp-json\/wp\/v2\/media?parent=140542"}],"wp:term":[{"taxonomy":"category","embeddable":true,"href":"https:\/\/www.europesays.com\/es\/wp-json\/wp\/v2\/categories?post=140542"},{"taxonomy":"post_tag","embeddable":true,"href":"https:\/\/www.europesays.com\/es\/wp-json\/wp\/v2\/tags?post=140542"}],"curies":[{"name":"wp","href":"https:\/\/api.w.org\/{rel}","templated":true}]}}